{"id":133295,"date":"2012-07-26T12:04:14","date_gmt":"2012-07-26T11:04:14","guid":{"rendered":"https:\/\/middleeasttransparent.com\/manifeste-de-solidarite-avec-le-professeur-kazdaghli-et-les-universitaires-tunisiens\/"},"modified":"2024-01-23T13:08:19","modified_gmt":"2024-01-23T12:08:19","slug":"manifeste-de-solidarite-avec-le-professeur-kazdaghli-et-les-universitaires-tunisiens","status":"publish","type":"post","link":"https:\/\/middleeasttransparent.com\/fr\/manifeste-de-solidarite-avec-le-professeur-kazdaghli-et-les-universitaires-tunisiens\/","title":{"rendered":"Manifeste de solidarit\u00e9 avec le Professeur Kazdaghli et les universitaires tunisiens"},"content":{"rendered":"<p>Chers Amis d\u2019ici et d\u2019ailleurs,<\/p>\n<p>Je vous prie de trouver ci-dessous le texte d\u2019un \u00ab Manifeste de solidarit\u00e9 avec le Professeur Kazdaghli et les universitaires tunisiens \u00bb, ainsi que la Liste de ses premiers signataires. <\/p>\n<p>Ce Manifeste, qui a \u00e9t\u00e9 initi\u00e9 par Robert Zittoun, Professeur \u00e9m\u00e9rite \u00e0 l&rsquo;Universit\u00e9 Paris 6, sera rendu public (journaux, remise \u00e0 l&rsquo;Ambassadeur de Tunisie, &#8230;.) au mois d\u2019octobre, peu avant le proc\u00e8s de Habib Kazdaghli, pr\u00e9vu pour le 25 octobre 2012.<\/p>\n<p>Il commence \u00e0 circuler en France, en Europe et ailleurs, parmi les universitaires, les artistes, les cin\u00e9astes, les \u00e9crivains,&#8230;.Si vous \u00eates au diapason de son contenu, je vous invite \u00e0 le diffuser aupr\u00e8s de vos coll\u00e8gues et amis et \u00e0 le signer en envoyant un courriel \u00e0 l\u2019adresse e-mail du Professeur Robert Zittoun (robert.zittoun@club-internet.fr) en indiquant, votre :<\/p>\n<p>Nom, Pr\u00e9nom, Titre ou Fonction et Ville de R\u00e9sidence,<br \/>\npr\u00e9c\u00e9d\u00e9 de la Mention :<\/p>\n<p>\u00ab Je signe le Manifeste de solidarit\u00e9 avec le Professeur Kazdaghli et les universitaires tunisiens \u00bb.<\/p>\n<p>Merci de votre solidarit\u00e9 et bien cordialement,<\/p>\n<p><strong>Salah HORCHANI<br \/>\n<\/strong><\/p>\n<p>\u2026\u2026\u2026\u2026\u2026\u2026\u2026\u2026\u2026\u2026\u2026.<\/p>\n<p><strong><em>Manifeste de solidarit\u00e9 avec le Professeur Kazdaghli et les universitaires tunisiens<br \/>\n<\/strong><\/em><\/p>\n<p>Universitaires, intellectuels, professionnels des sciences, des arts et des lettres, nous soutenons les intellectuels tunisiens engag\u00e9s dans la d\u00e9fense des libert\u00e9s universitaires de leur pays.<\/p>\n<p>Nous partageons leur inqui\u00e9tude, et sommes pr\u00e9occup\u00e9s par les pressions, provocations, et intimidations qui s\u2019exercent \u00e0 l\u2019encontre d\u2019universitaires dans l\u2019exercice de leurs fonctions, et d\u2019artistes exposant leurs \u0153uvres.<\/p>\n<p>Nous avons \u00e9t\u00e9 constern\u00e9s d\u2019apprendre que le Professeur Habib Kazdaghli, Doyen de la Facult\u00e9 des Arts, des Lettres, et des Humanit\u00e9s de l\u2019Universit\u00e9 de Tunis-Manouba, est poursuivi devant les tribunaux et menac\u00e9 d\u2019une lourde peine de prison. Il est accus\u00e9 d\u2019avoir agress\u00e9 une \u00e9tudiante, alors que c\u2019est lui qui a \u00e9t\u00e9 victime d\u2019agressions violant toutes les normes de conduite \u00e0 l\u2019\u00e9gard d\u2019un Professeur et d\u2019un Doyen d\u2019Universit\u00e9, avec des voies de fait confirm\u00e9es par les nombreux t\u00e9moignages qui nous sont parvenus.<\/p>\n<p>Nous exprimons notre pleine solidarit\u00e9 avec tous les universitaires, intellectuels et artistes qui d\u00e9fendent avec force et courage les valeurs des sciences, des humanit\u00e9s, et des arts. La libert\u00e9 d\u2019enseignement, de recherche et de cr\u00e9ation est une condition n\u00e9cessaire \u00e0 une vie universitaire et artistique d\u00e9gag\u00e9e de toute pression politique ou id\u00e9ologique, et constitue une valeur universellement reconnue. Cette libert\u00e9 est n\u00e9cessaire au d\u00e9veloppement et au progr\u00e8s de la soci\u00e9t\u00e9 tunisienne, auxquels elle aspire pacifiquement.<\/p>\n<p><strong>Premiers Signataires :<br \/>\n<\/strong><\/p>\n<p>Jean-Michel Baleyte, Professeur, Psychiatrie de l\u2019enfant, Caen<\/p>\n<p>Patrick Baudry, Sociologue, Professeur des Universit\u00e9s, Bordeaux 3<\/p>\n<p>Sadek Beloucif, M\u00e9decin, Professeur Universit\u00e9 Paris 13<\/p>\n<p>Philippe Bouchard, Professeur d\u2019endocrinologie, H\u00f4pital Saint-Antoine, Paris<\/p>\n<p>Dani\u00e8le Brun, Psychanalyste, Professeur \u00e9m\u00e9rite de l&rsquo;Universit\u00e9 Paris-Diderot<\/p>\n<p>Claude-Arnold Boccara, Dentiste Paris<\/p>\n<p>Ren\u00e9 Bokobza, Ing\u00e9nieur civil Paris<\/p>\n<p>Renato Bensasson, Chercheur CNRS-MNHN, honoraire<\/p>\n<p>Jean-Yves Cahn, Professeur, Clinique Universitaire d&rsquo;H\u00e9matologie, CHU Grenoble<\/p>\n<p>Joel Ceccaldi, H\u00e9matologue des H\u00f4pitaux<\/p>\n<p>Christiane Charmasson, Psychiatre-psychanalyste<\/p>\n<p>Genevi\u00e8ve Delzant, Professeur de M\u00e9decine Interne, Paris<\/p>\n<p>Patrick Donab\u00e9dian, Professeur \u00e0 l\u2019Universit\u00e9 d\u2019Aix-Marseille<\/p>\n<p>Josu\u00e9 Feingold, Directeur de Recherche \u00e9merite Inserm<\/p>\n<p>Nicole Feingold, Chercheur de recherche Honoraire Inserm<\/p>\n<p>Arlette Fellous, Chercheur \u00e9merite, Inserm<\/p>\n<p>Marc Fellous, Professeur \u00e9m\u00e9rite, Hopital Cochin, Paris<\/p>\n<p>Eric Fiat, Philosophe, Universit\u00e9 Paris-Est Marne-la-Vall\u00e9e<\/p>\n<p>Sonia Gallico, Historienne, Rome, Italie<\/p>\n<p>Michel Geoffroy, M\u00e9decin, philosophe<\/p>\n<p>Roland Gori, Professeur \u00e9m\u00e9rite Universit\u00e9 d&rsquo;Aix Marseille, psychanalyste<\/p>\n<p>Corinne Haioun, H\u00e9matologue, Professeur facult\u00e9 de m\u00e9decine de Cr\u00e9teil<\/p>\n<p>Fran\u00e7oise H\u00e9ritier, Anthropologue, Professeur Honoraire au Coll\u00e8ge de France<\/p>\n<p>Norbert Ifrah, Pr\u00e9sident de la 47\u00e8me section du Conseil National Universitaire<\/p>\n<p>Albert Jacquard, G\u00e9n\u00e9ticien, \u00e9crivain<\/p>\n<p>Axel Kahn, G\u00e9n\u00e9ticien, Pr\u00e9sident honoraire de l\u2019Universit\u00e9 Ren\u00e9-Descartes<\/p>\n<p>Malek Kamoun, MD, Professeur de pathologie, Philadelphie, USA<\/p>\n<p>Gabriel Laury, Psychiatre, New-York<\/p>\n<p>Dominique Lecourt, Philosophe, Professeur \u00e9m\u00e9rite \u00e0 l\u2019Universit\u00e9 Paris Diderot<\/p>\n<p>Violette Lefi, Avocate, Maire adjointe charg\u00e9e de la culture, Paris 12<\/p>\n<p>Axel Kahn, G\u00e9n\u00e9ticien, Pr\u00e9sident honoraire de l\u2019Universit\u00e9 Ren\u00e9-Descartes<\/p>\n<p>Malek Kamoun, MD, Professeur de pathologie, Philadelphie, USA<\/p>\n<p>Gabriel Laury, Psychiatre, New-York<\/p>\n<p>Dominique Lecourt, Philosophe, Professeur \u00e9m\u00e9rite \u00e0 l\u2019Universit\u00e9 Paris Diderot<\/p>\n<p>Violette Lefi, Avocate, Maire adjointe charg\u00e9e de la culture, Paris 12\u00e8me<\/p>\n<p>David Machover, Professeur de Canc\u00e9rologie, H\u00f4pital Paul-Brousse, Villejuif<\/p>\n<p>Daniel Martin, Consul Honoraire de la R\u00e9publique de Vanuatu en France<\/p>\n<p>Bernard No\u00ebl, \u00c9crivain<\/p>\n<p>Benoit Polack, H\u00e9matologue, Professeur au CHU de Grenoble<\/p>\n<p>Henri Rochant, Professeur \u00e9m\u00e9rite de la facult\u00e9 de m\u00e9decine de Cr\u00e9teil<\/p>\n<p>Simon Schraub, Canc\u00e9rologue, Professeur \u00e9m\u00e9rite Universit\u00e9 de Strasbourg<\/p>\n<p>Claude Seys, Psychologue clinicienne, Fr\u00e9jus<\/p>\n<p>Didier Sicard, Pr\u00e9sident honoraire du Comit\u00e9 Consultatif National d\u2019\u00c9thique<\/p>\n<p>Jean-Jacques Sotto, Professeur \u00e9m\u00e9rite d\u2019H\u00e9matologie, CHU de Grenoble<\/p>\n<p>Jean-Claude Soufir, M\u00e9decin, h\u00f4pital Cochin, Paris<\/p>\n<p>Salvatore Spezial, Dipartimento Storia Culture e Religioni, La Sapienza, Roma, Italie<\/p>\n<p>G\u00e9rard Soci\u00e9, M\u00e9decin, Pr\u00e9sident de la Soci\u00e9t\u00e9 Fran\u00e7aise d\u2019H\u00e9matologie<\/p>\n<p>Fran\u00e7oise Valensi, Ma\u00eetre de Conf\u00e9rences-Praticien Hospitalier, retrait\u00e9e<\/p>\n<p>Lucia Valenzi, Historienne, Universit\u00e9 de Naples Federico II<\/p>\n<p>Robert Zittoun , H\u00e9matologue, Professeur \u00e9m\u00e9rite Universit\u00e9 Paris 6<\/p>\n<p>Yasmine Zuily, Professeur \u00e9m\u00e9rite, Universit\u00e9 Paris-Est, Cr\u00e9teil<\/p>\n","protected":false},"excerpt":{"rendered":"<p>Chers Amis d\u2019ici et d\u2019ailleurs, Je vous prie de trouver ci-dessous le texte d\u2019un \u00ab Manifeste de solidarit\u00e9 avec le Professeur Kazdaghli et les universitaires tunisiens \u00bb, ainsi que la Liste de ses premiers signataires. Ce Manifeste, qui a \u00e9t\u00e9 initi\u00e9 par Robert Zittoun, Professeur \u00e9m\u00e9rite \u00e0 l&rsquo;Universit\u00e9 Paris 6, sera rendu public (journaux, remise<\/p>\n","protected":false},"author":1,"featured_media":0,"comment_status":"closed","ping_status":"closed","sticky":false,"template":"","format":"standard","meta":{"_uf_show_specific_survey":0,"_uf_disable_surveys":false,"footnotes":""},"categories":[],"tags":[],"class_list":["post-133295","post","type-post","status-publish","format-standard"],"aioseo_notices":[],"_links":{"self":[{"href":"https:\/\/middleeasttransparent.com\/fr\/wp-json\/wp\/v2\/posts\/133295","targetHints":{"allow":["GET"]}}],"collection":[{"href":"https:\/\/middleeasttransparent.com\/fr\/wp-json\/wp\/v2\/posts"}],"about":[{"href":"https:\/\/middleeasttransparent.com\/fr\/wp-json\/wp\/v2\/types\/post"}],"author":[{"embeddable":true,"href":"https:\/\/middleeasttransparent.com\/fr\/wp-json\/wp\/v2\/users\/1"}],"replies":[{"embeddable":true,"href":"https:\/\/middleeasttransparent.com\/fr\/wp-json\/wp\/v2\/comments?post=133295"}],"version-history":[{"count":0,"href":"https:\/\/middleeasttransparent.com\/fr\/wp-json\/wp\/v2\/posts\/133295\/revisions"}],"wp:attachment":[{"href":"https:\/\/middleeasttransparent.com\/fr\/wp-json\/wp\/v2\/media?parent=133295"}],"wp:term":[{"taxonomy":"category","embeddable":true,"href":"https:\/\/middleeasttransparent.com\/fr\/wp-json\/wp\/v2\/categories?post=133295"},{"taxonomy":"post_tag","embeddable":true,"href":"https:\/\/middleeasttransparent.com\/fr\/wp-json\/wp\/v2\/tags?post=133295"}],"curies":[{"name":"wp","href":"https:\/\/api.w.org\/{rel}","templated":true}]}}