{"id":133278,"date":"2012-07-24T11:12:57","date_gmt":"2012-07-24T10:12:57","guid":{"rendered":"https:\/\/middleeasttransparent.com\/appel-pour-un-printemps-des-chretiens-arabes\/"},"modified":"2024-01-23T13:08:17","modified_gmt":"2024-01-23T12:08:17","slug":"appel-pour-un-printemps-des-chretiens-arabes","status":"publish","type":"post","link":"https:\/\/middleeasttransparent.com\/fr\/appel-pour-un-printemps-des-chretiens-arabes\/","title":{"rendered":"Appel pour un \u00ab printemps des chr\u00e9tiens arabes \u00bb"},"content":{"rendered":"<p><strong>Les chr\u00e9tiens sont en danger et ce danger ne provient pas d\u2019une menace ext\u00e9rieure, mais vient de l\u2019int\u00e9rieur m\u00eame de leur communaut\u00e9.<br \/>\n<\/strong><\/p>\n<p>Ce danger est le r\u00e9sultat d\u2019une politique, motiv\u00e9e par des int\u00e9r\u00eats de pouvoir, qui vise \u00e0 les r\u00e9duire du statut de communaut\u00e9 appel\u00e9e, comme l\u2019indique l\u2019Exhortation apostolique, \u00e0 construire avec les autres communaut\u00e9s un avenir de convivialit\u00e9 et de collaboration, au statut de minorit\u00e9 uniquement pr\u00e9occup\u00e9e par ses \u00ab droits \u00bb propres, \u00e0 la recherche d\u2019un \u00ab chef \u00bb providentiel ou d\u2019une puissance ext\u00e9rieure pour assurer sa protection. Cette politique a conduit les chr\u00e9tiens \u00e0 se retrouver aujourd\u2019hui, sans m\u00eame l\u2019avoir choisi, plac\u00e9s sous la \u00ab protection \u00bb de la Syrie et de l\u2019Iran.<\/p>\n<p><strong>Cette politique est dangereuse<\/strong> car elle expose les chr\u00e9tiens au risque d\u2019\u00eatre assimil\u00e9s \u00e0 la derni\u00e8re des dictatures arabes et de se retrouver ainsi cautionnant une r\u00e9pression qui fait aujourd\u2019hui l\u2019objet d\u2019une condamnation quasi unanime dans le monde, et cela sous le pr\u00e9texte fallacieux que la chute de cette dictature \u00abla\u00efque\u00bb, particuli\u00e8rement f\u00e9roce et sanguinaire, dont ils ont par ailleurs pay\u00e9 le prix au cours des quatre derni\u00e8res d\u00e9cennies, pourrait entra\u00eener l\u2019arriv\u00e9e au pouvoir d\u2019extr\u00e9mistes religieux.<\/p>\n<p>Cette politique est \u00e9galement dangereuse car elle les expose au risque de se retrouver en marge de l\u2019histoire qui s\u2019\u00e9crit aujourd\u2019hui dans le monde arabe et de ne pas avoir de r\u00f4le dans ce nouveau monde qui commence \u00e0 \u00e9merger avec le \u00ab printemps arabe \u00bb, et cela au moment o\u00f9 la d\u00e9fense de la dignit\u00e9 humaine, qui est au fondement de nos valeurs chr\u00e9tiennes, est devenue le th\u00e8me principal de cette r\u00e9volution qui a rendu \u00e0 l\u2019individu arabe, longtemps r\u00e9duit au groupe, son autonomie, c\u2019est-\u00e0-dire sa capacit\u00e9 \u00e0 \u00eatre l\u2019artisan de sa propre histoire et \u00e0 participer \u00e0 d\u00e9finir les choix politiques qui l\u2019engagent.<\/p>\n<p>Plus grave encore, cette politique \u00f4te aux chr\u00e9tiens un double m\u00e9rite : le m\u00e9rite d\u2019avoir \u00e9t\u00e9 les premiers dans ce monde arabe \u00e0 se dresser, au nom de la libert\u00e9 et de la justice, contre les dictatures au pouvoir et d\u2019avoir, avec le \u00ab printemps de Beyrouth \u00bb, de 2005 donn\u00e9 le coup d\u2019envoi au \u00ab printemps arabe \u00bb et le m\u00e9rite \u00e9galement d\u2019avoir \u00e9t\u00e9 les premiers en Orient, avec le synode patriarcal maronite de 2006, \u00e0 r\u00e9clamer l\u2019\u00e9tablissement d\u2019un \u00c9tat civil.<\/p>\n<p>Cette politique que r\u00e9sume le projet d\u2019 \u00ab alliance des minorit\u00e9s contre la majorit\u00e9 arabo-musulmane \u00bb touche \u00e0 sa fin avec la chute annonc\u00e9e du r\u00e9gime syrien. Les tenants de ce projet, aujourd\u2019hui au pouvoir, tentent d\u00e9sesp\u00e9r\u00e9ment de le maintenir en vie en exacerbant les tensions communautaires et en cr\u00e9ant un climat de guerre civile qui justifierait la mobilisation communautaire \u00e0 laquelle ils continuent d\u2019\u0153uvrer.<\/p>\n<p><strong>Comment mettre un terme \u00e0 cette effroyable r\u00e9gression qui hypoth\u00e8que notre avenir aussi bien au Liban que dans le monde arabe ?<br \/>\n<\/strong><\/p>\n<p>Il nous faut pour cela op\u00e9rer une v\u00e9ritable r\u00e9volution morale et renouer avec les valeurs qui fondent notre sp\u00e9cificit\u00e9 dans ce monde arabe \u00e0 majorit\u00e9 musulmane en revenant \u00e0 l\u2019essence du message \u00e9vang\u00e9lique qui est d\u2019apprendre aux hommes \u00e0 vivre ensemble et en paix, et en rejetant toute instrumentalisation de la religion visant \u00e0 cr\u00e9er des identit\u00e9s closes qui tr\u00e8s vite se transforment, comme l\u2019a montr\u00e9 l\u2019exp\u00e9rience de la guerre, en \u00ab identit\u00e9s meurtri\u00e8res \u00bb.<\/p>\n<p>Il nous faut aussi avoir le courage de faire le travail de \u00ab purification de la m\u00e9moire \u00bb auquel nous a convi\u00e9s l\u2019Exhortation apostolique d\u00e8s 1997 et reconna\u00eetre notre responsabilit\u00e9 commune, chr\u00e9tiens et musulmans, dans la guerre qui a ravag\u00e9 notre pays, ayant tous \u00e0 un moment ou \u00e0 un autre eu recours aux armes et recherch\u00e9 dans les guerres que nous nous sommes livr\u00e9es l\u2019aide de forces ext\u00e9rieures, renon\u00e7ant de ce fait \u00e0 notre ind\u00e9pendance et \u00e0 notre souverainet\u00e9.<\/p>\n<p>Il nous faut \u00e9galement faire preuve d\u2019intelligence pour comprendre que la richesse d\u2019une communaut\u00e9 ne se mesure pas \u00e0 son poids d\u00e9mographique, \u00e0 sa repr\u00e9sentation au sein de l\u2019appareil d\u2019\u00c9tat ou \u00e0 la puissance \u00e9conomique dont elle dispose, mais au message dont elle est porteuse dans le monde au sein duquel elle \u00e9volue. La place privil\u00e9gi\u00e9e que les chr\u00e9tiens du Machrek ont occup\u00e9e dans le monde arabe provient essentiellement du r\u00f4le qu\u2019ils ont jou\u00e9 \u00e0 partir du XIXe si\u00e8cle dans la Nahda arabe. Ils la doivent \u00e0 Nassif Yazigi, \u00e0 Boutros Boustany, \u00e0 Gebran Khalil Gebran et beaucoup d\u2019autres. Ils la doivent \u00e9galement \u00e0 leurs \u00e9coles, leurs universit\u00e9s, leurs imprimeries et leurs journaux.<\/p>\n<p>Il nous faut en fin r\u00e9habiliter la politique r\u00e9duite aujourd\u2019hui \u00e0 n\u2019\u00eatre qu\u2019une simple lutte pour le pouvoir o\u00f9 tous les coups sont permis et o\u00f9 les choix politiques n\u2019ont plus pour finalit\u00e9 que de permettre \u00e0 ceux qui sont engag\u00e9s dans cette lutte d\u00e9mente de marquer des points face \u00e0 leurs adversaires. Pour cela, il faut redonner la priorit\u00e9 \u00e0 l\u2019individu sur le groupe et mettre un terme \u00e0 cette \u00ab peur de l\u2019autre \u00bb utilis\u00e9e dans les luttes pour le pouvoir en donnant \u00e0 l\u2019\u00c9tat, et \u00e0 l\u2019\u00c9tat seul, la t\u00e2che d\u2019assurer la protection de chacun et de tous.<\/p>\n<p>C\u2019est en mettant un terme \u00e0 cette r\u00e9gression communautaire, qui a remis en question notre r\u00f4le historique au Liban et dans la r\u00e9gion, que nous pourrons red\u00e9finir le message chr\u00e9tien et apporter notre contribution propre \u00e0 ce changement historique qu\u2019annonce le printemps arabe.<\/p>\n<p><strong>Ce message est fondamentalement un message de paix :<br \/>\n<\/strong><\/p>\n<p>\u2022 un message de paix en direction de tous les Libanais pour faire de la chute annonc\u00e9e du r\u00e9gime syrien, qui porte une lourde responsabilit\u00e9 dans les guerres qui ont ensanglant\u00e9 le Liban, le point de d\u00e9part d\u2019une paix permanente ;<\/p>\n<p>\u2022 un message de paix en direction des chr\u00e9tiens pour tourner la page des querelles intestines et \u0153uvrer \u00e0 l\u2019union entre nos \u00c9glises pour former cette \u00ab \u00c9glise des Arabes \u00bb dont a parl\u00e9 le P. Youakim Moubarak, qui pourrait collaborer avec l\u2019islam \u00e0 la r\u00e9novation de l\u2019Orient chr\u00e9tien et musulman ;<\/p>\n<p>\u2022 un message de paix en direction des sunnites et des chiites pour mettre un terme \u00e0 un conflit qui hypoth\u00e8que notre avenir \u00e0 tous et qui menace le monde arabe d\u2019une v\u00e9ritable guerre civile. C\u2019est notre responsabilit\u00e9 en tant que chr\u00e9tiens d\u2019\u0153uvrer \u00e0 r\u00e9tablir la paix entre les diff\u00e9rentes composantes de l\u2019islam et de r\u00e9fl\u00e9chir avec elles sur les moyens de promouvoir dans le monde arabe une \u00ab voie arabe \u00bb vers la d\u00e9mocratie ;<\/p>\n<p>\u2022 un message de paix en direction de nos fr\u00e8res syriens qui luttent aujourd\u2019hui pour leur dignit\u00e9 et leur libert\u00e9 pour r\u00e9fl\u00e9chir ensemble \u00e0 un nouveau Machrek arabe, un \u00ab Machrek du vivre-ensemble \u00bb entre les peuples qui le constituent et dont la diversit\u00e9 religieuse et ethnique doit \u00eatre une source de richesse pour chacun et pour tous, un Machrek ouvert sur le monde, capable de renouer avec la tradition historique de la Renaissance arabe et de constituer un p\u00f4le de renouvellement pour l\u2019ensemble du monde arabe.<\/p>\n<p>Sur base de ce qui pr\u00e9c\u00e8de, et en pr\u00e9paration \u00e0 la visite que doit effectuer le pape Beno\u00eet XVI au Liban en septembre prochain, il devient imp\u00e9ratif de travailler \u00e0 une charte chr\u00e9tienne qui jetterait les bases d\u2019un \u00ab printemps des chr\u00e9tiens arabes \u00bb et d\u00e9finirait leur r\u00f4le dans la promotion de la paix et du vivre-ensemble dans cette p\u00e9riode de changement historique que conna\u00eet le monde arabe.<\/p>\n<p><strong>Samir FRANGI\u00c9, ancien d\u00e9put\u00e9<br \/>\n<\/strong><\/p>\n<p><a href=\"http:\/\/www.lorientlejour.com\/category\/Liban\/article\/769976\/Appel_pour_un_%3C%3C+printemps_des_chretiens_arabes+%3E%3E_.html\">L&rsquo;Orient-Le Jour<\/a><\/p>\n<p><a href=\"http:\/\/www.middleeasttransparent.com\/spip.php?page=article&#038;id_article=18988&#038;lang=fr\">\u202bMgr Mario Zenari\u00a0: v\u00e9rit\u00e9 et d\u00e9sinformation sur la pers\u00e9cution des Chr\u00e9tiens de Syrie\u202c<br \/>\n<\/a><\/p>\n","protected":false},"excerpt":{"rendered":"<p>Les chr\u00e9tiens sont en danger et ce danger ne provient pas d\u2019une menace ext\u00e9rieure, mais vient de l\u2019int\u00e9rieur m\u00eame de leur communaut\u00e9. Ce danger est le r\u00e9sultat d\u2019une politique, motiv\u00e9e par des int\u00e9r\u00eats de pouvoir, qui vise \u00e0 les r\u00e9duire du statut de communaut\u00e9 appel\u00e9e, comme l\u2019indique l\u2019Exhortation apostolique, \u00e0 construire avec les autres communaut\u00e9s<\/p>\n","protected":false},"author":1,"featured_media":0,"comment_status":"closed","ping_status":"closed","sticky":false,"template":"","format":"standard","meta":{"_uf_show_specific_survey":0,"_uf_disable_surveys":false,"footnotes":""},"categories":[],"tags":[],"class_list":["post-133278","post","type-post","status-publish","format-standard"],"aioseo_notices":[],"_links":{"self":[{"href":"https:\/\/middleeasttransparent.com\/fr\/wp-json\/wp\/v2\/posts\/133278","targetHints":{"allow":["GET"]}}],"collection":[{"href":"https:\/\/middleeasttransparent.com\/fr\/wp-json\/wp\/v2\/posts"}],"about":[{"href":"https:\/\/middleeasttransparent.com\/fr\/wp-json\/wp\/v2\/types\/post"}],"author":[{"embeddable":true,"href":"https:\/\/middleeasttransparent.com\/fr\/wp-json\/wp\/v2\/users\/1"}],"replies":[{"embeddable":true,"href":"https:\/\/middleeasttransparent.com\/fr\/wp-json\/wp\/v2\/comments?post=133278"}],"version-history":[{"count":0,"href":"https:\/\/middleeasttransparent.com\/fr\/wp-json\/wp\/v2\/posts\/133278\/revisions"}],"wp:attachment":[{"href":"https:\/\/middleeasttransparent.com\/fr\/wp-json\/wp\/v2\/media?parent=133278"}],"wp:term":[{"taxonomy":"category","embeddable":true,"href":"https:\/\/middleeasttransparent.com\/fr\/wp-json\/wp\/v2\/categories?post=133278"},{"taxonomy":"post_tag","embeddable":true,"href":"https:\/\/middleeasttransparent.com\/fr\/wp-json\/wp\/v2\/tags?post=133278"}],"curies":[{"name":"wp","href":"https:\/\/api.w.org\/{rel}","templated":true}]}}