{"id":133245,"date":"2012-07-20T10:57:15","date_gmt":"2012-07-20T09:57:15","guid":{"rendered":"https:\/\/middleeasttransparent.com\/syrie-un-mini-etat-alaouite-lultime-recours-pour-assad\/"},"modified":"2024-01-23T13:08:15","modified_gmt":"2024-01-23T12:08:15","slug":"syrie-un-mini-etat-alaouite-lultime-recours-pour-assad","status":"publish","type":"post","link":"https:\/\/middleeasttransparent.com\/fr\/syrie-un-mini-etat-alaouite-lultime-recours-pour-assad\/","title":{"rendered":"Syrie: \u00abUn mini-\u00c9tat alaouite, l&rsquo;ultime recours pour Assad\u00bb"},"content":{"rendered":"<p><strong>INTERVIEW<\/strong>&#8211; Pour l&rsquo;universitaire Fabrice Balanche, directeur du groupe de recherches et d&rsquo;\u00e9tudes sur la M\u00e9diterran\u00e9e et le Moyen-Orient \u00e0 l&rsquo;universit\u00e9 Lyon-II, le clan Assad pourrait se replier dans son fief alaouite en cas de perte du pouvoir \u00e0 Damas.<\/p>\n<p><strong>LE FIGARO. &#8211; La riposte du r\u00e9gime peut-elle r\u00e9ussir?<br \/>\n<\/strong><\/p>\n<p>Fabrice BALANCHE. &#8211; Le r\u00e9gime en col\u00e8re cherche \u00e0 se venger. L&rsquo;attentat de mercredi a perturb\u00e9 ses plans. Les forces de s\u00e9curit\u00e9 venaient de lancer l&rsquo;attaque sur les quartiers p\u00e9riph\u00e9riques de Damas pour emp\u00eacher les rebelles de passer \u00e0 l&rsquo;offensive, comme ils pr\u00e9voyaient de le faire pendant le ramadan, qui commence ce vendredi. Il faut bien comprendre la charge symbolique de ce mois. C&rsquo;est une p\u00e9riode o\u00f9 l&rsquo;on peut galvaniser les gens au nom de l&rsquo;islam. Le r\u00e9gime savait que de plus en plus d&rsquo;armes parvenaient aux insurg\u00e9s. Il devait reprendre l&rsquo;offensive. Il cherche maintenant \u00e0 repousser les rebelles dans les villages de la Ghouta, plus loin de Damas. Mais il n&rsquo;arrivera pas \u00e0 reprendre l&rsquo;ensemble des quartiers p\u00e9riph\u00e9riques. Il lui faut absolument conjurer la pr\u00e9diction de l&rsquo;\u00e9mir du Qatar, qui avait promis de venir f\u00eater l&rsquo;A\u00efd \u00e0 Damas pour la fin du ramadan. L&rsquo;\u00e9mir a \u00e9chou\u00e9 l&rsquo;an dernier. Mais cette ann\u00e9e, qui sait?<\/p>\n<p><strong>Assad est-il condamn\u00e9 \u00e0 court terme?<br \/>\n<\/strong><\/p>\n<p>Le pouvoir est fortement \u00e9branl\u00e9, mais il n&rsquo;est pas bris\u00e9. La grosse perte pour lui est \u00e9videmment Assef Shawkat, m\u00eame si le beau-fr\u00e8re de Bachar ne faisait pas l&rsquo;unanimit\u00e9 dans la famille Assad. Turkmani et Bakhtiar, qui ont \u00e9t\u00e9 tu\u00e9 ou bless\u00e9 dans l&rsquo;attentat, sont des sunnites. Les rebelles &#8211; sunnites eux aussi &#8211; ont r\u00e9ussi \u00e0 les cibler: cela risque d&rsquo;encourager les d\u00e9fections parmi les responsables sunnites de haut rang, qui auront peur de se faire assassiner \u00e0 leur tour. Cela peut \u00e9galement pousser \u00e0 la d\u00e9fection des officiers sunnites, qui ont \u00e9t\u00e9 marginalis\u00e9s pendant des ann\u00e9es et sont frustr\u00e9s. Et finalement cela pourrait contraindre le r\u00e9gime \u00e0 se recentrer sur son noyau dur alaouite.<\/p>\n<p><img3088|center><\/p>\n<p><a href=\"http:\/\/www.lefigaro.fr\/international\/2012\/07\/19\/01003-20120719ARTFIG00540-syrie-un-mini-etat-alaouite-l-ultime-recours-pour-assad.php\">Suite..<\/a><\/p>\n","protected":false},"excerpt":{"rendered":"<p>INTERVIEW&#8211; Pour l&rsquo;universitaire Fabrice Balanche, directeur du groupe de recherches et d&rsquo;\u00e9tudes sur la M\u00e9diterran\u00e9e et le Moyen-Orient \u00e0 l&rsquo;universit\u00e9 Lyon-II, le clan Assad pourrait se replier dans son fief alaouite en cas de perte du pouvoir \u00e0 Damas. LE FIGARO. &#8211; La riposte du r\u00e9gime peut-elle r\u00e9ussir? Fabrice BALANCHE. &#8211; Le r\u00e9gime en col\u00e8re<\/p>\n","protected":false},"author":1,"featured_media":0,"comment_status":"closed","ping_status":"closed","sticky":false,"template":"","format":"standard","meta":{"_uf_show_specific_survey":0,"_uf_disable_surveys":false,"footnotes":""},"categories":[],"tags":[],"class_list":["post-133245","post","type-post","status-publish","format-standard"],"aioseo_notices":[],"_links":{"self":[{"href":"https:\/\/middleeasttransparent.com\/fr\/wp-json\/wp\/v2\/posts\/133245","targetHints":{"allow":["GET"]}}],"collection":[{"href":"https:\/\/middleeasttransparent.com\/fr\/wp-json\/wp\/v2\/posts"}],"about":[{"href":"https:\/\/middleeasttransparent.com\/fr\/wp-json\/wp\/v2\/types\/post"}],"author":[{"embeddable":true,"href":"https:\/\/middleeasttransparent.com\/fr\/wp-json\/wp\/v2\/users\/1"}],"replies":[{"embeddable":true,"href":"https:\/\/middleeasttransparent.com\/fr\/wp-json\/wp\/v2\/comments?post=133245"}],"version-history":[{"count":0,"href":"https:\/\/middleeasttransparent.com\/fr\/wp-json\/wp\/v2\/posts\/133245\/revisions"}],"wp:attachment":[{"href":"https:\/\/middleeasttransparent.com\/fr\/wp-json\/wp\/v2\/media?parent=133245"}],"wp:term":[{"taxonomy":"category","embeddable":true,"href":"https:\/\/middleeasttransparent.com\/fr\/wp-json\/wp\/v2\/categories?post=133245"},{"taxonomy":"post_tag","embeddable":true,"href":"https:\/\/middleeasttransparent.com\/fr\/wp-json\/wp\/v2\/tags?post=133245"}],"curies":[{"name":"wp","href":"https:\/\/api.w.org\/{rel}","templated":true}]}}