{"id":133077,"date":"2012-07-15T21:08:00","date_gmt":"2012-07-15T20:08:00","guid":{"rendered":"https:\/\/middleeasttransparent.com\/mgr-mario-zenari-verite-et-desinformation-sur-la-persecution-des-chretiens-de-syrie\/"},"modified":"2024-04-13T18:56:08","modified_gmt":"2024-04-13T17:56:08","slug":"mgr-mario-zenari-verite-et-desinformation-sur-la-persecution-des-chretiens-de-syrie","status":"publish","type":"post","link":"https:\/\/middleeasttransparent.com\/fr\/mgr-mario-zenari-verite-et-desinformation-sur-la-persecution-des-chretiens-de-syrie\/","title":{"rendered":"\u202bMgr Mario Zenari: v\u00e9rit\u00e9 et d\u00e9sinformation sur la pers\u00e9cution des Chr\u00e9tiens de Syrie\u202c"},"content":{"rendered":"<p><strong>Source bien inform\u00e9e<br \/>\n<\/strong><\/p>\n<p>Chers amis qui \u00eates attentifs \u00e0 la situation des chr\u00e9tiens d&rsquo;Orient. Je reviens de Rome, o\u00f9 j&rsquo;ai assist\u00e9 \u00e0 la r\u00e9union annuelle des Associations d&rsquo;aide catholiques aux chr\u00e9tiens du Proche-Orient ROACO). Nous avons eu hier une rencontre avec le Pape, qui a lanc\u00e9 un appel en faveur de la paix en Syrie. Vous en trouverez un bon compterendu dans cet article de La Croix :<\/p>\n<p>http:\/\/www.la-croix.com\/Religion\/Urbi-Orbi\/Rome\/Benoit-XVI-s-inquiete-d-une-generalisation-du-conflit-syrien-_NP_-2012-06-21-821515<\/p>\n<p>La veille, nous avions rencontr\u00e9 toute la matin\u00e9e <strong>Mgr Mario Zenari, nonce apostolique \u00e0 Damas<\/strong>, \u00e9voqu\u00e9 aussi dans cet article, avec lequel nous avons eu un \u00e9change passionnant et tr\u00e8s \u00e9clairant. Mgr Zenari est un de ces grands formats de la diplomatie vaticane, \u00e0 l&rsquo;information extr\u00eamement dense et aux jugements nuanc\u00e9s. Il fut en poste pr\u00e9c\u00e9demment en C\u00f4te d&rsquo;Ivoire et au Sri Lanka, c&rsquo;est dire s&rsquo;il peut appr\u00e9cier les dynamiques perverses \u00e0 l&rsquo;\u0153uvre dans des pays qui sont en proie \u00e0 un processus de guerre civile. S&rsquo;agissant de la Syrie, il nous en a dit beaucoup plus que ce qu&rsquo;a retenu l&rsquo;article de La Croix \u00e0 partir d&rsquo;une br\u00e8ve interview sur Radio-Vatican. Je soulignerai quelques points sur lesquels j&rsquo;attire votre attention et dont vous pouvez relayer la substance :<\/p>\n<p>1\u00b0) <strong>L&rsquo;insurrection est une vraie insurrection populaire, contre un r\u00e9gime dictatorial sanglant<\/strong> ayant favoris\u00e9 depuis longtemps un r\u00e9seau de corruption \u00e9hont\u00e9 et ayant contin\u00fbment brim\u00e9 les libert\u00e9s individuelles. Elle n&rsquo;\u00e9tait cependant pas attendue, car la situation \u00e9conomique \u00e9tait plut\u00f4t satisfaisante, compar\u00e9e \u00e0 celle de pays voisins, et certains progr\u00e8s avaient \u00e9t\u00e9 enregistr\u00e9s dans le sens d&rsquo;une moins grande f\u00e9rocit\u00e9 du r\u00e9gime.<\/p>\n<p>2\u00b0) Qu&rsquo;il y ait des \u00e9l\u00e9ments salafistes et \u00e9trangers infiltr\u00e9s dans l&rsquo;insurrection, cela ne fait pas l&rsquo;ombre d&rsquo;un doute. <strong>Mais dans leur majorit\u00e9, les cadres de l&rsquo;insurrection ne sont pas radicaux et certainement pas anti-chr\u00e9tiens<\/strong>. Mgr Zenari a continu\u00e9 et continue \u00e0 avoir avec eux d&rsquo;excellentes relations.<\/p>\n<p>3\u00b0) <strong>Il n&rsquo;y a pas de chasse syst\u00e9matique aux chr\u00e9tiens de la part des insurg\u00e9s<\/strong>. M\u00eame \u00e0 Homs ou \u00e0 Qusayr, o\u00f9 la situation extr\u00eamement critique est due aussi \u00e0 des probl\u00e8mes de rivalit\u00e9s inter-tribales voire maffieuses qui ne datent pas d&rsquo;hier. Des chr\u00e9tiens ont \u00e9t\u00e9 victimes de bombardements ou d&rsquo;escarmouches, comme beaucoup de sunnites ou d&rsquo;alaouites, mais ils n&rsquo;\u00e9taient pas cibl\u00e9s comme chr\u00e9tiens. Aucun sanctuaire chr\u00e9tien n&rsquo;a \u00e9t\u00e9 attaqu\u00e9 en tant que tel. Mgr Zenari confirme que la rh\u00e9torique alarmiste que certains hi\u00e9rarques (comme Mgr Jeanbart d&rsquo;Alep, et m\u00eame, h\u00e9las, le patriarche grec-melkite-catholique Gregorios III) ou religieu(se)s (comme M\u00e8re Agn\u00e8s-Mariam de la Croix) pr\u00e9tendant que les chr\u00e9tiens sont traqu\u00e9s par les forces r\u00e9volutionnaires qui veulent leur \u00e9radication <strong>proc\u00e8de de la d\u00e9sinformation. Certaines personnalit\u00e9s eccl\u00e9siales sont manifestement stipendi\u00e9es ou manipul\u00e9es par le r\u00e9gime<\/strong> pour attiser les rumeurs le pr\u00e9sentant comme le seul d\u00e9fenseur de la minorit\u00e9 chr\u00e9tienne et soulever le spectre d&rsquo;un sc\u00e9nario \u00e0 l&rsquo;irakienne. Leur attitude confine \u00e0 la collaboration, qu&rsquo;ils pourraient payer tr\u00e8s cher.<\/p>\n<p>4\u00b0) Mgr Zenari nous a donn\u00e9 maints exemples d&rsquo;extraordinaires actes de solidarit\u00e9 entre chr\u00e9tiens et musulmans au plus fort de la tourmente. Il pr\u00e9cise que loin d&rsquo;\u00eatre \u00ab\u00a0pers\u00e9cut\u00e9s\u00a0\u00bb, les chr\u00e9tiens, du moins jusqu&rsquo;\u00e0 pr\u00e9sent, sont plut\u00f4t respect\u00e9s et m\u00e9nag\u00e9s, tant par l&rsquo;arm\u00e9e que par les forces insurrectionnelles. Il suffit d&rsquo;\u00eatre reconnu comme chr\u00e9tien \u00e0 un barrage ou \u00e0 un check point pour \u00e9viter toute difficult\u00e9 majeure.<\/p>\n<p>5\u00b0) Les membres de la ROACO et la hi\u00e9rarchie catholique attirent l&rsquo;attention sur l&rsquo;activisme du <strong>pr\u00e9tendu Mgr Philippe Tournyol Clos<\/strong>, \u00ab\u00a0\u00e9v\u00eaque de l&rsquo;Eglise grecque-melkite-catholique\u00a0\u00bb, dont \u00e9norm\u00e9ment de m\u00e9dias ont relay\u00e9 \u00ab\u00a0une mission en Syrie\u00a0\u00bb au terme de laquelle il d\u00e9nonce le caract\u00e8re islamiste de l&rsquo;insurrection, les massacres syst\u00e9matiques des chr\u00e9tiens , la d\u00e9sinformation \u00e0 l&rsquo;\u0153uvre dans les m\u00e9dias internationaux (voir par exemple :<\/p>\n<p>http:\/\/www.diatala.org\/article-syrie-mgr-tournyol-clos-les-dits-liberateurs-mercenaires-detruisent-les-eglises-et-egorgent-les-106443119.html)<\/p>\n<p>Mgr Tournyol Clos en appelle pour sa part au \u00ab\u00a0parler vrai \u00a0\u00bb et \u00e0 la d\u00e9nonciation du g\u00e9nocide dont seraient victimes les chr\u00e9tiens de Syrie. <em>LE SAINT-SIEGE PRECISE QUE CE PERSONNAGE N&rsquo;EST ABSOLUMENT PAS MEMBRE DE LA HIERARCHIE CATHOLIQUE, IL N&rsquo;A DROIT A AUCUN DES TITRES DONT IL SE REVENDIQUE. Ses all\u00e9gations sont fausses et manipul\u00e9es. Il est tout sauf un repr\u00e9sentant du \u00ab\u00a0parler vrai\u00a0\u00bb. <strong>Le nonce l&rsquo;a rencontr\u00e9 \u00e0 Damas, rev\u00eatu d&rsquo;habits eccl\u00e9siastiques usurp\u00e9s&#8230; Le personnage lui a avou\u00e9 ne s&rsquo;\u00eatre jamais rendu \u00e0 Homs<\/strong> alors qu&rsquo;il pr\u00e9tend avoir \u00e9t\u00e9 t\u00e9moin oculaire de la chasse aux chr\u00e9tiens. Pendant la r\u00e9union de la Roaco, <strong>Mgr Gollnisch, directeur de l&rsquo;\u0152uvre d&rsquo;Orient, a re\u00e7u un appel d&rsquo;urgence des j\u00e9suites de Homs lui demandant d&rsquo;intervenir aupr\u00e8s du St-Si\u00e8ge et de l&rsquo;Agence Fides, qui a reproduit les propos du pseudo Mgr Tournyol, car ceux-ci mettaient en danger les j\u00e9suites<\/strong> qui ont toujours tenu \u00e0 maintenir le dialogue entre toutes les communaut\u00e9s. En fait, <strong>ledit Tournyol est un transfuge des milieux catholiques int\u00e9gristes et d&rsquo;extr\u00eame-droite<\/strong>, inconnu au bataillon de tous ceux qui ont une bonne connaissance et une longue fr\u00e9quentation des chr\u00e9tiens d&rsquo;Orient. Il est important de relayer d\u00e8s que vous le pouvez cette information et de d\u00e9masquer l&rsquo;imposture repr\u00e9sent\u00e9e par Tournyol Clos. Un petit d\u00e9tour sur le site officiel http:\/\/www.catholic-hierarchy.org\/bishop\/ donnant la liste des \u00e9v\u00eaques de l&rsquo;Eglise catholique vous convaincra que ce personnage en est absent. Voil\u00e0 encore un exemple frappant de manipulation venant de cercles douteux \u00e0 propos de la situation en Syrie. <strong>L&rsquo;Oeuvre d&rsquo;Orient ne devrait d&rsquo;ailleurs pas tarder \u00e0 diffuser un communiqu\u00e9 de presse.<\/strong> <\/em><\/p>\n<p>6\u00b0) Concernant notre ami<strong> le P\u00e8re Paolo Dall&rsquo;Oglio<\/strong>, oblig\u00e9 de quitter le pays par ordre de son \u00e9v\u00eaque, il faut savoir que cette mesure ne repr\u00e9sente pas un d\u00e9saveu de son action par le St-Si\u00e8ge. Seulement, comme le P. Paolo n&rsquo;est pas syrien, il para\u00eet plus sage qu&rsquo;il se tienne \u00e0 distance du d\u00e9bat. D&rsquo;autre part, sa vie \u00e9tait en danger car ses positions en faveur du dialogue dans le respect des justes revendications de l&rsquo;opposition, son refus de s&rsquo;associer \u00e0 la logorrh\u00e9e qui, pour d\u00e9fendre le r\u00e9gime, agite l&rsquo;\u00e9pouvantail d&rsquo;un g\u00e9nocide anti-chr\u00e9tien, l<strong>ui valaient l&rsquo;inimiti\u00e9 dangereuse des sbires du clan Assad. Vous pouvez relayer abondamment ce message. Merci. <\/strong><\/p>\n","protected":false},"excerpt":{"rendered":"<p>Source bien inform\u00e9e Chers amis qui \u00eates attentifs \u00e0 la situation des chr\u00e9tiens d&rsquo;Orient. Je reviens de Rome, o\u00f9 j&rsquo;ai assist\u00e9 \u00e0 la r\u00e9union annuelle des Associations d&rsquo;aide catholiques aux chr\u00e9tiens du Proche-Orient ROACO). Nous avons eu hier une rencontre avec le Pape, qui a lanc\u00e9 un appel en faveur de la paix en Syrie.<\/p>\n","protected":false},"author":87,"featured_media":168251,"comment_status":"closed","ping_status":"closed","sticky":false,"template":"","format":"standard","meta":{"_uf_show_specific_survey":0,"_uf_disable_surveys":false,"footnotes":""},"categories":[60],"tags":[],"class_list":{"0":"post-133077","1":"post","2":"type-post","3":"status-publish","4":"format-standard","5":"has-post-thumbnail","7":"category-magazine"},"aioseo_notices":[],"_links":{"self":[{"href":"https:\/\/middleeasttransparent.com\/fr\/wp-json\/wp\/v2\/posts\/133077","targetHints":{"allow":["GET"]}}],"collection":[{"href":"https:\/\/middleeasttransparent.com\/fr\/wp-json\/wp\/v2\/posts"}],"about":[{"href":"https:\/\/middleeasttransparent.com\/fr\/wp-json\/wp\/v2\/types\/post"}],"author":[{"embeddable":true,"href":"https:\/\/middleeasttransparent.com\/fr\/wp-json\/wp\/v2\/users\/87"}],"replies":[{"embeddable":true,"href":"https:\/\/middleeasttransparent.com\/fr\/wp-json\/wp\/v2\/comments?post=133077"}],"version-history":[{"count":0,"href":"https:\/\/middleeasttransparent.com\/fr\/wp-json\/wp\/v2\/posts\/133077\/revisions"}],"wp:featuredmedia":[{"embeddable":true,"href":"https:\/\/middleeasttransparent.com\/fr\/wp-json\/wp\/v2\/media\/168251"}],"wp:attachment":[{"href":"https:\/\/middleeasttransparent.com\/fr\/wp-json\/wp\/v2\/media?parent=133077"}],"wp:term":[{"taxonomy":"category","embeddable":true,"href":"https:\/\/middleeasttransparent.com\/fr\/wp-json\/wp\/v2\/categories?post=133077"},{"taxonomy":"post_tag","embeddable":true,"href":"https:\/\/middleeasttransparent.com\/fr\/wp-json\/wp\/v2\/tags?post=133077"}],"curies":[{"name":"wp","href":"https:\/\/api.w.org\/{rel}","templated":true}]}}