{"id":13286,"date":"2016-07-04T12:24:49","date_gmt":"2016-07-04T11:24:49","guid":{"rendered":"http:\/\/middleeasttransparent.com\/?p=13286"},"modified":"2016-07-04T12:24:49","modified_gmt":"2016-07-04T11:24:49","slug":"grece-failles-dans-la-gestion-de-la-crise-des-refugies-et-tentation-russe","status":"publish","type":"post","link":"https:\/\/middleeasttransparent.com\/fr\/grece-failles-dans-la-gestion-de-la-crise-des-refugies-et-tentation-russe\/","title":{"rendered":"Gr\u00e8ce: Failles dans la gestion de la crise des r\u00e9fugi\u00e9s et tentation russe"},"content":{"rendered":"<p class=\"p1\" style=\"text-align: left;\"><b><\/b><strong><span class=\"s1\">Alors que l\u2019Union europ\u00e9enne affronte une grande secousse g\u00e9opolitique et existentielle suite au r\u00e9f\u00e9rendum britannique, son flanc Sud est toujours affect\u00e9 par la crise des r\u00e9fugi\u00e9s.<\/span><\/strong><\/p>\n<p class=\"p1\" style=\"text-align: left;\">\n<p class=\"p1\"><span class=\"s1\">L\u2019Union europ\u00e9enne conna\u00eet sa plus grave crise de r\u00e9fugi\u00e9s depuis la Deuxi\u00e8me guerre mondiale. Selon les donn\u00e9es disponibles, plus de 885<\/span><span class=\"s2\">\u2009<\/span><span class=\"s1\">000 personnes ont franchi ill\u00e9galement les portes de l\u2019Europe en 2015 et pr\u00e8s de 206<\/span><span class=\"s2\">\u2009<\/span><span class=\"s1\">000 suppl\u00e9mentaires depuis le d\u00e9but de l\u2019ann\u00e9e. Un afflux qui n\u2019est pas pr\u00e8s de tarir alors que la guerre en Syrie continue de faire rage. Face \u00e0 ce ph\u00e9nom\u00e8ne, les valeurs pr\u00f4n\u00e9es par les institutions europ\u00e9ennes et leurs dirigeants sont mises \u00e0 rude \u00e9preuve.<\/span><\/p>\n<p class=\"p1\"><span class=\"s1\">L\u2019accueil et l\u2019installation des r\u00e9fugi\u00e9s dans les pays europ\u00e9ens provoquent un repli identitaire et nationaliste de l\u2019Autriche au Royaume-Uni. Aux portes sud de l\u2019Europe, la Turquie et la Gr\u00e8ce sont en premi\u00e8re ligne dans la gestion de cette crise. Le pr\u00e9sident Erdogan s\u2019en sert de levier pour asseoir son influence et pratique un chantage envers Berlin et Bruxelles. En \u00e9change d\u2019un verrouillage de sa fronti\u00e8re maritime, il cherche \u00e0 obtenir des privil\u00e8ges (lib\u00e9ration du r\u00e9gime des visas pour ses citoyens voulant entrer dans l\u2019espace Schengen) afin de conforter sa popularit\u00e9 et son image.<\/span><\/p>\n<p class=\"p1\" style=\"text-align: center;\"><span class=\"s1\"><b>Failles s\u00e9rieuses <\/b><\/span><\/p>\n<p class=\"p1\"><span class=\"s1\"><span class=\"Apple-converted-space\">\u00a0 \u00a0 <\/span>La Gr\u00e8ce se remet difficilement de sa crise financi\u00e8re et subit de plein fouet les effets de l\u2019afflux des r\u00e9fugi\u00e9s. Elle est devenue un foyer du transit. Des failles s\u00e9rieuses sont observ\u00e9es dans les proc\u00e9dures li\u00e9es au syst\u00e8me d\u2019asile. La pression migratoire s\u2019est accrue depuis que, mi-f\u00e9vrier, les pays de l\u2019Est ont commenc\u00e9 \u00e0 fermer la \u00ab<\/span><span class=\"s2\">\u200a<\/span><span class=\"s1\">route des Balkans<\/span><span class=\"s2\">\u200a<\/span><span class=\"s1\"> \u00bb vers l\u2019Allemagne. Le Premier ministre, Alexis Ts\u00edpras, affronte une crise humanitaire (accueil de dizaines de milliers de personnes). Les analystes redoutent une d\u00e9stabilisation sociale, \u00e9conomique, voire politique, de la Gr\u00e8ce.<\/span><\/p>\n<p class=\"p1\"><span class=\"s1\">En Gr\u00e8ce, la gestion de l\u2019h\u00e9bergement des r\u00e9fugi\u00e9s est assez calamiteuse, notamment dans la r\u00e9gion de Skaramangas o\u00f9 pr\u00e8s de 3<\/span><span class=\"s2\">\u2009<\/span><span class=\"s1\">000 r\u00e9fugi\u00e9s sont entass\u00e9s dans des camps<\/span><\/p>\n<p class=\"p1\"><span class=\"s1\">Jusqu\u2019\u00e0 pr\u00e9sent, Ankara et Ath\u00e8nes \u00e9prouvent des difficult\u00e9s \u00e0 g\u00e9rer ce dossier. Il est tr\u00e8s difficile de savoir combien de r\u00e9fugi\u00e9s sont sur le territoire turc, officiellement 2,7 millions, plut\u00f4t entre 4 et 5 millions pour les ONG. En Gr\u00e8ce, la gestion de l\u2019h\u00e9bergement des r\u00e9fugi\u00e9s est assez calamiteuse, notamment dans la r\u00e9gion de Skaramangas o\u00f9 pr\u00e8s de 3<\/span><span class=\"s2\">\u2009<\/span><span class=\"s1\">000 r\u00e9fugi\u00e9s sont entass\u00e9s dans des camps. Le minist\u00e8re de la D\u00e9fense a promis que cette situation \u00e9tait temporaire. Des milliers de personnes se trouvent \u00e0 proximit\u00e9 des camps militaires, des chantiers navals et d\u2019autres lieux d\u2019int\u00e9r\u00eat surveill\u00e9s par les forces de s\u00e9curit\u00e9..<\/span><\/p>\n<p class=\"p1\" style=\"text-align: center;\"><span class=\"s1\"><b>Menaces<\/b><\/span><\/p>\n<p class=\"p1\"><span class=\"s1\">Bien que l\u2019Europe assume toujours le sauvetage de la Gr\u00e8ce, le populiste ministre grec de la D\u00e9fense, Panos Kammenos provoque bel et bien l\u2019Europe lorsqu\u2019il mart\u00e8le que<span class=\"Apple-converted-space\">\u00a0 <\/span>\u00ab la Gr\u00e8ce va inonder le continent de jihadis et d\u2019immigr\u00e9s \u00bb. A un tournant o\u00f9 le gouvernement grec avait du mal \u00e0 convaincre la zone euro et le Fonds Mon\u00e9taire International de continuer le sauvetage financier, Panos Kammenos n\u2019h\u00e9site pas et fait recours<span class=\"Apple-converted-space\">\u00a0 <\/span>au chantage. Il miroite la possibilit\u00e9 de d\u00e9clencher une \u00ab vague de millions de migrants \u00e9conomiques et de djihadistes vers<span class=\"Apple-converted-space\">\u00a0 <\/span>l\u2019Europe \u00bb si \u00ab la zone euro laissait la Gr\u00e8ce faire faillite \u00bb. Kamenos disait clairement qu\u2019il \u00ab <span class=\"Apple-converted-space\">\u00a0 <\/span>donnerait des documents de voyage de l\u2019UE aux immigr\u00e9s ill\u00e9gaux qui traversent ses fronti\u00e8res \u00bb.<span class=\"Apple-converted-space\">\u00a0 <\/span>On prend cette menace au s\u00e9rieux car actuellement de milliers d\u2019immigr\u00e9s clandestins et de r\u00e9fugi\u00e9s sont d\u00e9tenus dans des centres grecs.<\/span><\/p>\n<p class=\"p1\"><span class=\"s1\">Les derniers attentats commis au nom de l\u2019\u00c9tat islamique en Europe ont montr\u00e9 que certains djihadistes avaient transit\u00e9 par la Syrie, la Turquie et la Gr\u00e8ce. La crise migratoire est donc aussi devenue une pr\u00e9occupation s\u00e9curitaire pour les pays du Vieux continent. Au passage, signalons que les manquements \u00e0 la s\u00e9curit\u00e9 en Gr\u00e8ce<span class=\"Apple-converted-space\">\u00a0 <\/span>ont \u00e9t\u00e9 d\u00e9sastreux pour l\u2019Europe. \u00c0 la suite des attentats \u00e0 Paris de novembre 2015, <span class=\"Apple-converted-space\">\u00a0 <\/span>il est \u00e9tabli que deux terroristes affili\u00e9s \u00e0 DAECH ont \u00e9t\u00e9 autoris\u00e9s \u00e0 voyager \u00e0 partir de la Gr\u00e8ce.<\/span><\/p>\n<p class=\"p1\"><span class=\"s1\"><span class=\"Apple-converted-space\">\u00a0\u00a0 <\/span>Le risque de la d\u00e9rive \u00e0 Ath\u00e8nes se manifeste<span class=\"Apple-converted-space\">\u00a0 <\/span>par le non \u2013 respect de la solidarit\u00e9 europ\u00e9enne et atlantique, en effectuant un rapprochement \u00e9nigmatique avec la Russie de Vladimir Poutine. Sur un plan plus vital pour la s\u00e9curit\u00e9 grecque et europ\u00e9enne, la promotion de liens avec la Russie n\u2019observe pas les engagements europ\u00e9ens et atlantiques d\u2019Ath\u00e8nes.<span class=\"Apple-converted-space\">\u00a0 <\/span>R\u00e9cemment, <strong>Panos Kammenos<\/strong> a sign\u00e9 un accord avec la Russie pour la production des fusils kalachnikovs. Bien que les sanctions europ\u00e9ennes \u00e0 l\u2019encontre de Moscou contiennent le danger, les milieux europ\u00e9ens s\u2019inqui\u00e8tent de \u00ab\u00a0 jeux dangereux\u00a0\u00bb comme la tentative de \u00ab\u00a0 vendre les chantiers navals hell\u00e9niques \u00e0 la Russie\u00a0\u00bb. <strong>A Bruxelles, on soup\u00e7onne un courant au sein du gouvernement grec de vouloir user du lien avec la Russie comme un<span class=\"Apple-converted-space\">\u00a0 <\/span>outil politique contre les alli\u00e9s europ\u00e9ens et Washington<\/strong>, qui ont des enjeux strat\u00e9giques consid\u00e9rables ainsi que des int\u00e9r\u00eats commerciaux dans ces chantiers navals. Rappelons que ce m\u00eame Kammenos a fray\u00e9 la chronique en Europe lorsqu\u2019il a d\u00e9fendu l\u2019action de la Russie en Ukraine. Kammenos et ses pairs ne caressent \u2013 ils pas l\u2019espoir de construire une unit\u00e9 politique orthodoxe loin des int\u00e9r\u00eats occidentaux\u00a0? <span class=\"Apple-converted-space\">\u00a0 \u00a0<\/span><\/span><\/p>\n<p class=\"p1\"><strong><span class=\"s1\">Afin de lever les ambigu\u00eft\u00e9s, il est urgent que la Gr\u00e8ce s\u2019explique et souligne sans d\u00e9tours son positionnement g\u00e9ostrat\u00e9gique.<\/span><\/strong><\/p>\n<p class=\"p1\">khattarwahid@yahoo.fr<\/p>\n","protected":false},"excerpt":{"rendered":"<p>Alors que l\u2019Union europ\u00e9enne affronte une grande secousse g\u00e9opolitique et existentielle suite au r\u00e9f\u00e9rendum britannique, son flanc Sud est toujours affect\u00e9 par la crise des r\u00e9fugi\u00e9s. L\u2019Union europ\u00e9enne conna\u00eet sa plus grave crise de r\u00e9fugi\u00e9s depuis la Deuxi\u00e8me guerre mondiale. Selon les donn\u00e9es disponibles, plus de 885\u2009000 personnes ont franchi ill\u00e9galement les portes de l\u2019Europe<\/p>\n","protected":false},"author":325,"featured_media":13288,"comment_status":"open","ping_status":"open","sticky":false,"template":"","format":"standard","meta":{"_uf_show_specific_survey":0,"_uf_disable_surveys":false,"footnotes":""},"categories":[22],"tags":[],"class_list":{"0":"post-13286","1":"post","2":"type-post","3":"status-publish","4":"format-standard","5":"has-post-thumbnail","7":"category-actualites-fr"},"aioseo_notices":[],"_links":{"self":[{"href":"https:\/\/middleeasttransparent.com\/fr\/wp-json\/wp\/v2\/posts\/13286","targetHints":{"allow":["GET"]}}],"collection":[{"href":"https:\/\/middleeasttransparent.com\/fr\/wp-json\/wp\/v2\/posts"}],"about":[{"href":"https:\/\/middleeasttransparent.com\/fr\/wp-json\/wp\/v2\/types\/post"}],"author":[{"embeddable":true,"href":"https:\/\/middleeasttransparent.com\/fr\/wp-json\/wp\/v2\/users\/325"}],"replies":[{"embeddable":true,"href":"https:\/\/middleeasttransparent.com\/fr\/wp-json\/wp\/v2\/comments?post=13286"}],"version-history":[{"count":0,"href":"https:\/\/middleeasttransparent.com\/fr\/wp-json\/wp\/v2\/posts\/13286\/revisions"}],"wp:featuredmedia":[{"embeddable":true,"href":"https:\/\/middleeasttransparent.com\/fr\/wp-json\/wp\/v2\/media\/13288"}],"wp:attachment":[{"href":"https:\/\/middleeasttransparent.com\/fr\/wp-json\/wp\/v2\/media?parent=13286"}],"wp:term":[{"taxonomy":"category","embeddable":true,"href":"https:\/\/middleeasttransparent.com\/fr\/wp-json\/wp\/v2\/categories?post=13286"},{"taxonomy":"post_tag","embeddable":true,"href":"https:\/\/middleeasttransparent.com\/fr\/wp-json\/wp\/v2\/tags?post=13286"}],"curies":[{"name":"wp","href":"https:\/\/api.w.org\/{rel}","templated":true}]}}