{"id":131636,"date":"2011-11-16T11:26:20","date_gmt":"2011-11-16T10:26:20","guid":{"rendered":"https:\/\/middleeasttransparent.com\/larmee-syrienne-libre-seule-protection-des-manifestants-syriens\/"},"modified":"2024-01-23T12:56:52","modified_gmt":"2024-01-23T11:56:52","slug":"larmee-syrienne-libre-seule-protection-des-manifestants-syriens","status":"publish","type":"post","link":"https:\/\/middleeasttransparent.com\/fr\/larmee-syrienne-libre-seule-protection-des-manifestants-syriens\/","title":{"rendered":"L\u2019Arm\u00e9e Syrienne Libre, seule protection des manifestants syriens"},"content":{"rendered":"<p><strong>Depuis plus de deux mois, les Syriens qui s\u2019obstinent \u00e0 descendre dans les rues pour affirmer leur droit \u00e0 d\u00e9cider par eux-m\u00eames de leur avenir et demander le d\u00e9part de Bachar Al-Assad, r\u00e9clament une protection internationale. Les manifestations du vendredi 9 septembre ont largement repris ce th\u00e8me. La r\u00e9ponse des services de s\u00e9curit\u00e9 n&rsquo;a \u00e9t\u00e9 une surprise pour personne : au cours de cette seule journ\u00e9e, la r\u00e9pression a fait 13 morts suppl\u00e9mentaires \u00e0 Homs, Idlib, De\u00efr al Zor et Hama.<\/strong><\/p>\n<p>Durant les deux mois qui ont suivi, les massacres sont all\u00e9s crescendo, comme si le r\u00e9gime syrien, redoutant que la communaut\u00e9 internationale entende et finalement r\u00e9ponde \u00e0 cet appel \u00e0 l\u2019aide, cherchait \u00e0 faire d\u00e9finitivement basculer la situation \u00e0 son avantage en redoublant de f\u00e9rocit\u00e9. Selon les d\u00e9comptes minutieux des Comit\u00e9s Locaux de Coordination, 1 411 Syriens ont depuis ce jour-l\u00e0 trouv\u00e9 la mort, parmi lesquels pr\u00e8s d&rsquo;une centaine d&rsquo;enfants.<\/p>\n<p>Lundi 14 novembre, le ministre fran\u00e7ais des affaires \u00e9trang\u00e8res, Alain Jupp\u00e9, a reconnu que \u00ab\u00a0le moment \u00e9tait venu de voir comment nous pouvons prot\u00e9ger davantage les populations\u00a0\u00bb. La chef de la diplomatie europ\u00e9enne, Catherine Ashton, est all\u00e9e dans le m\u00eame sens, exprimant la \u00ab\u00a0pr\u00e9occupation\u00a0\u00bb de l&rsquo;Union Europ\u00e9enne pour les civils en Syrie et la n\u00e9cessit\u00e9 d&rsquo;examiner en liaison avec la Ligue arabe \u00ab\u00a0ce qui peut \u00eatre fait pour les prot\u00e9ger\u00a0\u00bb.<\/p>\n<p>Une intervention militaire \u00e9trang\u00e8re n\u2019est pas \u00e0 l\u2019ordre du jour. Profond\u00e9ment divis\u00e9e sur la question, la communaut\u00e9 internationale n\u2019y est pas favorable. Les Syriens r\u00e9volt\u00e9s contre le r\u00e9gime de Bachar Al-Assad ne l\u2019ont d&rsquo;ailleurs jamais r\u00e9clam\u00e9e. Certains appellent de leurs v\u0153ux une \u00ab\u00a0intervention arabe ou turque\u00a0\u00bb, mais pas davantage. C\u2019est \u00e0 d\u2019autres moyens qu\u2019ils pensent pour leur permettre de poursuivre jusqu\u2019\u00e0 son terme leur mouvement de revendication pacifique.<\/p>\n<p><img2471|center><\/p>\n<p>Ils souhaitent d&rsquo;abord l&rsquo;entr\u00e9e sur le territoire syrien d&rsquo;observateurs impartiaux, juristes ou journalistes, qui puissent se d\u00e9placer librement dans l&rsquo;ensemble du pays, recueillir les t\u00e9moignages des habitants, et rapporter \u00e0 l&rsquo;opinion publique internationale la r\u00e9alit\u00e9 de ce qui se d\u00e9roule en Syrie loin des regards depuis huit mois. Rappelons encore une fois que ce ne sont pas les manifestants qui tiennent les m\u00e9dias internationaux \u00e0 distance, mais le r\u00e9gime syrien. C&rsquo;est donc lui et lui seul qui a quelque chose \u00e0 cacher. On comprend qu&rsquo;il ne soit pas tr\u00e8s fier de ses agissements&#8230;<\/p>\n<p>En attendant ce jour, un autre instrument de protection existe. Les manifestants, qui refusent de prendre eux-m\u00eames les armes pour faire aboutir leurs revendications politiques, ont en effet trouv\u00e9 leur meilleure protection dans les soldats qui d\u00e9sertent l\u2019arm\u00e9e, assujettie \u00e0 la sauvegarde du seul clan pr\u00e9sidentiel et transform\u00e9e en instrument d\u2019oppression de la population. Ils en ont fait \u00e0 plusieurs reprises l\u2019exp\u00e9rience, lorsque, prot\u00e9g\u00e9s par des \u00e9l\u00e9ments de l\u2019Arm\u00e9e Syrienne Libre qui interdisaient aux forces de r\u00e9pression d\u2019acc\u00e9der aux lieux des manifestations, des habitants de Homs et de Hama ont pu se r\u00e9unir en nombres imposants pour r\u00e9clamer la chute du r\u00e9gime.<\/p>\n<p>Ce qu\u2019ils demandent donc \u00e0 la communaut\u00e9 internationale, ou au moins aux pays qui expriment avec eux leur solidarit\u00e9, c\u2019est de fournir \u00e0 cette Arm\u00e9e Syrienne Libre, qui assure aux manifestants la s\u00e9curit\u00e9 qu\u2019ils ne trouvent pas ailleurs, les moyens de poursuivre sa mission. Ils ne veulent pas cr\u00e9er par les armes un nouveau rapport de forces. Ils n&rsquo;attendent pas que les d\u00e9serteurs puissent parvenir, \u00e0 un moment ou un autre, \u00e0 d\u00e9fier l&rsquo;arm\u00e9e en rase campagne. Ils souhaitent uniquement pouvoir continuer de sortir dans les rues pour des d\u00e9monstrations pacifiques, sans \u00eatre expos\u00e9s aussit\u00f4t \u00e0 la sauvagerie des forces du r\u00e9gime.<\/p>\n<p>Ils en ont le droit. Depuis la lev\u00e9e de l&rsquo;\u00e9tat d&rsquo;urgence, le 21 avril 2011, les manifestations sont encadr\u00e9es par une loi sp\u00e9cifique, promulgu\u00e9e le m\u00eame jour. Mais son application est discr\u00e9tionnaire. Les \u00ab\u00a0masir\u00e2t\u00a0\u00bb (marches) des partisans du r\u00e9gime peuvent se d\u00e9rouler sans m\u00eame qu&rsquo;ils aient \u00e0 solliciter une autorisation&#8230; puisqu&rsquo;elles sont organis\u00e9es, financ\u00e9es, encadr\u00e9es, surveill\u00e9es, anim\u00e9es, contr\u00f4l\u00e9es par les moukhabarat. En revanche, les \u00ab\u00a0mouz\u00e2har\u00e2t\u00a0\u00bb (d\u00e9monstrations) des opposants ont toujours \u00e9t\u00e9 interdites. Et r\u00e9prim\u00e9es avec une brutalit\u00e9 de semaine en semaine confirm\u00e9e.<\/p>\n<p><img2472|center><br \/>\nLes contestataires qui veulent eux aussi b\u00e9n\u00e9ficier de ce droit, attendent aujourd&rsquo;hui de ceux qui soutiennent leurs justes revendications qu&rsquo;ils fournissent \u00e0 \u00ab\u00a0leur\u00a0\u00bb arm\u00e9e les munitions et les armes antichars dont elle a besoin, et qu&rsquo;ils lui assurent, en d\u00e9finissant une zone d&rsquo;interdiction de survol, des positions de repli. C&rsquo;est ce qu&rsquo;ils ont exprim\u00e9, le 28 octobre, en appelant \u00e0 l&rsquo;instauration d&rsquo;une zone d&rsquo;interdiction de survol.<\/p>\n<p>Les Etats qui entendent apporter aux Syriens la protection dont ils ont besoin savent donc ce qu&rsquo;il leur reste \u00e0 faire, s&rsquo;ils souhaitent que leur mouvement citoyen de protestation pacifique ne d\u00e9g\u00e9n\u00e8re pas, comme le r\u00e9gime l&rsquo;attend depuis des mois, en une guerre civile.<\/p>\n<p>http:\/\/syrie.blog.lemonde.fr<\/p>\n","protected":false},"excerpt":{"rendered":"<p>Depuis plus de deux mois, les Syriens qui s\u2019obstinent \u00e0 descendre dans les rues pour affirmer leur droit \u00e0 d\u00e9cider par eux-m\u00eames de leur avenir et demander le d\u00e9part de Bachar Al-Assad, r\u00e9clament une protection internationale. Les manifestations du vendredi 9 septembre ont largement repris ce th\u00e8me. La r\u00e9ponse des services de s\u00e9curit\u00e9 n&rsquo;a \u00e9t\u00e9<\/p>\n","protected":false},"author":1,"featured_media":0,"comment_status":"closed","ping_status":"closed","sticky":false,"template":"","format":"standard","meta":{"_uf_show_specific_survey":0,"_uf_disable_surveys":false,"footnotes":""},"categories":[],"tags":[],"class_list":["post-131636","post","type-post","status-publish","format-standard"],"aioseo_notices":[],"_links":{"self":[{"href":"https:\/\/middleeasttransparent.com\/fr\/wp-json\/wp\/v2\/posts\/131636","targetHints":{"allow":["GET"]}}],"collection":[{"href":"https:\/\/middleeasttransparent.com\/fr\/wp-json\/wp\/v2\/posts"}],"about":[{"href":"https:\/\/middleeasttransparent.com\/fr\/wp-json\/wp\/v2\/types\/post"}],"author":[{"embeddable":true,"href":"https:\/\/middleeasttransparent.com\/fr\/wp-json\/wp\/v2\/users\/1"}],"replies":[{"embeddable":true,"href":"https:\/\/middleeasttransparent.com\/fr\/wp-json\/wp\/v2\/comments?post=131636"}],"version-history":[{"count":0,"href":"https:\/\/middleeasttransparent.com\/fr\/wp-json\/wp\/v2\/posts\/131636\/revisions"}],"wp:attachment":[{"href":"https:\/\/middleeasttransparent.com\/fr\/wp-json\/wp\/v2\/media?parent=131636"}],"wp:term":[{"taxonomy":"category","embeddable":true,"href":"https:\/\/middleeasttransparent.com\/fr\/wp-json\/wp\/v2\/categories?post=131636"},{"taxonomy":"post_tag","embeddable":true,"href":"https:\/\/middleeasttransparent.com\/fr\/wp-json\/wp\/v2\/tags?post=131636"}],"curies":[{"name":"wp","href":"https:\/\/api.w.org\/{rel}","templated":true}]}}