{"id":131535,"date":"2011-11-03T11:54:01","date_gmt":"2011-11-03T10:54:01","guid":{"rendered":"https:\/\/middleeasttransparent.com\/les-kurdes-sur-la-voie-de-lautonomie-en-syrie-avec-laval-de-bachar-al-assad-ignace-leverrier\/"},"modified":"2024-01-23T12:56:46","modified_gmt":"2024-01-23T11:56:46","slug":"les-kurdes-sur-la-voie-de-lautonomie-en-syrie-avec-laval-de-bachar-al-assad-ignace-leverrier","status":"publish","type":"post","link":"https:\/\/middleeasttransparent.com\/fr\/les-kurdes-sur-la-voie-de-lautonomie-en-syrie-avec-laval-de-bachar-al-assad-ignace-leverrier\/","title":{"rendered":"Les Kurdes sur la voie de l\u2019autonomie en Syrie\u2026 avec l\u2019aval de Bachar Al Assad (Ignace LEVERRIER)"},"content":{"rendered":"<p>Les chiffres sont \u00e9loquents. Le 15 septembre 2011, soit six mois jour pour jour apr\u00e8s le d\u00e9clenchement du mouvement de protestation populaire en Syrie, la r\u00e9pression avait fait 761 morts \u00e0 Homs, 594 \u00e0 Daraa, 350 \u00e0 Hama, 319 \u00e0 Idlib, 182 \u00e0 Lattaqui\u00e9\u2026 En revanche, Hassak\u00e9 et Qamichli, les deux principales villes de la Jazireh syrienne, n\u2019avaient eu respectivement \u00e0 d\u00e9plorer la mort \u00ab\u00a0que\u00a0\u00bb de 7 et 5 manifestants.<\/p>\n<p>Rapport\u00e9s au nombre des d\u00e9c\u00e8s enregistr\u00e9s partout ailleurs, ces deux derniers chiffres paraissent \u00e9trangement bas. M\u00eame \u00e0 Damas et Alep, des villes d\u2019importance strat\u00e9gique o\u00f9 les forces du r\u00e9gime sont d\u00e9ploy\u00e9es en masse, depuis janvier 2011, pour pr\u00e9venir toute agitation, les pertes en vie humaines, respectivement 90 et 44, sont plus consid\u00e9rables. A Tartous aussi, si\u00e8ge d\u2019un gouvernorat tr\u00e8s largement acquis au pouvoir, d\u2019o\u00f9 sont issus en majorit\u00e9 les cadres militaires et s\u00e9curitaires du r\u00e9gime. Pourtant, comme on l&rsquo;a d\u00e9j\u00e0 soulign\u00e9, les jeunes Syriens sont aussi nombreux dans la Jazireh que dans le reste du pays \u00e0 sortir dans les rues, vendredi apr\u00e8s vendredi, pour crier leur soif de libert\u00e9 et de dignit\u00e9 avec les m\u00eames slogans, et pour manifester leur solidarit\u00e9 avec les martyrs tomb\u00e9s ailleurs.<\/p>\n<p>La r\u00e9ponse \u00e0 cette \u00e9nigme est simple : si les victimes se comptent l\u00e0 en unit\u00e9s plut\u00f4t qu\u2019en centaines, c\u2019est uniquement parce que les autorit\u00e9s syriennes ont d\u00e9cid\u00e9 de n\u2019intervenir dans cette r\u00e9gion qu\u2019avec retenue et mod\u00e9ration. Manifester, d\u00e9filer dans les rues, r\u00e9clamer la fin du r\u00e9gime, jeter \u00e0 terre une statue de Hafez Al Assad ou lac\u00e9rer une effigie de son successeur sont des initiatives lourdement sanctionn\u00e9es, r\u00e9prim\u00e9es \u00e0 coups de feu dans toute la Syrie. Dans la Jazireh, elles n\u2019exposent g\u00e9n\u00e9ralement leurs auteurs qu\u2019aux jets d\u2019eau des camions de pompiers ou aux gaz lacrymog\u00e8nes. Les moukhabarat, qui ont re\u00e7u pour consigne sur l\u2019ensemble du territoire national, depuis la premi\u00e8re heure, de faire \u00e9talage de la plus grande fermet\u00e9 et de \u00ab\u00a0terroriser les terroristes\u00a0\u00bb pour les contraindre \u00e0 quitter les rues et \u00e0 remiser leurs d\u00e9sirs d\u2019ouverture et de changement pacifique, font montre, dans ce gouvernorat et dans lui seul, d\u2019une r\u00e9serve et d\u2019une prudence inconnues ailleurs en Syrie.<\/p>\n<p>Elles s\u2019expliquent par la n\u00e9cessit\u00e9 dans laquelle Bachar Al Assad se trouve, depuis le d\u00e9but du soul\u00e8vement contre lui de sa population, de m\u00e9nager la communaut\u00e9 kurde. Il en a donn\u00e9 la preuve d\u00e8s sa premi\u00e8re intervention publique, \u00e0 la fin du mois de mars. Alors que le chef de l\u2019Etat, ravi des manifestations d\u2019all\u00e9geance qui lui \u00e9taient prodigu\u00e9es par des d\u00e9put\u00e9s choisis par ses services de renseignements et ne repr\u00e9sentant personne, oubliait les circonstances dramatiques de son apparition, riait de ses bons mots et ignorait les promesses faites quelques jours plus t\u00f4t par sa conseill\u00e8re politique et m\u00e9diatique, il a offert aux Kurdes sa seule concession. Visiblement soucieux de pr\u00e9venir la multiplication des fronts et la dispersion de ses troupes les plus loyales sur l\u2019ensemble du pays, il a tent\u00e9 d\u2019acheter leur renoncement \u00e0 apporter leur plein soutien \u00e0 la contestation. Il leur a fait miroiter la restitution de la nationalit\u00e9 syrienne \u00e0 un certain nombre d\u2019entre eux, consid\u00e9r\u00e9s et trait\u00e9s comme des \u00ab\u00a0\u00e9trangers\u00a0\u00bb dans leur propre pays depuis le r\u00e9f\u00e9rendum exceptionnel d\u2019octobre 1962. Quelque temps plus tard, au d\u00e9but du mois de juin, Bachar Al Assad s\u2019est efforc\u00e9 d\u2019attirer \u00e0 Damas les leaders d\u2019une douzaine de partis politiques kurdes, pour un entretien avec lui valant reconnaissance implicite de leurs organisations, dans une nouvelle tentative de s\u2019assurer de leur neutralit\u00e9 dans le soul\u00e8vement en cours.<\/p>\n<p>Ces initiatives n\u2019ont pas \u00e9t\u00e9 couronn\u00e9es du succ\u00e8s attendu. Dans leur majorit\u00e9, les Kurdes n\u2019ont pas souhait\u00e9 se d\u00e9solidariser de leurs compatriotes arabes et renoncer \u00e0 l\u2019occasion historique qui se pr\u00e9sentait \u00e0 eux, comme \u00e0 l\u2019ensemble des Syriens, de renouer avec la d\u00e9mocratie dont ils \u00e9taient spoli\u00e9s depuis pr\u00e8s de cinq d\u00e9cennies. Ils ont donc continu\u00e9 de descendre dans les rues et d\u2019apporter leur soutien moral \u00e0 leurs fr\u00e8res arabes, confront\u00e9s ailleurs \u00e0 une r\u00e9pression d\u2019une sauvagerie jusqu\u2019alors inconnue. Le porte-parole du Courant de l&rsquo;Avenir Kurde en Syrie, Mechaal Tammo, assassin\u00e9 le 7 octobre, a pay\u00e9 ce parti-pris de solidarit\u00e9 de sa vie. Mais, certains d\u2019entre eux, profitant de la mobilisation du pouvoir et tirant parti du combat men\u00e9 partout par les Syriens pour faire tomber le r\u00e9gime, ont estim\u00e9 que le moment \u00e9tait propice \u00e0 la r\u00e9alisation d\u2019une partie au moins de leurs ambitions et des aspirations sp\u00e9cifiques de leur communaut\u00e9.<\/p>\n<p><img2442|center><br \/>\nPriv\u00e9s par le trait\u00e9 de Lausanne de 1923 de l\u2019Etat qui leur aurait permis de vivre ensemble sur un m\u00eame territoire conform\u00e9ment \u00e0 leurs us et coutumes, de se g\u00e9rer eux-m\u00eames en s\u2019exprimant dans leur propre langue et de conclure avec leur environnement r\u00e9gional les alliances diplomatiques r\u00e9pondant \u00e0 leurs int\u00e9r\u00eats nationaux, les Kurdes de Syrie partagent avec leurs fr\u00e8re de Turquie, d\u2019Irak et d\u2019Iran, le m\u00eame r\u00eave : celui d\u2019une entit\u00e9 &#8211; un v\u00e9ritable Etat pour les uns, une province autonome pour d\u2019autres, une r\u00e9gion autog\u00e9r\u00e9e dans le cadre d\u2019un Etat f\u00e9d\u00e9ral ou conf\u00e9d\u00e9ral pour quelques uns\u2026 &#8211; qui leur appartienne en propre. Ce que les Kurdes d\u2019Irak sont parvenus \u00e0 obtenir pour eux, \u00e0 la faveur de la guerre de 2003, certains responsables kurdes syriens esp\u00e8rent aujourd\u2019hui l\u2019obtenir en tirant partie de la faiblesse actuelle de Bachar Al Assad.<\/p>\n<p>Leur strat\u00e9gie consiste donc \u00e0 laisser les membres de leur communaut\u00e9 qui le veulent participer au mouvement de contestation du pouvoir, mais sans jeter toute leur base populaire dans la r\u00e9volution et sans aller eux-m\u00eames jusqu\u2019\u00e0 appeler ouvertement \u00e0 la chute du r\u00e9gime. Il s\u2019agit pour eux, en quelque sorte, de faire durer la situation pr\u00e9sente le plus longtemps possible, afin de profiter de l\u2019\u00e9puisement progressif des deux parties en pr\u00e9sence et de la polarisation des esprits, aussi bien du c\u00f4t\u00e9 du pouvoir que du c\u00f4t\u00e9 de l\u2019opposition, pour cr\u00e9er une nouvelle situation, un nouvel \u00e9tat de fait, sur lequel ils esp\u00e8rent que le futur vainqueur, quel qu\u2019il soit, n\u2019aura ni le temps, ni les moyens, ni la volont\u00e9 politique de revenir.<\/p>\n<p>Le parti qui m\u00e8ne cette op\u00e9ration est le Parti de l\u2019Union D\u00e9mocratique (PYD), avatar syrien de l\u2019ancien Parti des Travailleurs du Kurdistan (PKK) d\u2019Abdullah \u00d6calan, qui a h\u00e9rit\u00e9 de l\u2019irr\u00e9dentisme farouche et de la suspicion de ce parti vis-\u00e0-vis des Turcs, des Arabes et des Iraniens. Il ne fait aucune confiance au pouvoir baathiste ou \u00e0 ce qu\u2019il en reste, qui a longtemps jou\u00e9 jadis la carte de la nuisance kurde contre la Turquie avant d\u2019abandonner du jour au lendemain, en 1998, son dirigeant historique, et de laisser Ankara s\u2019en emparer en \u00e9change d\u2019une normalisation des relations entre les deux pays. Mais le PYD ne fait gu\u00e8re davantage confiance \u00e0 l\u2019opposition syrienne, dont les Kurdes de Syrie ont constat\u00e9 \u00e0 leurs d\u00e9pens, en 2004, l\u2019absence de solidarit\u00e9 et, pour tout dire, la relative indiff\u00e9rence au malheur kurde.<\/p>\n<p>Pour avoir r\u00e9agi, en mars de cette ann\u00e9e-l\u00e0, \u00e0 des provocations de supporters majoritairement arabes du club de football de De\u00efr al Zor en visite \u00e0 Qamichli, les partisans du club local, kurdes pour la plupart, avaient \u00e9t\u00e9 en butte \u00e0 de s\u00e9v\u00e8res repr\u00e9sailles, dans le stade m\u00eame puis dans l\u2019ensemble de la ville. Les troubles, qui avaient bient\u00f4t gagn\u00e9 la totalit\u00e9 de la Jazireh, la r\u00e9gion d\u2019Alep et certains quartiers de Damas, avaient fait en quelques jours plusieurs dizaines de morts. Or, au lieu d\u2019apporter aux Kurdes leur soutien et de saisir l\u2019opportunit\u00e9 de cette premi\u00e8re expression de refus du r\u00e9gime, les partis d\u2019opposition avaient adopt\u00e9 une attitude de neutralit\u00e9 qui avait facilit\u00e9 la reprise en main par le pouvoir des villes r\u00e9volt\u00e9es.<\/p>\n<p>Echaud\u00e9 par ce pr\u00e9c\u00e9dent, le PYD voit un motif d\u2019inqui\u00e9tude suppl\u00e9mentaire dans les facilit\u00e9s depuis plusieurs mois fournies aux contestataires syriens par les Turcs. Il ne lui a pas \u00e9chapp\u00e9 que les premiers congr\u00e8s tenus par des opposants de l\u2019int\u00e9rieur et de l\u2019ext\u00e9rieur en vue d\u2019unifier leurs revendications et leur action se sont tenus en Turquie, \u00e0 Istanbul (les 26 et 27 avril) puis \u00e0 Antalya (du 31 mai au 3 juin). Il a not\u00e9 que c\u2019est \u00e0 Istanbul encore que s\u2019est r\u00e9uni, le 16 juillet, le premier Congr\u00e8s de Salut National pour la Syrie. Il a relev\u00e9 que c\u2019est depuis Ankara qu\u2019a \u00e9t\u00e9 annonc\u00e9e la composition, le 29 ao\u00fbt, d\u2019un Conseil National de Transition. Il a encore observ\u00e9 que c\u2019est \u00e0 Istanbul qu\u2019ont \u00e9t\u00e9 rendues publiques, le 15 septembre et le 2 octobre, la premi\u00e8re puis la seconde mouture du Conseil National Syrien&#8230; Or, si le Premier ministre turc Recep Tayyip Erdogan, son Parti de la Justice et du D\u00e9veloppement et son gouvernement portent les espoirs d\u2019une grande partie des Syriens, auxquels ils ont longtemps \u00e9t\u00e9 les seuls \u00e0 tendre la main et \u00e0 offrir un asile, ils incarnent, pour les fid\u00e8les d\u2019Abdullah \u00d6calan, l\u2019ennemi h\u00e9r\u00e9ditaire \u00e0 combattre, sur lequel il faut continuer de faire pression pour obtenir la reconnaissance des droits des Kurdes de Turquie et la remise en libert\u00e9 de leur leader charismatique.<\/p>\n<p>Convaincu qu\u2019en tout \u00e9tat de cause rien de positif ne proviendra pour lui de la Turquie, le PYD ne cesse de d\u00e9noncer le soutien apport\u00e9 par les actuels dirigeants turcs \u00e0 ceux qui partagent leur id\u00e9ologie en Syrie, \u00e0 savoir les Fr\u00e8res Musulmans et l\u2019ensemble de la mouvance islamiste. Que l\u2019AKP soit arriv\u00e9 au pouvoir et s\u2019y soit maintenu via des \u00e9lections libres et d\u00e9mocratiques, qu\u2019il n\u2019ait aucun int\u00e9r\u00eat \u00e0 mettre tous ses \u0153ufs dans le seul \u00ab\u00a0panier islamiste\u00a0\u00bb, que les portes de la Turquie soient aujourd\u2019hui ouvertes \u00e0 tous et en direction de tous, et que la majorit\u00e9 des participants aux diff\u00e9rents congr\u00e8s accueillis en Turquie, s\u2019ils ne sont pas des la\u00efcs purs et durs, n\u2019en sont pas moins favorables \u00e0 un \u00ab\u00a0Etat d\u00e9mocratique civil\u00a0\u00bb, autrement dit \u00ab\u00a0la\u00efc mod\u00e9r\u00e9\u00a0\u00bb, compte peu pour l&rsquo;ex-PKK. Rien ni personne ne peut lui \u00f4ter de la t\u00eate que les responsables turcs ont un agenda cach\u00e9 et qu&rsquo;ils travaillent en secret, en concertation avec les ennemis traditionnels du r\u00e9gime syrien que sont les Am\u00e9ricains, les Isra\u00e9liens et les Saoudiens, \u00e0 la victoire en Syrie de leurs \u00ab\u00a0clients islamistes\u00a0\u00bb.<\/p>\n<p>Depuis plusieurs mois, pour pr\u00e9venir une telle \u00e9ventualit\u00e9 qu\u2019ils se refusent de pr\u00e9f\u00e9rer au renversement du r\u00e9gime actuel, couramment qualifi\u00e9 par eux de \u00ab\u00a0raciste et chauvin\u00a0\u00bb, les responsables du PYD ont entrepris de mettre en place, dans la Jazireh d\u2019abord, puis dans l\u2019ensemble des r\u00e9gions kurdes, les bases de leur futur \u00ab\u00a0entit\u00e9\u00a0\u00bb. Le signe le plus visible de leur \u00e9mancipation a \u00e9t\u00e9 l\u2019ouverture, lors de la rentr\u00e9e scolaire 2011, de plus d\u2019une demi-douzaine d\u2019\u00e9coles dans lesquelles des \u00e9l\u00e8ves kurdes re\u00e7oivent en langue kurde un enseignement sp\u00e9cifique. Comme un d\u00e9fi \u00e0 l\u2019autorit\u00e9 du gouvernement, le lever du drapeau kurde, dont la simple exhibition \u00e9tait nagu\u00e8re encore sanctionn\u00e9e par des arrestations et des peines de prisons, y est accompagn\u00e9 chaque matin du chant de l\u2019hymne national kurde. Dans trois villes importantes, Alep, Qamichli et Al-Malikiya, o\u00f9 les troupes folkloriques kurdes \u00e9taient l\u2019an dernier encore la cible de campagnes particuli\u00e8rement f\u00e9roces, de la part d\u2019un r\u00e9gime auquel l\u2019unanimisme baathiste interdit de comprendre que la diversit\u00e9 ethnique est une richesse et non un appauvrissement, le PYD a \u00e9galement ouvert des Centres culturels kurdes.<\/p>\n<p>Mais ce n\u2019est pas tout. Depuis quelques semaines, sans dissimuler quoi que ce soit de ses intentions et de ses projets, l\u2019ex-PKK a commenc\u00e9 \u00e0 organiser des \u00e9lections au niveau local, destin\u00e9es \u00e0 mettre en place, dans les municipalit\u00e9s des diff\u00e9rentes r\u00e9gions \u00e0 fort peuplement kurde, des \u00ab\u00a0comit\u00e9s\u00a0\u00bb de citoyens. Pour le moment sans mission particuli\u00e8re autre que celui de \u00ab\u00a0se pr\u00e9parer\u00a0\u00bb, ces \u00e9lus ont pour vocation, dans l\u2019esprit du parti, de g\u00e9rer bient\u00f4t les collectivit\u00e9s locales dont il escompte qu\u2019elles lui reviendront au terme des prochaines \u00e9lections municipales. Pr\u00e9vues selon les modalit\u00e9s de la nouvelle Loi de d\u00e9centralisation, elles devraient se d\u00e9rouler avant la fin de l\u2019ann\u00e9e en cours. Mieux encore, le PYD a proc\u00e9d\u00e9, durant le mois d\u2019octobre, \u00e0 des \u00e9lections au futur \u00ab\u00a0Conseil du Kurdistan occidental\u00a0\u00bb. Compos\u00e9 de 300 repr\u00e9sentants \u00e9lus par la base, ce parlement aura pour mission, en application de la d\u00e9centralisation\u2026 ou de l\u2019autonomie \u00e0 laquelle aboutira dans les faits l\u2019incapacit\u00e9 du pouvoir syrien \u00e0 reprendre la main dans la r\u00e9gion, de g\u00e9rer aux plans politique et \u00e9conomique les zones \u00ab\u00a0conquises\u00a0\u00bb par les Kurdes, dans le cadre d\u2019un Etat f\u00e9d\u00e9ral ou conf\u00e9d\u00e9ral. Quel que soit le nom qu\u2019on lui donne, ce nouveau syst\u00e8me ressemblera \u00e9trangement \u00e0 celui aujourd\u2019hui en vigueur dans le \u00ab\u00a0Kurdistan du sud\u00a0\u00bb, c\u2019est-\u00e0-dire dans le Kurdistan d\u2019Irak.<\/p>\n<p>Les manifestants et les opposants syriens, qui incitent r\u00e9guli\u00e8rement les habitants de la Jazireh \u00e0 apporter \u00e0 la r\u00e9volution un soutien plus massif dans la rue, ont d\u2019autres priorit\u00e9s que ce qui se trame ainsi. Ils ne veulent pas entrer dans des conflits marginaux qui les d\u00e9tourneraient de l\u2019objectif sur lequel toutes leurs \u00e9nergies sont mobilis\u00e9es : la chute du r\u00e9gime de Bachar Al Assad et son remplacement par un syst\u00e8me politique d\u00e9mocratique&#8230; au sein duquel les Kurdes, comme les autres minorit\u00e9s ethniques, b\u00e9n\u00e9ficieront de la reconnaissance de leurs droits sp\u00e9cifiques. Ils d\u00e9plorent malgr\u00e9 tout, dans le jeu men\u00e9 en coulisses par Mohammed Saleh Mouslim et ses camarades, qu\u2019il permette au pouvoir d\u2019avoir ailleurs les coud\u00e9es franches et de concentrer ses militaires, ses moukhabarat et ses chabbiha contre certains lieux embl\u00e9matiques de la contestation, Daraa hier, Lattaqui\u00e9 ensuite, Homs, Hama et Idlib \u00e0 pr\u00e9sent.<\/p>\n<p>Les autres partis kurdes, qui, \u00e0 la diff\u00e9rence du PKK jadis et du PYD aujourd\u2019hui, ont tent\u00e9 pour la plupart de s\u2019allier \u00e0 l\u2019opposition d\u00e9mocratique, que ce soit en adh\u00e9rant et en prenant une part active \u00e0 la D\u00e9claration de Damas pour le Changement National D\u00e9mocratique en Syrie, en 2005, ou en acceptant d\u2019\u00eatre repr\u00e9sent\u00e9s au sein du nouveau Conseil National Syrien, en 2011, doutent du caract\u00e8re judicieux de ces initiatives. Ils redoutent deux choses. Ils craignent d\u2019abord que les Kurdes aient \u00e0 assumer collectivement la strat\u00e9gie du PYD, que ce soit face au r\u00e9gime syrien, si celui-ci sort victorieux de l\u2019\u00e9preuve, ou face aux nouveaux dirigeants de la Syrie, dont la lutte aura \u00e9t\u00e9 rendue \u00e0 la fois plus longue et plus co\u00fbteuse en vies humaines par le manque d\u2019engagement du PYD dans la r\u00e9volution. Ils s\u2019inqui\u00e8tent aussi, et peut-\u00eatre surtout, d\u2019\u00eatre victimes, dans un Kurdistan occidental domin\u00e9 par l\u2019ancien PKK, des pratiques d\u2019un parti dont la d\u00e9mocratie interne n\u2019a jamais \u00e9t\u00e9 le point fort, et qui pourrait chercher \u00e0 s\u2019attribuer dans la nouvelle entit\u00e9, comme le Parti Baath dans la Syrie de Hafez puis de Bachar Al Assad, le r\u00f4le de \u00ab\u00a0parti dirigeant de l\u2019Etat et de la soci\u00e9t\u00e9\u00a0\u00bb. Les heurts intervenus \u00e0 Qamichli vendredi dernier 28 octobre, \u00ab\u00a0Vendredi de l&#8217;embargo a\u00e9rien\u00a0\u00bb, entre des partisans du PYD et des membres kurdes des Comit\u00e9s Locaux de Coordination semblent leur donner raison. Ils ont \u00e9t\u00e9 provoqu\u00e9s par l&rsquo;obstination des premiers, qui avaient brill\u00e9 par leur absence des manifestations au cours des mois \u00e9coul\u00e9s, \u00e0 arborer une banderole consid\u00e9r\u00e9e par les seconds mal venue, sur laquelle figuraient les mots : \u00ab\u00a0Le Conseil National Kurde est le repr\u00e9sentant l\u00e9gitime du peuple kurde en Syrie\u00a0\u00bb.<\/p>\n<p>A la surprise g\u00e9n\u00e9rale, le r\u00e9gime syrien, champion autoproclam\u00e9 du nationalisme arabe le plus sourcilleux, para\u00eet non seulement accepter ce qui se pr\u00e9pare, mais semble \u00e9galement enclin \u00e0 faciliter son bon aboutissement. Les d\u00e9tenteurs de l\u2019autorit\u00e9 civile, militaire et s\u00e9curitaire dans la Jazireh n\u2019avaient jamais manifest\u00e9 jusqu\u2019ici la moindre mansu\u00e9tude, ni avec ceux qui affichaient des signes ext\u00e9rieurs de particularisme ethnique ou religieux, ni avec ceux qui paraissaient vouloir contester leur pouvoir. Or, ils affectent aujourd&rsquo;hui de ne rien voir du projet qu\u2019ils auraient nagu\u00e8re qualifi\u00e9 de \u00ab\u00a0s\u00e9paratiste\u00a0\u00bb, qui se met en place sous leurs yeux. Ils n\u2019agissent pas ainsi de gait\u00e9 de c\u0153ur. Mais ils se plient \u00e0 des ordres, dont on ne peut douter qu\u2019ils \u00e9manent du plus haut sommet de l\u2019Etat.<\/p>\n<p>C\u2019est avec l\u2019aval de Bachar Al Assad que le pr\u00e9sident du PYD, Mohammed Saleh Mouslim, qui figurait en t\u00eate de liste des personnes recherch\u00e9es par tous les services syriens de renseignement dans le cadre de l\u2019accord de s\u00e9curit\u00e9 conclu entre Damas et Ankara, a pu regagner son pays sans \u00eatre le moins du monde inqui\u00e9t\u00e9, au milieu du mois d\u2019avril 2011. C\u2019est gr\u00e2ce \u00e0 la protection du chef de l\u2019Etat qu\u2019il a pu depuis lors se livrer \u00e0 une activit\u00e9 politique qui \u00e9branle pourtant les dogmes du Parti Baath et les fondements de la R\u00e9publique Arabe Syrienne. C\u2019est avec son encouragement que le leader du PYD, qui n\u2019avait jamais fait alliance avec un quelconque parti arabe, s\u2019est engag\u00e9 dans le Comit\u00e9 de Coordination Nationale des Forces de Changement National D\u00e9mocratique, cr\u00e9\u00e9 le 26 juin \u00e0 Damas pour contrebalancer l\u2019influence centriste de la D\u00e9claration de Damas et offrir au r\u00e9gime, au sein de l\u2019opposition, un interlocuteur politique dispos\u00e9 \u00e0 n\u00e9gocier, et peut-\u00eatre \u00e0 transiger. C\u2019est avec son assentiment, enfin, qu\u2019il a accept\u00e9 de si\u00e9ger au bureau ex\u00e9cutif de ce rassemblement, au c\u00f4t\u00e9 de repr\u00e9sentants de partis nass\u00e9riens et autres, dont les positions nationalistes arabes n\u2019ont jamais \u00e9t\u00e9 et ne sont toujours pas favorables aux Kurdes et \u00e0 leurs revendications.<\/p>\n<p>L\u2019\u00e9trange connivence qui lie le r\u00e9gime syrien au PYD et \u00e0 son projet, s\u2019explique par la peur que le pouvoir \u00e9prouve face \u00e0 l\u2019alternative qui se dessine pour la Syrie. Pour ne pas voir tout le pays lui \u00e9chapper, Bachar Al Assad est pr\u00eat \u00e0 abandonner la gestion &#8211; et peut-\u00eatre la souverainet\u00e9 &#8211; d\u2019une partie du territoire national aux Kurdes. Il consid\u00e8re que ces derniers, non arabes et globalement peu religieux, sont ses meilleurs alli\u00e9s dans la lutte qu\u2019il m\u00e8ne contre ce qui le terrorise v\u00e9ritablement, non pas les Fr\u00e8res Musulmans&#8230; qui n&rsquo;ont plus de base en Syrie, mais la d\u00e9mocratie. Le chef de l\u2019Etat sait que le r\u00e9\u00e9quilibrage des pouvoirs, dans une Syrie redevenue d\u00e9mocratique, permettra \u00e0 la communaut\u00e9 sunnite majoritaire de r\u00e9cup\u00e9rer une partie de l\u2019influence dont elle a \u00e9t\u00e9 priv\u00e9e depuis 1963 par le syst\u00e8me baathiste, puis par la confiscation de la d\u00e9cision par la famille Al Assad et ses affid\u00e9s au sein des diff\u00e9rentes communaut\u00e9s. Dans une telle Syrie, o\u00f9 les \u00e9lections libres mettront un terme \u00e0 la d\u00e9connection actuelle du syst\u00e8me politique avec la r\u00e9alit\u00e9 sociale, la famille pr\u00e9sidentielle et son entourage, qui monopolisent le pouvoir r\u00e9el\u00a0\u00bb dans les coulisses et qui b\u00e9n\u00e9ficient d\u2019une influence sur la d\u00e9cision sans commune mesure avec leur poids d\u00e9mographique, seront ramen\u00e9s \u00e0 une plus juste repr\u00e9sentation. Et ils seront contraints, comme les autres Syriens, de rendre des comptes \u00e0 la Justice sur leurs agissements, leur corruption et leurs atteintes pass\u00e9es et pr\u00e9sentes aux Droits de l\u2019Homme.<\/p>\n<p>Pour tenter de pr\u00e9venir une telle \u00e9ch\u00e9ance, Bachar Al Assad ne cesse de montrer qu\u2019il est pr\u00eat \u00e0 tout : sacrifier \u00e0 sa volont\u00e9 de pouvoir le tiers de sa population ; crier au loup islamiste avant qu\u2019il se soit manifest\u00e9 ; d\u00e9noncer les complots ourdis contre la Syrie par ses ennemis saoudo-am\u00e9ricano-isra\u00e9liens ; chercher des alli\u00e9s n\u2019importe o\u00f9 en reniant ses principes et ses discours ; et finalement, renouant avec la politique de nuisance qui a jadis assur\u00e9 dans un autre contexte une trop longue immunit\u00e9 \u00e0 son p\u00e8re, menacer, au risque d\u2019\u00eatre lui-m\u00eame emport\u00e9 par l\u2019incendie, de mettre le feu \u00e0 l\u2019ensemble de la r\u00e9gion.<\/p>\n<p>http:\/\/syrie.blog.lemonde.fr\/2011\/11\/02\/les-kurdes-sur-la-voie-de-l%E2%80%99autonomie-en-syrie%E2%80%A6-avec-l%E2%80%99aval-de-bachar-al-assad\/<\/p>\n","protected":false},"excerpt":{"rendered":"<p>Les chiffres sont \u00e9loquents. Le 15 septembre 2011, soit six mois jour pour jour apr\u00e8s le d\u00e9clenchement du mouvement de protestation populaire en Syrie, la r\u00e9pression avait fait 761 morts \u00e0 Homs, 594 \u00e0 Daraa, 350 \u00e0 Hama, 319 \u00e0 Idlib, 182 \u00e0 Lattaqui\u00e9\u2026 En revanche, Hassak\u00e9 et Qamichli, les deux principales villes de la<\/p>\n","protected":false},"author":1,"featured_media":0,"comment_status":"closed","ping_status":"closed","sticky":false,"template":"","format":"standard","meta":{"_uf_show_specific_survey":0,"_uf_disable_surveys":false,"footnotes":""},"categories":[],"tags":[],"class_list":["post-131535","post","type-post","status-publish","format-standard"],"aioseo_notices":[],"_links":{"self":[{"href":"https:\/\/middleeasttransparent.com\/fr\/wp-json\/wp\/v2\/posts\/131535","targetHints":{"allow":["GET"]}}],"collection":[{"href":"https:\/\/middleeasttransparent.com\/fr\/wp-json\/wp\/v2\/posts"}],"about":[{"href":"https:\/\/middleeasttransparent.com\/fr\/wp-json\/wp\/v2\/types\/post"}],"author":[{"embeddable":true,"href":"https:\/\/middleeasttransparent.com\/fr\/wp-json\/wp\/v2\/users\/1"}],"replies":[{"embeddable":true,"href":"https:\/\/middleeasttransparent.com\/fr\/wp-json\/wp\/v2\/comments?post=131535"}],"version-history":[{"count":0,"href":"https:\/\/middleeasttransparent.com\/fr\/wp-json\/wp\/v2\/posts\/131535\/revisions"}],"wp:attachment":[{"href":"https:\/\/middleeasttransparent.com\/fr\/wp-json\/wp\/v2\/media?parent=131535"}],"wp:term":[{"taxonomy":"category","embeddable":true,"href":"https:\/\/middleeasttransparent.com\/fr\/wp-json\/wp\/v2\/categories?post=131535"},{"taxonomy":"post_tag","embeddable":true,"href":"https:\/\/middleeasttransparent.com\/fr\/wp-json\/wp\/v2\/tags?post=131535"}],"curies":[{"name":"wp","href":"https:\/\/api.w.org\/{rel}","templated":true}]}}