{"id":131504,"date":"2011-10-31T13:24:48","date_gmt":"2011-10-31T12:24:48","guid":{"rendered":"https:\/\/middleeasttransparent.com\/quel-sort-reserver-a-bachar-el-assad-apres-lexecution-de-kadhafi-nuance-et-consequences\/"},"modified":"2024-01-23T12:56:42","modified_gmt":"2024-01-23T11:56:42","slug":"quel-sort-reserver-a-bachar-el-assad-apres-lexecution-de-kadhafi-nuance-et-consequences","status":"publish","type":"post","link":"https:\/\/middleeasttransparent.com\/fr\/quel-sort-reserver-a-bachar-el-assad-apres-lexecution-de-kadhafi-nuance-et-consequences\/","title":{"rendered":"Quel sort r\u00e9server \u00e0 Bachar El-Assad, apr\u00e8s l&rsquo;ex\u00e9cution de Kadhafi ? Nuance et cons\u00e9quences !"},"content":{"rendered":"<p>Il est si \u00e9mouvant d&rsquo;assister \u00e0 la renaissance d&rsquo;une nation&#8230; Les derni\u00e8res nouvelles de Tripoli et certains commentaires dans la foul\u00e9e de la mort de l&rsquo;autoproclam\u00e9 \u00ab\u00a0roi des rois traditionnels d&rsquo;Afrique\u00a0\u00bb, m&rsquo;ont fait penser \u00e0 un intellectuel fran\u00e7ais -dont les cendres ont \u00e9t\u00e9 transf\u00e9r\u00e9es au Panth\u00e9on il n&rsquo;y a pas si longtemps que \u00e7a et ce n&rsquo;\u00e9tait pas \u00e0 sa demande!- pour qui \u00ab\u00a0juger, c&rsquo;est de toute \u00e9vidence ne pas comprendre puisque, si l&rsquo;on comprenait, on ne pourrait pas juger.\u00a0\u00bb Tel \u00e9tait le constat d&rsquo;Andr\u00e9 Malraux, l&rsquo;\u00e9crivain, aventurier, militant antifasciste, r\u00e9sistant et homme politique. Ah, que j&rsquo;aime lire la succession de ses titres\u2026 tout un roman!<\/p>\n<p>Les circonstances de la mort de Mouammar Kadhafi restent pour l&rsquo;instant obscures, m\u00eame si tout laisse penser qu&rsquo;il aurait \u00e9t\u00e9 ex\u00e9cut\u00e9. Soit, mais est-il \u00e9thiquement acceptable d&rsquo;ex\u00e9cuter froidement un homme aussi criminel soit-il? Un homme qui avait le look d&rsquo;une pop star, une sorte de Keith Richard oriental. Un homme excentrique, pour qui Nicolas Sarkozy n&rsquo;a pas h\u00e9sit\u00e9 \u00e0 d\u00e9rouler le tapis rouge, allant m\u00eame jusqu&rsquo;\u00e0 accepter son caprice d&rsquo;installer sa tente dans le parc de l&rsquo;H\u00f4tel Marigny \u00e0 deux pas des Champs-Elys\u00e9es! Un extravagant, prot\u00e9g\u00e9 par des femmes-soldats, ses \u00ab\u00a0amazones\u00a0\u00bb et comme l&rsquo;atteste un c\u00e2ble diplomatique r\u00e9v\u00e9l\u00e9 par Wikileaks, ne se d\u00e9pla\u00e7ait gu\u00e8re sans son infirmi\u00e8re ukrainienne choisie plus pour sa g\u00e9n\u00e9reuse poitrine que pour ses comp\u00e9tences m\u00e9dicales. Un sentimental aussi, avec son b\u00e9guin pour Leezza (Condoleezza Rice, l&rsquo;ex-secr\u00e9taire d&rsquo;Etat am\u00e9ricaine). Tenez, il n&rsquo;\u00e9tait pas le seul d&rsquo;ailleurs, Walid Joumblatt l&rsquo;avait devanc\u00e9 durant \u00ab\u00a0ayam el dala3\u00a0\u00bb avec Condy! On dit, des souvenirs d&rsquo;enfance, qu&rsquo;il avait conseill\u00e9 aux chr\u00e9tiens libanais de \u00ab\u00a0devenir musulmans\u00a0\u00bb pour avoir la paix dans l&rsquo;oc\u00e9an sunnite o\u00f9 ils vivaient. Un on-dit de guerre et de propagande peut \u00eatre. Ce qui est s\u00fbr, c&rsquo;est qu&rsquo;il a fait disparaitre sans scrupule l&rsquo;imam Moussa El-Sadre parce que celui-ci aurait refus\u00e9 de donner carte blanche aux milices palestiniennes au Sud-Liban. Un terroriste de renom au final, les attentats de Lockerbie en Ecosse et du Niger \u00e9tant ses exploits funestes les plus spectaculaires.<\/p>\n<p>En tout cas, ce n&rsquo;est pas pour ce bazar d&rsquo;excentricit\u00e9s et pour ses actes terroristes qu&rsquo;il aurait \u00e9t\u00e9 ex\u00e9cut\u00e9 \u00e0 la sortie des canalisations de Syrte, qui soit dit au passage on ne s&rsquo;est toujours pas si ce sont des canalisations d&rsquo;eau potable ou des eaux us\u00e9es, les derni\u00e8res convenant mieux \u00e0 la stature de l&rsquo;homme. L&rsquo;origine du drame libyen n&rsquo;est pas difficile \u00e0 comprendre. 42 ans de dictature qui n&rsquo;en finissaient pas; un seul responsable, Mouammar Kadhafi; une seule solution, la r\u00e9volution, un changement radical sans la moindre possibilit\u00e9 de retour en arri\u00e8re. Et comme une r\u00e9volution est par essence excessive et ne conna\u00eet pas les demi-mesures, le sort r\u00e9serv\u00e9 \u00e0 Kadhafi \u00e9tait pr\u00e9visible, il s&rsquo;inscrit dans cette logique. Ah qu&rsquo;il est facile de juger \u00e0 distance -physique et psychique- le comportement d&rsquo;un peuple \u00e9cras\u00e9 par 42 ans de terreur! Pour rappel, la \u00ab\u00a0noble\u00a0\u00bb r\u00e9volution fran\u00e7aise a guillotin\u00e9 15 998 personnes autres que Louis XVI et Marie-Antoinette. Pour l&rsquo;\u00e9poque c&rsquo;\u00e9tait \u00e9norme.<\/p>\n<p>Entre parenth\u00e8ses, l&rsquo;histoire \u00e9crira que notre r\u00e9volution au Liban n&rsquo;en \u00e9tait pas une. Samir Kassir parlait plut\u00f4t d&rsquo;intifada. Comme il avait bien raison quand on survole la suite des \u00e9v\u00e9nements! La \u00ab\u00a0r\u00e9volution du C\u00e8dre\u00a0\u00bb \u00e9tait responsable, trop responsable. Adulte plus qu&rsquo;il ne fallait. Pas assez adolescente. Pas du tout audacieuse. Elle n&rsquo;est pas all\u00e9e jusqu&rsquo;au bout d&rsquo;elle-m\u00eame. Elle a \u00e9t\u00e9 frileuse. Sinon comment expliquer qu&rsquo;elle ait pu accepter de laisser se dresser sur la route littorale entre Beyrouth et Jounieh un Palais des congr\u00e8s au nom d&rsquo;un collabo notoire -et fier de l&rsquo;\u00eatre- de la tyrannie des Assad et qu&rsquo;on soit oblig\u00e9 sur la route d&rsquo;Ouyoun El-Simane, encore aujourd&rsquo;hui, nous les a7rars de ce pays, et fiers de l&rsquo;\u00eatre, de traverser un rond point baptis\u00e9 au nom du symbole de la p\u00e9riode de terreur syro-libanaise! Comment expliquer enfin que les honteuses journ\u00e9es du Hezbollah en mai 2008 se soient termin\u00e9es par l&rsquo;honorable Accord de Doha?<\/p>\n<p>Pour revenir \u00e0 nos moutons, disons que rien n&rsquo;est \u00e9ternel, encore moins les tyrans. Et les tyrans doivent \u00eatre jug\u00e9s et non ex\u00e9cut\u00e9s sommairement. Cela va de soi, au moins pour moi. Je rajouterai que ce qui s&rsquo;est pass\u00e9 en Libye est une formidable le\u00e7on pour les r\u00e9volutionnaires syriens. Puisque cela conduit \u00e0 une question existentielle. Pas pour nous, mais pour lui, l&rsquo;h\u00e9ritier de la tyrannie de Damas.  Il est sans doute tr\u00e8s pr\u00e9matur\u00e9 d&rsquo;en parler mais dans ce domaine existentiel, mieux vaut en parler t\u00f4t que tard. Quel sort les r\u00e9volutionnaires syriens doivent r\u00e9server \u00e0 Bachar El-Assad (et sa clique)?<\/p>\n<p>Il ne sera sans doute pas facile d&rsquo;y r\u00e9pondre. D&rsquo;ailleurs, le moment venu, les r\u00e9volutionnaires ne disposeront sans doute de pas beaucoup de temps pour le faire. Personnellement \u00e9tant farouchement contre la peine de mort -quelqu&rsquo;en soit la nature du crime car il ne saurait y avoir des exceptions, c&rsquo;est une question morale; une peine qui est non seulement bannit en Europe, mais son abolition constitue une condition sine qua non pour int\u00e9grer l&rsquo;Union europ\u00e9enne; un acte barbare, que seuls des partis populistes soutiennent, condamn\u00e9 par Amnesty International et rejet\u00e9 par certains partis politiques libanais dont les Forces libanaises (et pour cause&#8230; les syriens et leurs collabos auraient envoy\u00e9 le seul prisonnier politique libanais Samir Geagea chez ses a\u00efeux depuis longtemps!)- je suis oppos\u00e9 \u00e0 l&rsquo;ex\u00e9cution sommaire de Bachar El-Assad.<\/p>\n<p>Aux yeux de l&rsquo;Histoire, une telle ex\u00e9cution ternira l\u00e9g\u00e8rement l&rsquo;\u00e9clat de la r\u00e9volution syrienne alors qu&rsquo;un jugement lui donnera plus rapidement ses lettres de noblesse! Le juger de ses crimes donnera l&rsquo;occasion au peuple syrien, non seulement de montrer aux yeux du monde entier les abominables crimes de la tyrannie du clan des Assad, mais aussi d&rsquo;\u00e9crire son histoire comme il se doit. M\u00eame si cela reste une affaire interne, j&rsquo;aimerai insister sur l&rsquo;importance du jugement de Bachar pour les libanais \u00e9galement.<\/p>\n<p><strong>Il faut que la R\u00e9volution syrienne sache que le jugement du dictateur de Damas aura des cons\u00e9quences majeures du c\u00f4t\u00e9 m\u00e9diterran\u00e9en de l&rsquo;Anti-Liban. Je ne parlerai que de celles qui pourraient int\u00e9resser le peuple syrien justement:<br \/>\n<\/strong><\/p>\n<p>1. Juger Bachar El-Assad restera le MEILLEUR moyen \u2013c&rsquo;est en majuscules SVP- dont elle disposera pour gagner en un \u00e9clair le c\u0153ur du peuple libanais! Un peuple meurtri par 29 ans d&rsquo;occupation, de terreur, de crimes, d&rsquo;assassinats, d&rsquo;enl\u00e8vements, d&#8217;emprisonnements abusifs, d&rsquo;extorsion de fonds, j&rsquo;en passe et des meilleurs.<\/p>\n<p>2. Il tracera une s\u00e9paration ind\u00e9niable et ind\u00e9l\u00e9bile entre la tyrannie des Assad et le peuple syrien! Alors de gr\u00e2ce \u00f4 r\u00e9volutionnaires syriens, ne l&rsquo;ex\u00e9cutez pas, pour en faire de lui un h\u00e9ros aux yeux de son irr\u00e9ductible clan transfrontalier! Ne leur donner pas cette chance h\u00e9r\u00e9tique.<\/p>\n<p>Ainsi, la R\u00e9volution syrienne pourrait \u00eatre amen\u00e9e, et voil\u00e0 l&rsquo;ironie de l&rsquo;Histoire, \u00e0 prot\u00e9ger son bourreau de la vindicte populaire pour garantir sa comparution devant le tribunal du peuple et de l&rsquo;Histoire. Il lui sera demand\u00e9 d&#8217;emp\u00eacher le peuple syrien, par la force peut \u00eatre, de s&rsquo;en prendre \u00e0 l&rsquo;h\u00e9ritier de la tyrannie du clan des Assad. Il faudra peut \u00eatre d\u00e8s aujourd&rsquo;hui que la branche dissidente de l&rsquo;arm\u00e9e syrienne, cr\u00e9e au plus vite une unit\u00e9 sp\u00e9cialis\u00e9e. Celle-ci sera entrain\u00e9e militairement pour capturer le pr\u00e9sident syrien Bachar El-Assad, mais aussi et surtout entrain\u00e9e psychologiquement pour le capturer vivant! C&rsquo;est une question de nuance, aux nombreuses cons\u00e9quences!<\/p>\n<p>bakhosbaalbaki@gmail.com<\/p>\n<p>Ecrivain libanais- Beyrouth<\/p>\n","protected":false},"excerpt":{"rendered":"<p>Il est si \u00e9mouvant d&rsquo;assister \u00e0 la renaissance d&rsquo;une nation&#8230; Les derni\u00e8res nouvelles de Tripoli et certains commentaires dans la foul\u00e9e de la mort de l&rsquo;autoproclam\u00e9 \u00ab\u00a0roi des rois traditionnels d&rsquo;Afrique\u00a0\u00bb, m&rsquo;ont fait penser \u00e0 un intellectuel fran\u00e7ais -dont les cendres ont \u00e9t\u00e9 transf\u00e9r\u00e9es au Panth\u00e9on il n&rsquo;y a pas si longtemps que \u00e7a et<\/p>\n","protected":false},"author":1,"featured_media":0,"comment_status":"closed","ping_status":"closed","sticky":false,"template":"","format":"standard","meta":{"_uf_show_specific_survey":0,"_uf_disable_surveys":false,"footnotes":""},"categories":[],"tags":[],"class_list":["post-131504","post","type-post","status-publish","format-standard"],"aioseo_notices":[],"_links":{"self":[{"href":"https:\/\/middleeasttransparent.com\/fr\/wp-json\/wp\/v2\/posts\/131504","targetHints":{"allow":["GET"]}}],"collection":[{"href":"https:\/\/middleeasttransparent.com\/fr\/wp-json\/wp\/v2\/posts"}],"about":[{"href":"https:\/\/middleeasttransparent.com\/fr\/wp-json\/wp\/v2\/types\/post"}],"author":[{"embeddable":true,"href":"https:\/\/middleeasttransparent.com\/fr\/wp-json\/wp\/v2\/users\/1"}],"replies":[{"embeddable":true,"href":"https:\/\/middleeasttransparent.com\/fr\/wp-json\/wp\/v2\/comments?post=131504"}],"version-history":[{"count":0,"href":"https:\/\/middleeasttransparent.com\/fr\/wp-json\/wp\/v2\/posts\/131504\/revisions"}],"wp:attachment":[{"href":"https:\/\/middleeasttransparent.com\/fr\/wp-json\/wp\/v2\/media?parent=131504"}],"wp:term":[{"taxonomy":"category","embeddable":true,"href":"https:\/\/middleeasttransparent.com\/fr\/wp-json\/wp\/v2\/categories?post=131504"},{"taxonomy":"post_tag","embeddable":true,"href":"https:\/\/middleeasttransparent.com\/fr\/wp-json\/wp\/v2\/tags?post=131504"}],"curies":[{"name":"wp","href":"https:\/\/api.w.org\/{rel}","templated":true}]}}