{"id":131342,"date":"2011-10-09T00:32:30","date_gmt":"2011-10-08T23:32:30","guid":{"rendered":"https:\/\/middleeasttransparent.com\/syrie-50-000-manifestants-aux-funerailles-de-lopposant-kurde-mechaal-tamo\/"},"modified":"2024-01-23T12:56:31","modified_gmt":"2024-01-23T11:56:31","slug":"syrie-50-000-manifestants-aux-funerailles-de-lopposant-kurde-mechaal-tamo","status":"publish","type":"post","link":"https:\/\/middleeasttransparent.com\/fr\/syrie-50-000-manifestants-aux-funerailles-de-lopposant-kurde-mechaal-tamo\/","title":{"rendered":"Syrie : 50 000 manifestants aux fun\u00e9railles de l&rsquo;opposant kurde Mechaal Tamo"},"content":{"rendered":"<p>LEMONDE.FR avec AFP<\/p>\n<p>Plus de 50 000 manifestants participaient samedi 8 octobre aux fun\u00e9railles de l&rsquo;opposant kurde Mechaal Tamo, selon l&rsquo;Observatoire syrien des droits de l&rsquo;Homme (OSDH). Des militants affirment que les forces de s\u00e9curit\u00e9 syriennes ont tir\u00e9 sur les participants, faisant au moins deux mort et plusieurs bless\u00e9es. Mechaal Tamo, \u00e2g\u00e9 de 53 ans, \u00e9tait membre du Conseil national syrien (CNS), principale coalition de l&rsquo;opposition. Il a \u00e9t\u00e9 assassin\u00e9 vendredi dans des circonstances qui demeurent troubles.<\/p>\n<p><iframe title=\"\u062a\u0634\u064a\u064a\u0639 \u0627\u0645\u0646\u0627\u0636\u0644 \u0645\u0634\u0639\u0644 \u0627\u0644\u062a\u0645\u0648 \u0642\u0627\u0645\u0634\u0644\u064a 08-10-2011\" width=\"768\" height=\"576\" src=\"https:\/\/www.youtube.com\/embed\/WG1RgqjtB7M?feature=oembed\" frameborder=\"0\" allow=\"accelerometer; autoplay; clipboard-write; encrypted-media; gyroscope; picture-in-picture; web-share\" referrerpolicy=\"strict-origin-when-cross-origin\" allowfullscreen><\/iframe><\/p>\n<p>Selon les informations du d\u00e9partement d&rsquo;Etat am\u00e9ricain, M. Tamo a \u00e9t\u00e9 \u00ab\u00a0frapp\u00e9 dans la rue\u00a0\u00bb. D&rsquo;apr\u00e8s des militants syriens, il aurait \u00e9t\u00e9 tu\u00e9 par balles par des inconnus \u00e0 son domicile, \u00e0 Qamichli, dans le nord-est de la Syrie. \u00ab\u00a0Quatre hommes arm\u00e9s et masqu\u00e9s se sont introduits dans la maison de Mechaal Tamo et ont ouvert le feu sur lui et sur son fils Marcel et une coll\u00e8gue\u00a0\u00bb, qui ont tous deux \u00e9t\u00e9 bless\u00e9s, a annonc\u00e9 l&rsquo;OSDH. Une troisi\u00e8me version est avanc\u00e9e par l&rsquo;agence officielle syrienne Sana, qui affirme qu&rsquo;il a \u00e9t\u00e9 tu\u00e9 par des \u00ab\u00a0hommes arm\u00e9s \u00e0 bord d&rsquo;une voiture noire qui ont tir\u00e9 sur son v\u00e9hicule\u00a0\u00bb.<\/p>\n<p>Fondateur du Courant du Futur, un parti kurde lib\u00e9ral, Mechaal Tamo avait r\u00e9cemment \u00e9t\u00e9 lib\u00e9r\u00e9 apr\u00e8s trois ans et demi de prison. Il avait rejet\u00e9 une proposition de dialogue pr\u00e9sent\u00e9e aux partis kurdes par les autorit\u00e9s.<\/p>\n<p><strong>UN D\u00c9PART D&rsquo;ASSAD \u00ab\u00a0MAINTENANT\u00a0\u00bb<br \/>\n<\/strong><\/p>\n<p>La communaut\u00e9 internationale a vivement r\u00e9agi, \u00e0 l&rsquo;image des Etats-Unis qui ont appel\u00e9 le pr\u00e9sident Bachar al-Assad \u00e0 quitter le pouvoir \u00ab\u00a0maintenant\u00a0\u00bb, \u00e9voquant une situation \u00ab\u00a0tr\u00e8s dangereuse\u00a0\u00bb.<\/p>\n<p>\u00ab\u00a0C&rsquo;est \u00e0 l&rsquo;\u00e9vidence une escalade dans la tactique du r\u00e9gime\u00a0\u00bb, a comment\u00e9 la porte-parole du d\u00e9partement d&rsquo;Etat am\u00e9ricain, Victoria Nuland. \u00ab\u00a0Nous avions d\u00e9j\u00e0 \u00e9t\u00e9 inform\u00e9s de tortures, de tabassage, etc.\u00a0\u00bb, a not\u00e9 Mme Nuland, \u00ab\u00a0mais pas en plein jour dans la rue, ce qui est clairement fait pour intimider\u00a0\u00bb.<\/p>\n<p>Le Conseil national syrien (CNS), duquel M. Tamo \u00e9tait membre, a imm\u00e9diatement d\u00e9nonc\u00e9 ces \u00ab\u00a0repr\u00e9sailles\u00a0\u00bb du r\u00e9gime syrien. \u00ab\u00a0Nous sommes tr\u00e8s inquiets. Le r\u00e9gime a d\u00e9cid\u00e9 de passer aux repr\u00e9sailles contre les membres du CNS\u00a0\u00bb, a d\u00e9clar\u00e9 la porte-parole de l&rsquo;opposition unifi\u00e9e du comit\u00e9, Bassma Kodmani. \u00ab\u00a0Ils ont franchi une nouvelle \u00e9tape dans la strat\u00e9gie de r\u00e9pression. Tous les leaders de l&rsquo;opposition doivent se prot\u00e9ger\u00a0\u00bb, a-t-elle ajout\u00e9.<\/p>\n<p>Cr\u00e9\u00e9 fin ao\u00fbt \u00e0 Istanbul, le CNS r\u00e9unit la majorit\u00e9 des courants politiques oppos\u00e9s au r\u00e9gime de M. Assad, en particulier les comit\u00e9s de coordination locaux (LCC), les lib\u00e9raux, la confr\u00e9rie des Fr\u00e8res musulmans ainsi que des partis kurdes et assyriens. Il doit en principe se r\u00e9unir samedi au Caire, en particulier pour se doter d&rsquo;une direction. La moiti\u00e9 de ses membres vivent en Syrie, alors que les autres sont \u00e9parpill\u00e9s aux Etats-Unis et en Europe, notamment \u00e0 Paris et \u00e0 Istanbul.<\/p>\n<p>L&rsquo;opposant Riad Seif a \u00e9galement \u00e9t\u00e9 hospitalis\u00e9 vendredi apr\u00e8s avoir \u00e9t\u00e9 battu par des agents de s\u00e9curit\u00e9 devant la mosqu\u00e9e Al-Hassan, dans le quartier Midane, \u00e0 Damas, ont d\u00e9nonc\u00e9 les LCC, mouvement qui chapeaute les manifestants sur le terrain.<\/p>\n<p><a href=\"http:\/\/www.lemonde.fr\/proche-orient\/article\/2011\/10\/07\/washington-inquiet-des-attaques-ciblees-contre-les-opposants-syriens_1584231_3218.html\">Le Monde<\/a><\/p>\n","protected":false},"excerpt":{"rendered":"<p>LEMONDE.FR avec AFP Plus de 50 000 manifestants participaient samedi 8 octobre aux fun\u00e9railles de l&rsquo;opposant kurde Mechaal Tamo, selon l&rsquo;Observatoire syrien des droits de l&rsquo;Homme (OSDH). Des militants affirment que les forces de s\u00e9curit\u00e9 syriennes ont tir\u00e9 sur les participants, faisant au moins deux mort et plusieurs bless\u00e9es. Mechaal Tamo, \u00e2g\u00e9 de 53 ans,<\/p>\n","protected":false},"author":1,"featured_media":0,"comment_status":"closed","ping_status":"closed","sticky":false,"template":"","format":"standard","meta":{"_uf_show_specific_survey":0,"_uf_disable_surveys":false,"footnotes":""},"categories":[],"tags":[],"class_list":["post-131342","post","type-post","status-publish","format-standard"],"aioseo_notices":[],"_links":{"self":[{"href":"https:\/\/middleeasttransparent.com\/fr\/wp-json\/wp\/v2\/posts\/131342","targetHints":{"allow":["GET"]}}],"collection":[{"href":"https:\/\/middleeasttransparent.com\/fr\/wp-json\/wp\/v2\/posts"}],"about":[{"href":"https:\/\/middleeasttransparent.com\/fr\/wp-json\/wp\/v2\/types\/post"}],"author":[{"embeddable":true,"href":"https:\/\/middleeasttransparent.com\/fr\/wp-json\/wp\/v2\/users\/1"}],"replies":[{"embeddable":true,"href":"https:\/\/middleeasttransparent.com\/fr\/wp-json\/wp\/v2\/comments?post=131342"}],"version-history":[{"count":0,"href":"https:\/\/middleeasttransparent.com\/fr\/wp-json\/wp\/v2\/posts\/131342\/revisions"}],"wp:attachment":[{"href":"https:\/\/middleeasttransparent.com\/fr\/wp-json\/wp\/v2\/media?parent=131342"}],"wp:term":[{"taxonomy":"category","embeddable":true,"href":"https:\/\/middleeasttransparent.com\/fr\/wp-json\/wp\/v2\/categories?post=131342"},{"taxonomy":"post_tag","embeddable":true,"href":"https:\/\/middleeasttransparent.com\/fr\/wp-json\/wp\/v2\/tags?post=131342"}],"curies":[{"name":"wp","href":"https:\/\/api.w.org\/{rel}","templated":true}]}}