{"id":131289,"date":"2011-10-01T17:42:45","date_gmt":"2011-10-01T16:42:45","guid":{"rendered":"https:\/\/middleeasttransparent.com\/la-rebellion-kurde-a-repris-les-armes-en-turquie\/"},"modified":"2024-01-23T12:56:27","modified_gmt":"2024-01-23T11:56:27","slug":"la-rebellion-kurde-a-repris-les-armes-en-turquie","status":"publish","type":"post","link":"https:\/\/middleeasttransparent.com\/fr\/la-rebellion-kurde-a-repris-les-armes-en-turquie\/","title":{"rendered":"La r\u00e9bellion kurde a repris les armes en Turquie"},"content":{"rendered":"<p><strong><br \/>\nPar Laure Marchand<\/p>\n<p>Depuis l&rsquo;\u00e9t\u00e9, elle multiplie les attaques contre les casernes et les policiers.<br \/>\n<\/strong><\/p>\n<p>Un grondement enfle derri\u00e8re les nuages, jusqu&rsquo;\u00e0 devenir assourdissant. On entend toujours les F16 avant de les voir. Des vieillards, qui prennent le frais \u00e0 l&rsquo;ombre des remparts mill\u00e9naires de Diyarbakir, la grande ville kurde de la Turquie, ont tous le m\u00eame r\u00e9flexe et l\u00e8vent la t\u00eate pour suivre la trajectoire des avions de combat dans le ciel. Une col\u00e8re sourde se lit dans leur regard. Hier encore, l&rsquo;arm\u00e9e turque a pilonn\u00e9 les camps de la gu\u00e9rilla kurde du PKK (Parti des travailleurs du Kurdistan) install\u00e9s dans les montagnes du nord de l&rsquo;Irak. Les bombardements ont d\u00e9but\u00e9 mi-ao\u00fbt et se sont intensifi\u00e9s ces derniers jours.<\/p>\n<p>Apr\u00e8s une p\u00e9riode d&rsquo;accalmie, la Turquie, incapable de mettre un terme \u00e0 une guerre civile qui a fait plus de 45 000 morts depuis 1984, se trouve une nouvelle fois confront\u00e9e \u00e0 son d\u00e9mon kurde. Le conflit conna\u00eet un regain de violence, aliment\u00e9 par une reprise des attaques arm\u00e9es du PKK et une brutale r\u00e9pression du mouvement politique kurde par les autorit\u00e9s turques.<\/p>\n<p>Depuis la mi-juin, au moins 135 personnes ont \u00e9t\u00e9 tu\u00e9es en Turquie essentiellement lors d&rsquo;affrontements conduits par le mouvement autonomiste. Dans le sud-est du pays, \u00e0 majorit\u00e9 kurde, les rebelles multiplient les attaques contre des casernes, des policiers, des convois militaires sur les routes montagneuses. De plus en plus de civils font partie des victimes. Lundi soir, dans le centre-ville de Batman, une femme enceinte et sa fille ont \u00e9t\u00e9 tu\u00e9es au cours d&rsquo;une fusillade. Samedi, six soldats et trois insurg\u00e9s ont perdu la vie lors de l&rsquo;assaut d&rsquo;une gendarmerie dans la province de Siirt.<\/p>\n<p>Attentats et kidnappings<br \/>\nLa capitale, Ankara, n&rsquo;est pas \u00e9pargn\u00e9e : la semaine derni\u00e8re, l&rsquo;explosion d&rsquo;une voiture pi\u00e9g\u00e9e, au c\u0153ur d&rsquo;un quartier administratif, a fait trois morts. Les Faucons de la libert\u00e9 du Kurdistan (TAK), un groupe radical que l&rsquo;\u00c9tat accuse d&rsquo;\u00eatre une branche du PKK, a revendiqu\u00e9 l&rsquo;attentat, assurant qu&rsquo;il ne s&rsquo;agissait que d&rsquo;un \u00abd\u00e9but\u00bb : \u00abLes m\u00e9tropoles turques seront notre champ de bataille.\u00bb Et les repr\u00e9sentants de l&rsquo;\u00c9tat sont pris pour cible. Douze professeurs ont \u00e9t\u00e9 enlev\u00e9s ces derniers jours dans deux provinces du Sud-Est. Ces kidnappings rappellent les assassinats d&rsquo;enseignants dans les ann\u00e9es 1990.<\/p>\n<p>Dans le fief de Diyarbakir, l&rsquo;engrenage militaire b\u00e9n\u00e9ficie d&rsquo;une certaine bienveillance m\u00eame si on d\u00e9plore les victimes civiles. Signe d&rsquo;une radicalisation des Kurdes de Turquie, estim\u00e9s entre 11 et 15 millions. L&rsquo;espoir n\u00e9 de \u00abl&rsquo;ouverture d\u00e9mocratique\u00bb lanc\u00e9e en 2009 par le gouvernement islamo-conservateur pour satisfaire les revendications de cette minorit\u00e9 n&rsquo;est plus qu&rsquo;un lointain et amer souvenir. En deux ans, plus de 3 000 repr\u00e9sentants politiques kurdes ont \u00e9t\u00e9 emprisonn\u00e9s, accus\u00e9s d&rsquo;\u00eatre membres d&rsquo;une organisation terroriste. Vendredi dernier encore, 34 militants ont \u00e9t\u00e9 arr\u00eat\u00e9s, dont trois maires d&rsquo;importantes villes. \u00c0 ce bilan, il faut ajouter les milliers d&rsquo;anonymes derri\u00e8re les barreaux. \u00abLes prisons d\u00e9bordent\u00bb, d\u00e9clare Mehmet Kaya, qui dirige le Centre de recherches sociales du Tigre. Cet influent membre de la soci\u00e9t\u00e9 civile kurde n&rsquo;a jamais \u00e9t\u00e9 un partisan de la lutte arm\u00e9e. Mais il dit ne plus avoir d&rsquo;argument pour appeler le PKK au cessez-le-feu : \u00abIl y a une radicalisation de la population m\u00eame si les meurtres (commis par l&rsquo;arm\u00e9e ou des groupes paramilitaires, NDLR) ont cess\u00e9. Car en voyant toutes ces d\u00e9tentions, les Kurdes se disent que la voie politique ne m\u00e8ne nulle part, y compris ceux qui condamnent les m\u00e9thodes du PKK.\u00bb<\/p>\n<p>Vers 18 heures, la fra\u00eecheur de la nuit approchante est propice aux sorties entre Diyarbakiriotes. Pourtant, des tables dispos\u00e9es autour d&rsquo;une fontaine restent inoccup\u00e9es. \u00abTout le monde craint des arrestations, m\u00eame ceux qui n&rsquo;ont pas d&rsquo;activit\u00e9 politique, explique un serveur de ce caf\u00e9 r\u00e9put\u00e9 proche de la formation nationaliste kurde, le Parti pour la paix et la d\u00e9mocratie (BDP). La peur et la col\u00e8re montent de concert.\u00bb<\/p>\n<p>\u00abQue peut-on attendre d&rsquo;autre qu&rsquo;une radicalisation de la part du PKK ? Il ne s&rsquo;agit pas d&rsquo;une organisation caritative, critique Sezgin Tanrikulu, ancien b\u00e2tonnier de Diyarbakir et d\u00e9put\u00e9 du parti k\u00e9maliste. Mais le gouvernement n&rsquo;a aucune id\u00e9e pour r\u00e9gler le probl\u00e8me, hormis l&rsquo;approche s\u00e9curitaire.\u00bb Une intervention terrestre dans le Kurdistan irakien peut \u00ab\u00eatre lanc\u00e9e \u00e0 tout moment\u00bb selon le minist\u00e8re des Affaires \u00e9trang\u00e8res. Dimanche, en rentrant des \u00c9tats-Unis, o\u00f9 il a n\u00e9goci\u00e9 la livraison de drones am\u00e9ricains Predator pour frapper les camps en Irak, le premier ministre, Recep Tayyip Erdogan, a assur\u00e9 que \u00ables n\u00e9gociations \u00e9taient suspendues. La lutte durera jusqu&rsquo;\u00e0 ce que le PKK rende les armes\u00bb. La presse turque a r\u00e9v\u00e9l\u00e9 que des pourparlers directs entre le MIT (les services de renseignements turcs) et les grands chefs du PKK avaient bien eu lieu ces derniers mois, en Norv\u00e8ge et en Belgique. Aujourd&rsquo;hui, la fen\u00eatre de discussion s&rsquo;est referm\u00e9e. Et le leader de la gu\u00e9rilla, Abdullah \u00d6calan, est isol\u00e9 sur l&rsquo;\u00eele-prison d&rsquo;Imrali, o\u00f9 il purge une peine \u00e0 perp\u00e9tuit\u00e9 : ses avocats ne sont plus autoris\u00e9s \u00e0 lui rendre visite depuis le mois de juillet.<\/p>\n<p>Une timide issue appara\u00eet pour sortir de l&rsquo;impasse. Tandis que trois d\u00e9put\u00e9s du BDP sont toujours en prison, les 32 autres ont d\u00e9cid\u00e9, mercredi, de retourner au parlement, qu&rsquo;ils boycottaient depuis les l\u00e9gislatives en juin.<\/p>\n<p><a href=\"http:\/\/www.lefigaro.fr\/international\/2011\/09\/30\/01003-20110930ARTFIG00972-la-rebellion-kurde-a-repris-les-armesen-turquie.php\">Le Figaro<\/a><\/p>\n","protected":false},"excerpt":{"rendered":"<p>Par Laure Marchand Depuis l&rsquo;\u00e9t\u00e9, elle multiplie les attaques contre les casernes et les policiers. Un grondement enfle derri\u00e8re les nuages, jusqu&rsquo;\u00e0 devenir assourdissant. On entend toujours les F16 avant de les voir. Des vieillards, qui prennent le frais \u00e0 l&rsquo;ombre des remparts mill\u00e9naires de Diyarbakir, la grande ville kurde de la Turquie, ont tous<\/p>\n","protected":false},"author":1,"featured_media":0,"comment_status":"closed","ping_status":"closed","sticky":false,"template":"","format":"standard","meta":{"_uf_show_specific_survey":0,"_uf_disable_surveys":false,"footnotes":""},"categories":[],"tags":[],"class_list":["post-131289","post","type-post","status-publish","format-standard"],"aioseo_notices":[],"_links":{"self":[{"href":"https:\/\/middleeasttransparent.com\/fr\/wp-json\/wp\/v2\/posts\/131289","targetHints":{"allow":["GET"]}}],"collection":[{"href":"https:\/\/middleeasttransparent.com\/fr\/wp-json\/wp\/v2\/posts"}],"about":[{"href":"https:\/\/middleeasttransparent.com\/fr\/wp-json\/wp\/v2\/types\/post"}],"author":[{"embeddable":true,"href":"https:\/\/middleeasttransparent.com\/fr\/wp-json\/wp\/v2\/users\/1"}],"replies":[{"embeddable":true,"href":"https:\/\/middleeasttransparent.com\/fr\/wp-json\/wp\/v2\/comments?post=131289"}],"version-history":[{"count":0,"href":"https:\/\/middleeasttransparent.com\/fr\/wp-json\/wp\/v2\/posts\/131289\/revisions"}],"wp:attachment":[{"href":"https:\/\/middleeasttransparent.com\/fr\/wp-json\/wp\/v2\/media?parent=131289"}],"wp:term":[{"taxonomy":"category","embeddable":true,"href":"https:\/\/middleeasttransparent.com\/fr\/wp-json\/wp\/v2\/categories?post=131289"},{"taxonomy":"post_tag","embeddable":true,"href":"https:\/\/middleeasttransparent.com\/fr\/wp-json\/wp\/v2\/tags?post=131289"}],"curies":[{"name":"wp","href":"https:\/\/api.w.org\/{rel}","templated":true}]}}