{"id":131255,"date":"2011-09-27T15:35:01","date_gmt":"2011-09-27T14:35:01","guid":{"rendered":"https:\/\/middleeasttransparent.com\/al-mayadeen-la-chaine-anti-al-jazeera-dans-le-monde-arabe\/"},"modified":"2024-01-23T01:47:31","modified_gmt":"2024-01-23T00:47:31","slug":"al-mayadeen-la-chaine-anti-al-jazeera-dans-le-monde-arabe","status":"publish","type":"post","link":"https:\/\/middleeasttransparent.com\/fr\/al-mayadeen-la-chaine-anti-al-jazeera-dans-le-monde-arabe\/","title":{"rendered":"Al-Mayadeen: la cha\u00eene anti Al-Jazeera dans le monde arabe"},"content":{"rendered":"<p><strong>Par Georges Malbrunot<br \/>\n<\/strong><\/p>\n<p>Alors que le directeur-g\u00e9n\u00e9ral d\u2019Al Jazeera, Waddah Khanfar, vient d\u2019\u00eatre remplac\u00e9 par le gendre de l\u2019\u00e9mir du Qatar, pour des raisons encore obscures, le paysage t\u00e9l\u00e9visuel est en mutation au Moyen-Orient. <\/p>\n<p>Deux nouvelles cha\u00eenes vont, en effet, voir le jour d\u2019ici la fin de l\u2019ann\u00e9e. La premi\u00e8re, Al Mayadeen (litt\u00e9ralement les \u00ab places \u00bb en arabe, allusion aux places qui ont symbolis\u00e9 les r\u00e9volutions dans le monde arabe) sera lanc\u00e9e depuis Beyrouth par deux anciens d\u2019Al Jazeera, Ghassan Ben Jeddo, le correspondant de la cha\u00eene au Liban jusqu\u2019au printemps dernier, et le producteur Sami Kleib, qui a travaill\u00e9 \u00e9galement en France pour RMC-Moyen Orient et RFI.<\/p>\n<p>Selon ses promoteurs, Al-Mayadeen sera une cha\u00eene d\u2019informations en continu qui compte \u00ab mettre fin \u00e0 la propagande d\u2019Al Jazeera \u00bb. Depuis un an, la t\u00e9l\u00e9vision bas\u00e9e \u00e0 Doha a port\u00e9 les r\u00e9volutions arabes, quitte \u00e0 exag\u00e9rer parfois certains \u00e9pisodes, qui ont jalonn\u00e9 ces \u00e9v\u00e9nements. <\/p>\n<p>La seconde cha\u00eene, bas\u00e9e elle aussi \u00e0 Beyrouth, appartient \u00e0 l\u2019homme politique irakien, Ahmed Chalabi, celui qui a \u00ab vendu \u00bb aux Am\u00e9ricains la guerre en Irak pour renverser Saddam Hussein en 2003. Cette cha\u00eene couvrira surtout la zone Iran-Irak-Syrie-Turquie, pays avec lesquels l\u2019ancien prot\u00e9g\u00e9 du Pentagone est en contact pour cr\u00e9er une grande zone de libre \u00e9change au Moyen-Orient.<\/p>\n<p>http:\/\/blog.lefigaro.fr\/malbrunot\/2011\/09\/al-mayadeen-la-chaine-anti-al-.html<\/p>\n","protected":false},"excerpt":{"rendered":"<p>Par Georges Malbrunot Alors que le directeur-g\u00e9n\u00e9ral d\u2019Al Jazeera, Waddah Khanfar, vient d\u2019\u00eatre remplac\u00e9 par le gendre de l\u2019\u00e9mir du Qatar, pour des raisons encore obscures, le paysage t\u00e9l\u00e9visuel est en mutation au Moyen-Orient. Deux nouvelles cha\u00eenes vont, en effet, voir le jour d\u2019ici la fin de l\u2019ann\u00e9e. La premi\u00e8re, Al Mayadeen (litt\u00e9ralement les \u00ab<\/p>\n","protected":false},"author":1,"featured_media":0,"comment_status":"closed","ping_status":"closed","sticky":false,"template":"","format":"standard","meta":{"_uf_show_specific_survey":0,"_uf_disable_surveys":false,"footnotes":""},"categories":[],"tags":[],"class_list":["post-131255","post","type-post","status-publish","format-standard"],"aioseo_notices":[],"_links":{"self":[{"href":"https:\/\/middleeasttransparent.com\/fr\/wp-json\/wp\/v2\/posts\/131255","targetHints":{"allow":["GET"]}}],"collection":[{"href":"https:\/\/middleeasttransparent.com\/fr\/wp-json\/wp\/v2\/posts"}],"about":[{"href":"https:\/\/middleeasttransparent.com\/fr\/wp-json\/wp\/v2\/types\/post"}],"author":[{"embeddable":true,"href":"https:\/\/middleeasttransparent.com\/fr\/wp-json\/wp\/v2\/users\/1"}],"replies":[{"embeddable":true,"href":"https:\/\/middleeasttransparent.com\/fr\/wp-json\/wp\/v2\/comments?post=131255"}],"version-history":[{"count":0,"href":"https:\/\/middleeasttransparent.com\/fr\/wp-json\/wp\/v2\/posts\/131255\/revisions"}],"wp:attachment":[{"href":"https:\/\/middleeasttransparent.com\/fr\/wp-json\/wp\/v2\/media?parent=131255"}],"wp:term":[{"taxonomy":"category","embeddable":true,"href":"https:\/\/middleeasttransparent.com\/fr\/wp-json\/wp\/v2\/categories?post=131255"},{"taxonomy":"post_tag","embeddable":true,"href":"https:\/\/middleeasttransparent.com\/fr\/wp-json\/wp\/v2\/tags?post=131255"}],"curies":[{"name":"wp","href":"https:\/\/api.w.org\/{rel}","templated":true}]}}