{"id":13124,"date":"2016-06-26T20:20:12","date_gmt":"2016-06-26T19:20:12","guid":{"rendered":"http:\/\/middleeasttransparent.com\/?p=13124"},"modified":"2024-09-28T16:27:44","modified_gmt":"2024-09-28T15:27:44","slug":"religion-hier-musulman-aujourdhui-pretre","status":"publish","type":"post","link":"https:\/\/middleeasttransparent.com\/fr\/religion-hier-musulman-aujourdhui-pretre\/","title":{"rendered":"Religion : hier musulman, aujourd&rsquo;hui pr\u00eatre"},"content":{"rendered":"<h4 class=\"article-full__title\">Ali Cheknoun a \u00e9t\u00e9 musulman et\u00a0protestant \u00e9vang\u00e9lique. Aujourd\u2019hui, finalement, il est ordonn\u00e9 pr\u00eatre catholique.<span class=\"article-full__image-author\">(DR.)<\/span><\/h4>\n<div class=\"article-full__image-wrapper\">\n<h4 class=\"article-full__zoom-button button-icon button-icon__60x60\" data-popin=\"popin-zoom\"><\/h4>\n<\/div>\n<div>\n<div class=\"article-full__bar\">\n<div class=\"article-full__toolbar\">\n<h2 class=\"article-full__title\"><span class=\"article-full__infos-author\"><span class=\"article-full__author-label\">Vincent Mongaillard<\/span><\/span><\/h2>\n<\/div>\n<\/div>\n<div class=\"article-full__body p402_premium\" data-squid=\"gs\" data-squid-rubric=\"societe\" data-squid-url=\"http:\/\/www.leparisien.fr\/societe\/hier-musulman-aujourd-hui-pretre-26-06-2016-5914425.php\" data-squid-id=\"5914425\">\n<p><strong>PORTRAIT. <\/strong>N\u00e9 en Kabylie, Ali Cheknoun est devenu le p\u00e8re Paul-Elie. Il est ordonn\u00e9 ce dimanche dans le Var. Quel parcours incroyable pour cet homme de 41 ans qui se r\u00eave ap\u00f4tre du vivre-ensemble.<\/p>\n<div>\n<p><strong><span class=\"article-full__lettrine\">S<\/span>on Papa, \u00e0 la retraite, de confession musulmane, est venu d&rsquo;Alg\u00e9rie pour lui remettre solennellement ses habits sacerdotaux, la chasuble et l&rsquo;\u00e9tole<\/strong>. Cet apr\u00e8s-midi, en plein air au s\u00e9minaire de la Castille dans le Var, Paul-Elie Cheknoun, 41\u00a0ans, sera ordonn\u00e9 pr\u00eatre par M<sup>gr<\/sup>\u00a0Dominique Rey, \u00e9v\u00eaque de Fr\u00e9jus et Toulon. Comme cinq autres camarades. Mais, lui, se d\u00e9marque par son incroyable parcours spirituel.<\/p>\n<p>N\u00e9 en Alg\u00e9rie, il a \u00e9t\u00e9 successivement musulman, protestant \u00e9vang\u00e9lique et enfin catholique. \u00ab\u00a0J&rsquo;ai toujours eu cette soif d&rsquo;\u00eatre proche de Dieu\u00a0\u00bb, r\u00e9sume-t-il. Ce destin-l\u00e0 de converti qui s&rsquo;engage dans la pr\u00eatrise n&rsquo;est pas une premi\u00e8re dans l&rsquo;histoire du clerg\u00e9 hexagonal. Il n&#8217;emp\u00eache, il demeure exceptionnel.<\/p>\n<p>Celui qui s&rsquo;est d&rsquo;abord appel\u00e9 Ali &#8212; Paul-Elie est son pr\u00e9nom de confirmation &#8212; est n\u00e9 en Kabylie, pr\u00e8s de Tizi Ouzou. Sous l&rsquo;impulsion de <strong>son p\u00e8re, professeur de fran\u00e7ais qui a \u00e9tudi\u00e9 dans l&rsquo;Hexagone<\/strong>, il d\u00e9couvre l&rsquo;islam, le ramadan, la mosqu\u00e9e&#8230; Mais il prend ses distances avec la religion \u00e0 l&rsquo;\u00e9poque des ann\u00e9es noires du terrorisme dans son Alg\u00e9rie d&rsquo;origine. \u00ab\u00a0J&rsquo;ai alors v\u00e9cu comme un ath\u00e9e durant quatre ans\u00a0\u00bb, explique-t-il. Jusqu&rsquo;au jour o\u00f9 ce dipl\u00f4m\u00e9 en informatique se rapproche du christianisme.<\/p>\n<p><strong>Le 1<sup>er<\/sup>\u00a0mai 1999, un cousin l&rsquo;invite dans une \u00e9glise \u00e9vang\u00e9lique clandestine au c\u0153ur d&rsquo;un village kabyle<\/strong>. \u00ab\u00a0J&rsquo;ai eu la r\u00e9v\u00e9lation de J\u00e9sus. Il m&rsquo;a parl\u00e9, il m&rsquo;a appel\u00e9, il m&rsquo;a dit qu&rsquo;il m&rsquo;avait toujours prot\u00e9g\u00e9. Je me suis senti aim\u00e9 comme jamais, j&rsquo;ai senti une effusion de l&rsquo;Esprit saint. Pendant dix minutes, je me suis mis \u00e0 pleurer\u00a0\u00bb, se souvient-il. Le converti est d&rsquo;abord baptis\u00e9 chez les \u00e9vang\u00e9liques avant de choisir de devenir catholique en 2005, apr\u00e8s sa rencontre avec un pr\u00eatre missionnaire venu \u00e9vang\u00e9liser en Alg\u00e9rie. A ce moment-l\u00e0, il re\u00e7oit des menaces des islamistes, qui veulent \u00e9galement s&rsquo;en prendre \u00e0 sa famille. Il doit quitter sa terre natale et met le cap sur la Belgique.<\/p>\n<p>Le r\u00e9fugi\u00e9 s&rsquo;installe alors dans une communaut\u00e9 religieuse. Il obtient la nationalit\u00e9 belge mais c&rsquo;est bel et bien en France, au s\u00e9minaire dans le Var, qu&rsquo;il d\u00e9marre en 2010 sa formation de pr\u00eatre. Un choix accept\u00e9 par les siens. \u00ab\u00a0C&rsquo;est une gr\u00e2ce du Seigneur, cette tol\u00e9rance. Mon p\u00e8re a accueilli favorablement ma conversion. Je suis une exception. Je connais des convertis en Alg\u00e9rie qui ont \u00e9t\u00e9 chass\u00e9s de leur maison. L&rsquo;amour de J\u00e9sus-Christ touche toute ma famille\u00a0\u00bb, s&rsquo;extasie-t-il.<\/p>\n<p><strong>Son pays abrite, selon lui, quelque 200 000\u00a0convertis, en majorit\u00e9 des protestants \u00e9vang\u00e9liques<\/strong>. Celui qui a six fr\u00e8res et s\u0153urs, tous musulmans, se veut l&rsquo;ap\u00f4tre du \u00ab\u00a0dialogue du vivre-ensemble\u00a0\u00bb. Membre de la communaut\u00e9 de la Fraternit\u00e9 missionnaire Jean-Paul-II, il se sent d\u00e9sormais \u00ab\u00a0appel\u00e9\u00a0\u00bb \u00e0 \u00e9vang\u00e9liser avec l&rsquo;habit du missionnaire. Sa culture m\u00e9diterran\u00e9enne reste tr\u00e8s ancr\u00e9e en lui quand il s&rsquo;agit de pr\u00eacher la bonne parole. \u00ab\u00a0On ne peut pas parler de J\u00e9sus aux gens si on est loin d&rsquo;eux. J&rsquo;ai le tutoiement facile. On me le reproche d&rsquo;ailleurs souvent\u00a0en France\u00a0\u00bb, sourit-il.<\/p>\n<p><a href=\"http:\/\/www.leparisien.fr\/societe\/hier-musulman-aujourd-hui-pretre-26-06-2016-5914425.php\"><strong>Le Parisien<\/strong><\/a><\/p>\n<\/div>\n<\/div>\n<\/div>\n","protected":false},"excerpt":{"rendered":"<p>Ali Cheknoun a \u00e9t\u00e9 musulman et\u00a0protestant \u00e9vang\u00e9lique. Aujourd\u2019hui, finalement, il est ordonn\u00e9 pr\u00eatre catholique.(DR.) Vincent Mongaillard PORTRAIT. N\u00e9 en Kabylie, Ali Cheknoun est devenu le p\u00e8re Paul-Elie. Il est ordonn\u00e9 ce dimanche dans le Var. Quel parcours incroyable pour cet homme de 41 ans qui se r\u00eave ap\u00f4tre du vivre-ensemble. Son Papa, \u00e0 la retraite,<\/p>\n","protected":false},"author":304,"featured_media":13125,"comment_status":"open","ping_status":"open","sticky":false,"template":"","format":"standard","meta":{"_uf_show_specific_survey":0,"_uf_disable_surveys":false,"footnotes":""},"categories":[25],"tags":[],"class_list":{"0":"post-13124","1":"post","2":"type-post","3":"status-publish","4":"format-standard","5":"has-post-thumbnail","7":"category-decryptages"},"aioseo_notices":[],"_links":{"self":[{"href":"https:\/\/middleeasttransparent.com\/fr\/wp-json\/wp\/v2\/posts\/13124","targetHints":{"allow":["GET"]}}],"collection":[{"href":"https:\/\/middleeasttransparent.com\/fr\/wp-json\/wp\/v2\/posts"}],"about":[{"href":"https:\/\/middleeasttransparent.com\/fr\/wp-json\/wp\/v2\/types\/post"}],"author":[{"embeddable":true,"href":"https:\/\/middleeasttransparent.com\/fr\/wp-json\/wp\/v2\/users\/304"}],"replies":[{"embeddable":true,"href":"https:\/\/middleeasttransparent.com\/fr\/wp-json\/wp\/v2\/comments?post=13124"}],"version-history":[{"count":0,"href":"https:\/\/middleeasttransparent.com\/fr\/wp-json\/wp\/v2\/posts\/13124\/revisions"}],"wp:featuredmedia":[{"embeddable":true,"href":"https:\/\/middleeasttransparent.com\/fr\/wp-json\/wp\/v2\/media\/13125"}],"wp:attachment":[{"href":"https:\/\/middleeasttransparent.com\/fr\/wp-json\/wp\/v2\/media?parent=13124"}],"wp:term":[{"taxonomy":"category","embeddable":true,"href":"https:\/\/middleeasttransparent.com\/fr\/wp-json\/wp\/v2\/categories?post=13124"},{"taxonomy":"post_tag","embeddable":true,"href":"https:\/\/middleeasttransparent.com\/fr\/wp-json\/wp\/v2\/tags?post=13124"}],"curies":[{"name":"wp","href":"https:\/\/api.w.org\/{rel}","templated":true}]}}