{"id":131122,"date":"2011-09-12T10:10:42","date_gmt":"2011-09-12T09:10:42","guid":{"rendered":"https:\/\/middleeasttransparent.com\/arrestation-de-la-psychanalyste-syrienne-rafah-nached\/"},"modified":"2024-01-23T12:56:16","modified_gmt":"2024-01-23T11:56:16","slug":"arrestation-de-la-psychanalyste-syrienne-rafah-nached","status":"publish","type":"post","link":"https:\/\/middleeasttransparent.com\/fr\/arrestation-de-la-psychanalyste-syrienne-rafah-nached\/","title":{"rendered":"Arrestation de la psychanalyste syrienne Rafah NACHED"},"content":{"rendered":"<p>Le samedi 10 septembre \u00e0 1 heure du matin (heure de Damas), la psychanalyste syrienne <strong>Rafah NACHE<\/strong>D, fondatrice de <strong>l\u2019Ecole de Psychanalyse de Damas<\/strong>, a \u00e9t\u00e9 arr\u00eat\u00e9e par les services de s\u00e9curit\u00e9 syriens \u00e0 l\u2019a\u00e9roport de Damas, alors qu\u2019elle s\u2019appr\u00eatait \u00e0 embarquer sur un vol d\u2019Air France en direction de Paris afin d\u2019y assister \u00e0 l\u2019accouchement de sa fille.<\/p>\n<p><img2314|center><br \/>\nRafah NACHED a juste eu le temps de passer un bref coup de fil pour pr\u00e9venir ses proches dans les secondes qui ont pr\u00e9c\u00e9d\u00e9 son arrestation. Depuis plus de 36 heures, sa famille est sans nouvelle. Les services de l\u2019a\u00e9roport comme les services de police refusent de communiquer la moindre information. Nul ne sait o\u00f9 elle se trouve, ni si elle est en mesure de prendre les m\u00e9dicaments requis par son insuffisance cardiaque.<\/p>\n<p>Le choc est d\u2019autant plus violent pour ses proches que nul ne comprend les raisons de cette interpellation. Rafah NACHED, \u00e2g\u00e9e de 66 ans, est dipl\u00f4m\u00e9e en Psychologie Clinique de l\u2019Universit\u00e9 Paris 7. Elle est la premi\u00e8re femme psychanalyste \u00e0 exercer en Syrie et a r\u00e9cemment fond\u00e9 l\u2019Ecole de Psychanalyse de Damas, en collaboration avec des psychanalystes fran\u00e7ais. Son engagement professionnel a toujours \u00e9t\u00e9 de nature scientifique et humanitaire, \u00e0 l\u2019exclusion de toute implication politique. Ainsi, fin ao\u00fbt dernier, les presses arabe et fran\u00e7aise s\u2019\u00e9taient fait l\u2019\u00e9cho des initiatives prises par Rafah Nached et la communaut\u00e9 j\u00e9suite de Damas pour organiser des r\u00e9unions entre citoyens syriens de toutes ob\u00e9diences. Il s&rsquo;agissait de leur offrir un espace apolitique, ouvert et multiconfessionnel, au sein duquel verbaliser leurs angoisses et leurs peurs dans le climat de violence qui ravage actuellement le pays.<\/p>\n<p><img2315|center><\/p>\n<p>Est-ce ce dernier espace d\u2019accompagnement psychologique de la souffrance humaine qu\u2019on a voulu museler ce samedi par une arrestation arbitraire ? Alors m\u00eame que ces trop rares initiatives sont probablement vitales pour maintenir le fil t\u00e9nu du dialogue inter-communautaire et \u00e9viter que la Syrie ne bascule demain dans la guerre civile ?<\/p>\n<p>A Paris et \u00e0 Damas, comme dans les nombreuses capitales arabes o\u00f9 Rafah NACHED avait nou\u00e9, au cours des 30 derni\u00e8res ann\u00e9es, de nombreuses amiti\u00e9s personnelles et professionnelles au sein des communaut\u00e9s universitaires, et notamment dans les facult\u00e9s de psychologie et de psychanalyse, l\u2019inqui\u00e9tude &#8211; coupl\u00e9e \u00e0 un formidable sentiment d\u2019injustice &#8211; grandit d\u2019heure en heure en l\u2019absence de toute information.<\/p>\n<p>[Certains articles de Rafa NACHED sont accessibles <a href=\"http:\/\/www.cairn.info\/publications-de-Nached-Rafah--62175.htm\">ici<\/a>]<\/p>\n<p>http:\/\/syrie.blog.lemonde.fr<\/p>\n","protected":false},"excerpt":{"rendered":"<p>Le samedi 10 septembre \u00e0 1 heure du matin (heure de Damas), la psychanalyste syrienne Rafah NACHED, fondatrice de l\u2019Ecole de Psychanalyse de Damas, a \u00e9t\u00e9 arr\u00eat\u00e9e par les services de s\u00e9curit\u00e9 syriens \u00e0 l\u2019a\u00e9roport de Damas, alors qu\u2019elle s\u2019appr\u00eatait \u00e0 embarquer sur un vol d\u2019Air France en direction de Paris afin d\u2019y assister \u00e0<\/p>\n","protected":false},"author":1,"featured_media":0,"comment_status":"closed","ping_status":"closed","sticky":false,"template":"","format":"standard","meta":{"_uf_show_specific_survey":0,"_uf_disable_surveys":false,"footnotes":""},"categories":[],"tags":[],"class_list":["post-131122","post","type-post","status-publish","format-standard"],"aioseo_notices":[],"_links":{"self":[{"href":"https:\/\/middleeasttransparent.com\/fr\/wp-json\/wp\/v2\/posts\/131122","targetHints":{"allow":["GET"]}}],"collection":[{"href":"https:\/\/middleeasttransparent.com\/fr\/wp-json\/wp\/v2\/posts"}],"about":[{"href":"https:\/\/middleeasttransparent.com\/fr\/wp-json\/wp\/v2\/types\/post"}],"author":[{"embeddable":true,"href":"https:\/\/middleeasttransparent.com\/fr\/wp-json\/wp\/v2\/users\/1"}],"replies":[{"embeddable":true,"href":"https:\/\/middleeasttransparent.com\/fr\/wp-json\/wp\/v2\/comments?post=131122"}],"version-history":[{"count":0,"href":"https:\/\/middleeasttransparent.com\/fr\/wp-json\/wp\/v2\/posts\/131122\/revisions"}],"wp:attachment":[{"href":"https:\/\/middleeasttransparent.com\/fr\/wp-json\/wp\/v2\/media?parent=131122"}],"wp:term":[{"taxonomy":"category","embeddable":true,"href":"https:\/\/middleeasttransparent.com\/fr\/wp-json\/wp\/v2\/categories?post=131122"},{"taxonomy":"post_tag","embeddable":true,"href":"https:\/\/middleeasttransparent.com\/fr\/wp-json\/wp\/v2\/tags?post=131122"}],"curies":[{"name":"wp","href":"https:\/\/api.w.org\/{rel}","templated":true}]}}