{"id":130703,"date":"2011-07-28T13:59:55","date_gmt":"2011-07-28T12:59:55","guid":{"rendered":"https:\/\/middleeasttransparent.com\/le-general-abdel-fatah-younes-tue-aujourdhui-a-benghazi\/"},"modified":"2024-01-23T12:29:46","modified_gmt":"2024-01-23T11:29:46","slug":"le-general-abdel-fatah-younes-tue-aujourdhui-a-benghazi","status":"publish","type":"post","link":"https:\/\/middleeasttransparent.com\/fr\/le-general-abdel-fatah-younes-tue-aujourdhui-a-benghazi\/","title":{"rendered":"Le g\u00e9n\u00e9ral Abdel Fatah Younes  tu\u00e9 aujourd&rsquo;hui  \u00e0 Benghazi"},"content":{"rendered":"<p>Metransparent<\/p>\n<p><strong>Par Pierre Akel<br \/>\n<\/strong><\/p>\n<p><strong>Qu&rsquo;est-ce qui se passe \u00e0 Benghazi, le berceau de la r\u00e9volution libyenne?<\/p>\n<p>Metransparent vient d&rsquo;apprendre que le g\u00e9n\u00e9ral Abdel FatahYounes a \u00e9t\u00e9 assassin\u00e9 aujourd&rsquo;hui, imm\u00e9diatement apr\u00e8s sa lib\u00e9ration. Nos sources n&rsquo;ont pas \u00e9t\u00e9 en mesure de donner des d\u00e9tails sur les assasins ou sur leur appartenance politique.<\/p>\n<p>Plus t\u00f4t dans la journ\u00e9e, Metransparent avait signal\u00e9 l&rsquo;arrestation du g\u00e9n\u00e9ral Younes par ordre du Conseil national de transition, qui, plus tard, avait  annul\u00e9 l&rsquo;ordonnance d&rsquo;arrestation et proc\u00e9d\u00e9 \u00e0 sa lib\u00e9ration.<\/p>\n<p>L&rsquo;assasinat de l&rsquo;ex ministre de l&rsquo;Int\u00e9rieur de la Libye  pourrait \u00eatre un pr\u00e9lude \u00e0 une situation de \u00ab\u00a0chaos\u00a0\u00bb dans la capitale des rebelles.<\/strong><\/p>\n<p>*<\/p>\n<p><em>Le g\u00e9n\u00e9ral Abdel Fatah Younes arr\u00eat\u00e9, puis lib\u00e9r\u00e9, \u00e0 Bregha ce matin<\/p>\n<p>Le Conseil National de Transition \u00e0 Benghazi a lib\u00e9r\u00e9 le g\u00e9n\u00e9ral Younes sous la pression des factions militaires et civiles. Certaines factions ont appel\u00e9 \u00e0 la dissolution du Conseil transitoire qui, selon eux, a \u00e9mis l&rsquo;ordre d&rsquo;arrestation au pire moment  pendant le combat f\u00e9roce pour le contr\u00f4le de Bregha.<\/p>\n<p>Nos sources ont ajout\u00e9 que les forces rebelles ont effectu\u00e9 un retrait de 10 km  \u00e0 Bregha en raison de la confusion qui a suivi l&rsquo;arrestation du g\u00e9n\u00e9ral Younes.<\/em><\/p>\n<p>*<\/p>\n<p><strong>Le g\u00e9n\u00e9ral Abdel Fatah Younes arr\u00eat\u00e9 \u00e0 Bregha ce matin<br \/>\n<\/strong><\/p>\n<p><strong>Selon nos sources \u00e0 Benghazi, les rebelles libyens ont proc\u00e9d\u00e9 \u00e0 l&rsquo;arrestation du g\u00e9n\u00e9ral Abdel Fattah Younes \u00e0 4 heures ce matin (jeudi) a Br\u00e9gha. Une force compos\u00e9e de 80 v\u00e9hicules a \u00e9t\u00e9 charg\u00e9e d&rsquo;appr\u00e9hender Abdel Fattah Younes, qui avait \u00e9t\u00e9 nomm\u00e9 le commandant en chef des forces arm\u00e9es de la r\u00e9volution.<\/strong> <\/p>\n<p>L&rsquo;ordre d&rsquo;arrestation a \u00e9t\u00e9 donn\u00e9 par le Conseil National Provisoire de Benghazi suite \u00e0 la d\u00e9couverte de contacts r\u00e9cents et secrets entre Younes et le r\u00e9gime Khaddafi. Selon nos sources, le g\u00e9n\u00e9ral Younes a pr\u00e9f\u00e9r\u00e9 se rendre sans r\u00e9sister.<\/p>\n<p>N\u00e9 en 1944, le g\u00e9n\u00e9ral Younes \u00e9tait ministre de l&rsquo;Int\u00e9rieur et commandant des Forces Sp\u00e9ciales jusqu&rsquo;\u00e0 sa d\u00e9mission en F\u00e9vrier 2011 et son ralliement \u00e0 la r\u00e9volution.<\/p>\n","protected":false},"excerpt":{"rendered":"<p>Metransparent Par Pierre Akel Qu&rsquo;est-ce qui se passe \u00e0 Benghazi, le berceau de la r\u00e9volution libyenne? Metransparent vient d&rsquo;apprendre que le g\u00e9n\u00e9ral Abdel FatahYounes a \u00e9t\u00e9 assassin\u00e9 aujourd&rsquo;hui, imm\u00e9diatement apr\u00e8s sa lib\u00e9ration. Nos sources n&rsquo;ont pas \u00e9t\u00e9 en mesure de donner des d\u00e9tails sur les assasins ou sur leur appartenance politique. Plus t\u00f4t dans la<\/p>\n","protected":false},"author":1,"featured_media":0,"comment_status":"closed","ping_status":"closed","sticky":false,"template":"","format":"standard","meta":{"_uf_show_specific_survey":0,"_uf_disable_surveys":false,"footnotes":""},"categories":[],"tags":[],"class_list":["post-130703","post","type-post","status-publish","format-standard"],"aioseo_notices":[],"_links":{"self":[{"href":"https:\/\/middleeasttransparent.com\/fr\/wp-json\/wp\/v2\/posts\/130703","targetHints":{"allow":["GET"]}}],"collection":[{"href":"https:\/\/middleeasttransparent.com\/fr\/wp-json\/wp\/v2\/posts"}],"about":[{"href":"https:\/\/middleeasttransparent.com\/fr\/wp-json\/wp\/v2\/types\/post"}],"author":[{"embeddable":true,"href":"https:\/\/middleeasttransparent.com\/fr\/wp-json\/wp\/v2\/users\/1"}],"replies":[{"embeddable":true,"href":"https:\/\/middleeasttransparent.com\/fr\/wp-json\/wp\/v2\/comments?post=130703"}],"version-history":[{"count":0,"href":"https:\/\/middleeasttransparent.com\/fr\/wp-json\/wp\/v2\/posts\/130703\/revisions"}],"wp:attachment":[{"href":"https:\/\/middleeasttransparent.com\/fr\/wp-json\/wp\/v2\/media?parent=130703"}],"wp:term":[{"taxonomy":"category","embeddable":true,"href":"https:\/\/middleeasttransparent.com\/fr\/wp-json\/wp\/v2\/categories?post=130703"},{"taxonomy":"post_tag","embeddable":true,"href":"https:\/\/middleeasttransparent.com\/fr\/wp-json\/wp\/v2\/tags?post=130703"}],"curies":[{"name":"wp","href":"https:\/\/api.w.org\/{rel}","templated":true}]}}