{"id":130643,"date":"2011-07-21T19:00:13","date_gmt":"2011-07-21T18:00:13","guid":{"rendered":"https:\/\/middleeasttransparent.com\/le-printemps-des-berberes-libyens\/"},"modified":"2024-01-23T12:29:44","modified_gmt":"2024-01-23T11:29:44","slug":"le-printemps-des-berberes-libyens","status":"publish","type":"post","link":"https:\/\/middleeasttransparent.com\/fr\/le-printemps-des-berberes-libyens\/","title":{"rendered":"Le printemps des Berb\u00e8res libyens"},"content":{"rendered":"<p><strong>Par Thierry Portes<br \/>\n<\/strong><\/p>\n<p><strong>REPORTAGE &#8211; Dans le Djebel Nefousa, les insurg\u00e9s qui se battent pour lib\u00e9rer leur pays c\u00e9l\u00e8brent la culture des Amazighen.<br \/>\n<\/strong><\/p>\n<p>De notre envoy\u00e9 sp\u00e9cial \u00e0 Jadu<\/p>\n<p>Yunes Elharaz h\u00e9site encore \u00e0 reprendre son nom berb\u00e8re d&rsquo;\u00abAnmmutur\u00bb. Mais il s&rsquo;est promis de donner \u00e0 son premier enfant \u00e0 na\u00eetre bient\u00f4t un pr\u00e9nom de son peuple. Les Amazighen (\u00abAmazigh\u00bb, au singulier), comme ils s&rsquo;appellent ici sur leurs terres haut perch\u00e9es du Djebel Nefousa, ont relev\u00e9 la t\u00eate depuis le d\u00e9but de l&rsquo;insurrection contre le colonel Kadhafi. Premiers \u00e0 s&rsquo;insurger, en m\u00eame temps que les Arabes de Benghazi, \u00e0 l&rsquo;autre extr\u00e9mit\u00e9 du pays, les Berb\u00e8res qui vivent dans l&rsquo;Ouest, le long de la fronti\u00e8re tunisienne, m\u00e8nent aujourd&rsquo;hui un double combat, militaire et politique, pour la reconnaissance de leur langue et de leur identit\u00e9 dans la future Libye, celle de l&rsquo;apr\u00e8s-Kadhafi.<\/p>\n<p>\u00c0 Jadu, la bourgade de quelque 15.000 \u00e2mes o\u00f9 Yunes Elharaz a vu le jour, les embl\u00e8mes, slogans et drapeaux berb\u00e8res, interdits sous Kadhafi, ont fleuri. Dans plusieurs b\u00e2timents officiels d\u00e9sormais aux mains des rebelles tr\u00f4nent des portraits de Souleiman al-Barouni, l&rsquo;\u00e9crivain et homme politique qui mena la r\u00e9sistance des Amazighen \u00e0 l&rsquo;occupant italien dans le Djebel Nefousa, \u00e0 la veille de la Premi\u00e8re Guerre mondiale.<\/p>\n<p><strong>Des femmes peu voil\u00e9es<br \/>\n<\/strong><\/p>\n<p>Contrairement \u00e0 toutes les autres villes arabes de Libye, o\u00f9 l&rsquo;ann\u00e9e scolaire s&rsquo;est interrompue au commencement de la r\u00e9bellion, en f\u00e9vrier dernier, \u00e0 Jadu, les enfants continuent de prendre le chemin de l&rsquo;\u00e9cole, chaque jour en fin d&rsquo;apr\u00e8s-midi. Alors que leurs maris et fils partaient au front, un groupe de femmes a pris l&rsquo;initiative de dispenser des cours de tamazight, la langue berb\u00e8re. Ces ma\u00eetresses n&rsquo;arborent que des voiles l\u00e9gers, qui ne leur couvrent pas enti\u00e8rement la chevelure. Un \u00e9tranger peut les regarder en face, alors qu&rsquo;\u00e0 Zenten et dans les autres bourgades arabes du Djebel Nefousa il ne peut apercevoir fugitivement que des niqabs noirs. Encourag\u00e9s par ces ma\u00eetresses n\u00e9es avec la r\u00e9volution, les enfants de Jadu \u00e9crivent au tableau les curieux symboles tamazights, r\u00e9citent quelques le\u00e7ons dans cette langue qu&rsquo;il \u00e9tait interdit de parler sous Kadhafi, puis, align\u00e9s sous le pr\u00e9au, entonnent, en l&rsquo;honneur du visiteur, le nouvel hymne de la Libye libre.<\/p>\n<p>Juste \u00e0 c\u00f4t\u00e9 de cette \u00e9cole, \u00e0 la terrasse du caf\u00e9 sur la place centrale, les hommes parlent politique. Fathi Anfusi, qui a particip\u00e9 au premier congr\u00e8s des Berb\u00e8res libyens organis\u00e9 en 2005 \u00e0 Agadir (Maroc), est intarissable. \u00abNous, les Berb\u00e8res, assure-t-il, nous avons plus souffert que les Arabes sous Kadhafi. Nous avons toujours \u00e9t\u00e9 d\u00e9sign\u00e9s comme des criminels, des agents du Mossad, de la CIA ou des services secrets fran\u00e7ais. Se\u00eff al-Islam (le fils du dictateur et porte-parole officieux du r\u00e9gime) vient encore de dire \u00e0 la t\u00e9l\u00e9vision que les Berb\u00e8res veulent venir \u00e0 Tripoli pour tuer des Arabes. Mais nous nous battons tous, Berb\u00e8res et Arabes, pour une Libye libre.\u00bb<br \/>\n<img2207|center><br \/>\nKhalifa Amdurakal, un voisin un peu plus \u00e2g\u00e9 qui s&rsquo;impatientait de ne pouvoir prendre part \u00e0 la conversation, rench\u00e9rit: \u00abSi nous avons pris les armes, c&rsquo;est pour nous battre pour la libert\u00e9 de tous les Libyens! Regardez sur les tee-shirts, il y a marqu\u00e9 \u201cLibya\u201d, pas \u201cAmazigh\u201d.\u00bb \u00abNotre premier objectif, poursuit-il, c&rsquo;est de lib\u00e9rer la Libye. Notre combat amazigh passe apr\u00e8s.\u00bb<\/p>\n<p><strong>Gagner de nouveaux droits<br \/>\n<\/strong><\/p>\n<p>Apr\u00e8s peut-\u00eatre, mais pas bien loin derri\u00e8re. Dans chaque ville ou bourgade berb\u00e8re, les \u00e9tudiants les plus \u00e9duqu\u00e9s, ceux qui parlent l&rsquo;anglais, ont pris les r\u00eanes de la communication et de nombre de centres de d\u00e9cisions des rebelles. Ils sont g\u00e9n\u00e9ralement des partisans engag\u00e9s de la cause amazighe. \u00c0 Yefren, un joli bourg perch\u00e9 sur son piton rocheux, Madighis Bouzakhar et son fr\u00e8re Mazigh veillent ainsi sur le Media Center, le journal berb\u00e8re qu&rsquo;ils \u00e9crivent, et sur une association de d\u00e9fense et de promotion de la langue et culture tamazightes. Les deux fr\u00e8res, en relation avec les autres activistes berb\u00e8res du Djebel Nefousa, ont r\u00e9cemment \u00e9crit un courrier au Conseil national de transition, qui, \u00e0 Benghazi, fait office de gouvernement de la r\u00e9bellion. Cette missive, qui porte le cachet des villes berb\u00e8res du Djebel Nefousa, reproche au projet de Constitution de la nouvelle Libye de ne pas reconna\u00eetre le tamazight, \u00e0 c\u00f4t\u00e9 de l&rsquo;arabe, comme l&rsquo;autre langue officielle du futur \u00c9tat. L&rsquo;exemple du Maroc, qui vient de reconna\u00eetre ces deux langues officielles dans sa Constitution, fait des envieux en Libye. \u00abIci, nous risquons d&rsquo;\u00eatre encore demain victime de discrimination\u00bb, peste Madighis, qui ne veut pas plus entendre parler de l&rsquo;islam comme de l&rsquo;unique religion du nouvel \u00c9tat. \u00abToutes les religions doivent \u00eatre reconnues\u00bb, affirme le jeune homme, avant d&rsquo;ajouter: \u00abOn se bat pour la libert\u00e9, pour la d\u00e9mocratie, pas pour revenir en arri\u00e8re, comme sous Kadhafi.\u00bb<\/p>\n<p>\u00abMais dans le projet de Constitution, r\u00e9pond \u00e0 distance Salem Badrani, qui depuis la r\u00e9volution \u00e0 pris provisoirement les r\u00eanes de la mairie de Jadu, il est donn\u00e9 \u00e0 chacun le droit de s&rsquo;exprimer dans sa langue. Nous pouvons cr\u00e9er toutes les \u00e9coles que nous voulons dans le Djebel Nefousa. Ce serait en revanche une faute politique aujourd&rsquo;hui de batailler pour la reconnaissance du tamazight comme langue officielle. Amazighen et Arabes, nous nous battons ensemble, et Kadhafi n&rsquo;attend qu&rsquo;un pr\u00e9texte pour tenter de nous diviser.\u00bb<\/p>\n<p>Chaque nuit jusqu&rsquo;aux premi\u00e8res heures du nouveau jour, dans toutes les bourgades berb\u00e8res du Djebel Nefousa, les hommes p\u00e8sent le pour et le contre et ressassent d&rsquo;anciennes humiliations. \u00ab Oui, je connais l&rsquo;argument, disait un soir un sexag\u00e9naire r\u00e9pondant au nom de Faisoul Gado. Il y a toujours quelqu&rsquo;un pour dire que ce n&rsquo;est pas le bon moment, qu&rsquo;il faut attendre. Mais si j&rsquo;ai pris les armes, c&rsquo;est parce que j&rsquo;en avais marre d&rsquo;attendre.\u00bb<\/p>\n<p><a href=\"http:\/\/www.lefigaro.fr\/international\/2011\/07\/20\/01003-20110720ARTFIG00551-le-printemps-des-berberes-libyens.php\">Le Figaro<\/a><\/p>\n","protected":false},"excerpt":{"rendered":"<p>Par Thierry Portes REPORTAGE &#8211; Dans le Djebel Nefousa, les insurg\u00e9s qui se battent pour lib\u00e9rer leur pays c\u00e9l\u00e8brent la culture des Amazighen. De notre envoy\u00e9 sp\u00e9cial \u00e0 Jadu Yunes Elharaz h\u00e9site encore \u00e0 reprendre son nom berb\u00e8re d&rsquo;\u00abAnmmutur\u00bb. Mais il s&rsquo;est promis de donner \u00e0 son premier enfant \u00e0 na\u00eetre bient\u00f4t un pr\u00e9nom de<\/p>\n","protected":false},"author":1,"featured_media":0,"comment_status":"closed","ping_status":"closed","sticky":false,"template":"","format":"standard","meta":{"_uf_show_specific_survey":0,"_uf_disable_surveys":false,"footnotes":""},"categories":[],"tags":[],"class_list":["post-130643","post","type-post","status-publish","format-standard"],"aioseo_notices":[],"_links":{"self":[{"href":"https:\/\/middleeasttransparent.com\/fr\/wp-json\/wp\/v2\/posts\/130643","targetHints":{"allow":["GET"]}}],"collection":[{"href":"https:\/\/middleeasttransparent.com\/fr\/wp-json\/wp\/v2\/posts"}],"about":[{"href":"https:\/\/middleeasttransparent.com\/fr\/wp-json\/wp\/v2\/types\/post"}],"author":[{"embeddable":true,"href":"https:\/\/middleeasttransparent.com\/fr\/wp-json\/wp\/v2\/users\/1"}],"replies":[{"embeddable":true,"href":"https:\/\/middleeasttransparent.com\/fr\/wp-json\/wp\/v2\/comments?post=130643"}],"version-history":[{"count":0,"href":"https:\/\/middleeasttransparent.com\/fr\/wp-json\/wp\/v2\/posts\/130643\/revisions"}],"wp:attachment":[{"href":"https:\/\/middleeasttransparent.com\/fr\/wp-json\/wp\/v2\/media?parent=130643"}],"wp:term":[{"taxonomy":"category","embeddable":true,"href":"https:\/\/middleeasttransparent.com\/fr\/wp-json\/wp\/v2\/categories?post=130643"},{"taxonomy":"post_tag","embeddable":true,"href":"https:\/\/middleeasttransparent.com\/fr\/wp-json\/wp\/v2\/tags?post=130643"}],"curies":[{"name":"wp","href":"https:\/\/api.w.org\/{rel}","templated":true}]}}