{"id":130364,"date":"2011-06-23T13:14:48","date_gmt":"2011-06-23T12:14:48","guid":{"rendered":"https:\/\/middleeasttransparent.com\/tzipi-livni-les-jeunes-de-la-place-tahrir-se-sont-souleves-pour-obtenir-leurs-droits-pas-a-cause-disrael\/"},"modified":"2024-01-23T12:29:36","modified_gmt":"2024-01-23T11:29:36","slug":"tzipi-livni-les-jeunes-de-la-place-tahrir-se-sont-souleves-pour-obtenir-leurs-droits-pas-a-cause-disrael","status":"publish","type":"post","link":"https:\/\/middleeasttransparent.com\/fr\/tzipi-livni-les-jeunes-de-la-place-tahrir-se-sont-souleves-pour-obtenir-leurs-droits-pas-a-cause-disrael\/","title":{"rendered":"Tzipi Livni: Les jeunes de la place Tahrir se sont soulev\u00e9s pour obtenir leurs droits, pas \u00e0 cause d&rsquo;Isra\u00ebl"},"content":{"rendered":"<p><strong>Par Pierre Rousselin<br \/>\n<\/strong><\/p>\n<p><strong>INTERVIEW La chef du parti centriste Kadima estime \u00abplus n\u00e9cessaire que jamais de n\u00e9gocier\u00bb avec les Palestiniens.<br \/>\n<\/strong><\/p>\n<p>L&rsquo;ancienne ministre des Affaires \u00e9trang\u00e8res Tzipi Livni, \u00e0 la t\u00eate du parti centriste Kadima, dirige l&rsquo;opposition \u00e0 la Knesset.<br \/>\n<img2165|center><br \/>\n<strong>LE FIGARO. &#8211; Pensez-vous qu&rsquo;Isra\u00ebl devrait r\u00e9pondre favorablement \u00e0 l&rsquo;initiative fran\u00e7aise visant \u00e0 relancer des n\u00e9gociations avant que les Palestiniens ne demandent \u00e0 \u00eatre reconnus en tant qu&rsquo;\u00c9tat \u00e0 l&rsquo;ONU en septembre?<br \/>\n<\/strong><\/p>\n<p>Tzipi LIVNI. &#8211; J&rsquo;ai parl\u00e9 de cette initiative r\u00e9cemment avec Alain Jupp\u00e9. Les n\u00e9gociations sont plus n\u00e9cessaires que jamais. C&rsquo;est la seule fa\u00e7on d&rsquo;arr\u00eater toutes les actions unilat\u00e9rales, quelles qu&rsquo;elles soient. En ce qui me concerne, des n\u00e9gociations sont n\u00e9cessaires quoi qu&rsquo;il arrive en septembre. Quand j&rsquo;\u00e9tais au gouvernement, j&rsquo;ai moi-m\u00eame initi\u00e9 les pourparlers et je n&rsquo;ai donc pas eu \u00e0 payer un prix pour les lancer. Apr\u00e8s les \u00e9lections, j&rsquo;ai demand\u00e9 au premier ministre de poursuivre ces efforts. Un gel des implantations n&rsquo;est pas un prix trop \u00e9lev\u00e9 pour parvenir \u00e0 notre objectif qui est celui de deux \u00c9tats pour deux peuples. Le choix, aujourd&rsquo;hui, est entre n\u00e9gocier et ne pas n\u00e9gocier. C&rsquo;est un choix crucial pour Isra\u00ebl.<\/p>\n<p><strong>L&rsquo;isolement d&rsquo;Isra\u00ebl sur la sc\u00e8ne internationale vous pr\u00e9occupe-t-il?<br \/>\n<\/strong><\/p>\n<p>Oui, absolument. Et cela ne va pas s&rsquo;arr\u00eater. Pour moi, une chose est claire: mettre fin au conflit avec les Palestiniens est dans l&rsquo;int\u00e9r\u00eat d&rsquo;Isra\u00ebl. C&rsquo;est la seule fa\u00e7on de pr\u00e9server notre vision, qui est celle d&rsquo;un \u00c9tat juif et d\u00e9mocratique. Cette vision implique deux \u00c9tats pour deux peuples. Le probl\u00e8me de l&rsquo;isolement n&rsquo;est pas de savoir si on nous aime ou pas. L&rsquo;immobilisme met Isra\u00ebl en danger. Cela affecte la l\u00e9gitimit\u00e9 d&rsquo;Isra\u00ebl et donc notre capacit\u00e9 \u00e0 nous d\u00e9fendre, parce que notre droit d&rsquo;agir est mis en doute.<\/p>\n<p><strong>Les bouleversements dans le monde arabe sont-ils une source d&rsquo;espoir ou d&rsquo;inqui\u00e9tude? Rendent-ils des n\u00e9gociations plus urgentes?<br \/>\n<\/strong><\/p>\n<p>L&rsquo;anxi\u00e9t\u00e9 conduit certains responsables isra\u00e9liens \u00e0 une position d\u00e9fensive. L&rsquo;immobilisme devient une politique. D&rsquo;autres ne veulent pas r\u00e9soudre le conflit et c&rsquo;est une excuse pour ne rien faire. Ma vision est autre. Je ne sais pas ce qui va se passer en \u00c9gypte. Mais je constate que les jeunes de la place Tahrir se sont soulev\u00e9s pour obtenir leurs droits, pas \u00e0 cause d&rsquo;Isra\u00ebl. Maintenant, il y a, chaque vendredi, une manifestation devant l&rsquo;ambassade isra\u00e9lienne au Caire. Quand il y aura des \u00e9lections, les radicaux voudront mettre Isra\u00ebl au c\u0153ur du d\u00e9bat. Il y a maintenant une bataille dans le monde arabe entre les extr\u00e9mistes et les mod\u00e9r\u00e9s. Nous devons renforcer les mod\u00e9r\u00e9s. C&rsquo;est pourquoi il est plus urgent que jamais de n\u00e9gocier.<\/p>\n<p><strong>L&rsquo;accord entre le Hamas et le Fatah rend-il des n\u00e9gociations impossibles?<br \/>\n<\/strong><\/p>\n<p>Je vous r\u00e9pondrai comme \u00e0 votre question pr\u00e9c\u00e9dente. Pour certains, c&rsquo;est une raison de ne pas n\u00e9gocier; pour d&rsquo;autres, c&rsquo;est une excuse. Pour moi, c&rsquo;est un probl\u00e8me \u00e0 r\u00e9soudre. Nous connaissons le Hamas. Ils ne sont pas pr\u00eats \u00e0 mettre fin au conflit. Nous avons eu des partenaires qui voulaient faire la paix mais \u00e9taient trop faibles pour l&rsquo;imposer. Nous en avons eu qui auraient pu l&rsquo;imposer mais n&rsquo;en voulaient pas. Maintenant, nous avons les deux. En fait, le probl\u00e8me a d\u00e9j\u00e0 \u00e9t\u00e9 trait\u00e9. Quand le Hamas a remport\u00e9 les \u00e9lections, en 2006, j&rsquo;\u00e9tais ministre des Affaires \u00e9trang\u00e8res. Les conditions que le Quartet (\u00c9tats-Unis, UE, Russie, ONU) a impos\u00e9es au gouvernement palestinien -je dis bien le gouvernement palestinien- proviennent d&rsquo;une discussion avec le pr\u00e9sident Chirac. Nous ne pouvons pas n\u00e9gocier avec le Hamas, mais nous pouvons le faire avec un gouvernement palestinien qui accepte les conditions du Quartet (reconnaissance d&rsquo;Isra\u00ebl, renoncement \u00e0 la violence et reconnaissance des accords sign\u00e9s, NDLR). Au Hamas, ensuite, de d\u00e9cider s&rsquo;il accepte l&rsquo;accord.<\/p>\n<p><strong>Le gouvernement isra\u00e9lien insiste pour qu&rsquo;un accord mette fin d\u00e9finitivement au conflit et \u00e0 toute revendication ult\u00e9rieure. Est-ce un obstacle?<br \/>\n<\/strong><\/p>\n<p>C&rsquo;est r\u00e9alisable. J&rsquo;ai n\u00e9goci\u00e9 avec les Palestiniens pendant neuf mois, et ils comprennent que cela fera partie d&rsquo;un accord, m\u00eame si c&rsquo;est le dernier article du texte qui sera sign\u00e9. L&rsquo;article en question stipulera: \u00abCela met un terme \u00e0 toute revendication, dans le cadre de deux \u00c9tats pour deux peuples, chaque \u00c9tat r\u00e9pondant aux aspirations nationales de son peuple, le peuple juif en ce qui concerne Isra\u00ebl, et le peuple palestinien en ce qui concerne son \u00c9tat.\u00bb Cela r\u00e9pond, par ailleurs, \u00e0 la question de la reconnais sance par les Palestiniens d&rsquo;Isra\u00ebl en tant qu&rsquo;\u00c9tat juif.<\/p>\n<p><strong>Pourquoi ne pouvez-vous pas entrer au gouvernement?<br \/>\n<\/strong><\/p>\n<p>Parce que (le premier ministre) N\u00e9tanyahou ne veut pas. Je lui ai propos\u00e9 plus d&rsquo;une fois de former une autre coalition. Il ne s&rsquo;agit pas pour moi de me rallier \u00e0 cette coalition sans avoir les moyens de la convaincre. Je consid\u00e8re que mon r\u00f4le, aujourd&rsquo;hui, est de maintenir l&rsquo;espoir d&rsquo;une alternance, le moment venu.<\/p>\n<p><a href=\"http:\/\/www.lefigaro.fr\/international\/2011\/06\/22\/01003-20110622ARTFIG00664-tzipi-livnil-immobilisme-met-israel-en-danger.php\">Le Figaro<\/a><\/p>\n","protected":false},"excerpt":{"rendered":"<p>Par Pierre Rousselin INTERVIEW La chef du parti centriste Kadima estime \u00abplus n\u00e9cessaire que jamais de n\u00e9gocier\u00bb avec les Palestiniens. L&rsquo;ancienne ministre des Affaires \u00e9trang\u00e8res Tzipi Livni, \u00e0 la t\u00eate du parti centriste Kadima, dirige l&rsquo;opposition \u00e0 la Knesset. LE FIGARO. &#8211; Pensez-vous qu&rsquo;Isra\u00ebl devrait r\u00e9pondre favorablement \u00e0 l&rsquo;initiative fran\u00e7aise visant \u00e0 relancer des n\u00e9gociations<\/p>\n","protected":false},"author":1,"featured_media":0,"comment_status":"closed","ping_status":"closed","sticky":false,"template":"","format":"standard","meta":{"_uf_show_specific_survey":0,"_uf_disable_surveys":false,"footnotes":""},"categories":[],"tags":[],"class_list":["post-130364","post","type-post","status-publish","format-standard"],"aioseo_notices":[],"_links":{"self":[{"href":"https:\/\/middleeasttransparent.com\/fr\/wp-json\/wp\/v2\/posts\/130364","targetHints":{"allow":["GET"]}}],"collection":[{"href":"https:\/\/middleeasttransparent.com\/fr\/wp-json\/wp\/v2\/posts"}],"about":[{"href":"https:\/\/middleeasttransparent.com\/fr\/wp-json\/wp\/v2\/types\/post"}],"author":[{"embeddable":true,"href":"https:\/\/middleeasttransparent.com\/fr\/wp-json\/wp\/v2\/users\/1"}],"replies":[{"embeddable":true,"href":"https:\/\/middleeasttransparent.com\/fr\/wp-json\/wp\/v2\/comments?post=130364"}],"version-history":[{"count":0,"href":"https:\/\/middleeasttransparent.com\/fr\/wp-json\/wp\/v2\/posts\/130364\/revisions"}],"wp:attachment":[{"href":"https:\/\/middleeasttransparent.com\/fr\/wp-json\/wp\/v2\/media?parent=130364"}],"wp:term":[{"taxonomy":"category","embeddable":true,"href":"https:\/\/middleeasttransparent.com\/fr\/wp-json\/wp\/v2\/categories?post=130364"},{"taxonomy":"post_tag","embeddable":true,"href":"https:\/\/middleeasttransparent.com\/fr\/wp-json\/wp\/v2\/tags?post=130364"}],"curies":[{"name":"wp","href":"https:\/\/api.w.org\/{rel}","templated":true}]}}