{"id":130149,"date":"2011-05-28T15:01:05","date_gmt":"2011-05-28T14:01:05","guid":{"rendered":"https:\/\/middleeasttransparent.com\/s-o-s-syrie\/"},"modified":"2024-01-23T12:29:25","modified_gmt":"2024-01-23T11:29:25","slug":"s-o-s-syrie","status":"publish","type":"post","link":"https:\/\/middleeasttransparent.com\/fr\/s-o-s-syrie\/","title":{"rendered":"S.O.S Syrie"},"content":{"rendered":"<p><strong><br \/>\nImaginez des villes enti\u00e8res coup\u00e9es du monde, pas de t\u00e9l\u00e9phone, plus d&rsquo;\u00e9lectricit\u00e9, des patrouilles de chars qui mitraillent la foule, imaginez des tireurs embusqu\u00e9s sur les toits fauchant les passants, des miliciens investissant, une \u00e0 une, les maisons et embarquant tous les hommes de 15 \u00e0 80 ans. Imaginez les prisons, les tortures qu&rsquo;ils y endurent. N&rsquo;imaginez pas. C&rsquo;est ainsi qu&rsquo;en Syrie sont trait\u00e9s \u00e9tudiants, d\u00e9mocrates, citoyens ordinaires qui, du nord au sud du pays, r\u00e9clament, jour apr\u00e8s jour, pacifiquement, au prix de centaines de morts, de milliers d&rsquo;arrestations, une libert\u00e9 et une dignit\u00e9 qu&rsquo;ils n&rsquo;ont jamais connues.<br \/>\n<\/strong><\/p>\n<p>Imaginez un pays sous dictature de p\u00e8re en fils depuis quarante ans, un r\u00e9gime qui, dans une totale impunit\u00e9, plante ses pieux arm\u00e9s dans le c\u0153ur de chaque citoyen. Telle est la Syrie du clan El Assad, et l&rsquo;Etat de barbarie qu&rsquo;il a partout instaur\u00e9, les lois humaines foul\u00e9es aux pieds. Des millions de citoyens sans d\u00e9fense ont \u00e9t\u00e9 pouss\u00e9s \u00e0 la r\u00e9volte. Un peuple accueillant et paisible a cess\u00e9 d&rsquo;endurer &#8211; et cette r\u00e9volte \u00e0 mains nues, contre la machine de mort, rel\u00e8ve du miracle. Depuis deux mois, les manifestations se soldent, \u00e0 Deraa, \u00e0 Homs, \u00e0 Kamchli, \u00e0 Banyas, \u00e0 Lattaqui\u00e9, par des massacres de l&rsquo;arm\u00e9e, des milices et des services secrets. Mais, ne c\u00e9dant pas \u00e0 la terreur, admirables de courage, les manifestants recommencent le lendemain, enterrant leurs morts et repartant de plus belle.<br \/>\nTout cela est admirable. Tout cela est monstrueux.<\/p>\n<p>Tout cela se d\u00e9roule dans l&rsquo;indiff\u00e9rence g\u00e9n\u00e9rale. Indiff\u00e9rence de la communaut\u00e9 internationale, indiff\u00e9rence de nos repr\u00e9sentants, indiff\u00e9rence des opinions publiques, les yeux tourn\u00e9s ailleurs. Fronti\u00e8res ferm\u00e9es ; organisations humanitaires, presse internationale bannies : Silence, on Tue ! Quelques protestations du bout des l\u00e8vres, en Am\u00e9rique et en Europe ont eu lieu. Les massacres continuent. C&rsquo;est un fleuve de sang.<\/p>\n<p>Donnons ici les noms des responsable syriens \u00e0 la t\u00eate de la r\u00e9pression : Maher Al-Assad, chef de la 4\u00e8me division de l&rsquo;arm\u00e9e ; Ali Mamlouk, chef des renseignements g\u00e9n\u00e9raux ; Mohammed Ibrahim Al-Char, ministre de l&rsquo;int\u00e9rieur ; Hafez Makhlouf, colonel des renseignements g\u00e9n\u00e9raux, branche de Damas ; Abd Al-Fatah Quodiyah, chef du renseignement militaire ; Jamil Hassan, chef du renseignement de l&rsquo;arm\u00e9e de l&rsquo;air syrienne ; Rustum Ghazali, chef du renseignement militaire du gouvernorat de Damas ; Atef Najib, responsable de la s\u00e9curit\u00e9 politique \u00e0 Deraa ; Mohammed Dib Zeitoun, chef de la s\u00e9curit\u00e9 politique \u00e0 Banyas. Gravons ces noms dans nos m\u00e9moires, dans l&rsquo;attente d&rsquo;un ch\u00e2timent prochain devant le peuple syrien et la conscience internationale.<\/p>\n<p><strong>Retenez les noms de ces prisons : Tadmor (Palmyre) ; Palestine, Adra, Douma (Damas) ; Seid Naya. L&rsquo;enfer, en Syrie, porte ces noms.<br \/>\n<\/strong><\/p>\n<p>Pour l&rsquo;heure, il faut descendre dans la rue exiger que les massacres cessent et que nos gouvernants ne se contentent plus de pieuses remontrances. Bashar Al-Assad n&rsquo;a pas \u00e9t\u00e9 d\u00e9clar\u00e9 criminel ni hors-la loi. Il n&rsquo;est sous le coup d&rsquo;aucune inculpation de la Cour p\u00e9nale internationale. L&rsquo;ONU n&rsquo;a pas mis les tueurs en demeure de remiser leurs chars et leurs milices, sous peine de proscription.<br \/>\nTournez vos yeux vers la Syrie.<\/p>\n<p><strong>Signez cet appel et venez manifester votre peine, votre indignation, votre solidarit\u00e9 avec le peuple syrien, dimanche 29 mai \u00e0 15h, esplanade du Trocad\u00e9ro, \u00e0 Paris.<br \/>\n<\/strong><\/p>\n<p><strong><br \/>\nPremiers signataires<\/strong> : Amirshahi Pouria, secr\u00e9taire national du PS charg\u00e9 des Droits de l&rsquo;Homme ; Bennahmias Jean-Luc, d\u00e9put\u00e9 europ\u00e9en; Benslama Fethi, psychanalyste ; Berg\u00e9 Pierre, pr\u00e9sident de la Fondation Yves Saint-Laurent, actionnaire et pr\u00e9sident du conseil de surveillance du Monde ; Bianco Jean-Louis, d\u00e9put\u00e9-Maire de Dignes ; Dray Julien, d\u00e9put\u00e9 de l&rsquo;Essone ; Durpaire Fran\u00e7ois, historien ; Franck Dan, \u00e9crivain ; Goupil Romain, r\u00e9alisateur ; Henry Pierre, pr\u00e9sident de FTDA ; Hollande Fran\u00e7ois, d\u00e9put\u00e9 de Corr\u00e8ze ; Lepage Corinne, d\u00e9put\u00e9e europ\u00e9enne ; Pingeot Mazarine, \u00e9crivain ; Sifaoui Mohamed, journaliste, \u00e9crivain ; Stora Benjamin, historien ; Ribes Jean-Michel, directeur du Th\u00e9\u00e2tre du Rond Point ; Rocard Michel, ancien premier ministre ; Youssouphou Baki, pr\u00e9sident de la C\u00e9 ; Huchon Jean-Paul, pr\u00e9sident de la r\u00e9gion IDF ; Benguigui Jean, com\u00e9dien ; Benguigui Yamina, adjoint au Maire de Paris de la lutte contre les discriminations ; Delano\u00eb Bertrand, maire de Paris ; Levy Bernard-Henri, philosophe et membre du conseil de surveillance du Monde ; Chomski-Magnis Huguette, pr\u00e9sidente du MPCT ; Hertzog Gilles, \u00e9crivain ; Schapira Pierre, adjoint au Maire de Paris charg\u00e9 des relations internationales ; Pau-Langevin George, d\u00e9put\u00e9e de Paris ; Branco Juan, pr\u00e9sident de Jeune R\u00e9publique ; Boutih Malek, ancien Pr\u00e9sident de SOS Racisme ; Kendal Nezan, pr\u00e9sident de l&rsquo;Institut Kurde de Paris ; Encel Fr\u00e9d\u00e9ric, g\u00e9opolitologue ; Desir Harlem, d\u00e9put\u00e9 europ\u00e9en<\/p>\n","protected":false},"excerpt":{"rendered":"<p>Imaginez des villes enti\u00e8res coup\u00e9es du monde, pas de t\u00e9l\u00e9phone, plus d&rsquo;\u00e9lectricit\u00e9, des patrouilles de chars qui mitraillent la foule, imaginez des tireurs embusqu\u00e9s sur les toits fauchant les passants, des miliciens investissant, une \u00e0 une, les maisons et embarquant tous les hommes de 15 \u00e0 80 ans. Imaginez les prisons, les tortures qu&rsquo;ils y<\/p>\n","protected":false},"author":1,"featured_media":0,"comment_status":"closed","ping_status":"closed","sticky":false,"template":"","format":"standard","meta":{"_uf_show_specific_survey":0,"_uf_disable_surveys":false,"footnotes":""},"categories":[],"tags":[],"class_list":["post-130149","post","type-post","status-publish","format-standard"],"aioseo_notices":[],"_links":{"self":[{"href":"https:\/\/middleeasttransparent.com\/fr\/wp-json\/wp\/v2\/posts\/130149","targetHints":{"allow":["GET"]}}],"collection":[{"href":"https:\/\/middleeasttransparent.com\/fr\/wp-json\/wp\/v2\/posts"}],"about":[{"href":"https:\/\/middleeasttransparent.com\/fr\/wp-json\/wp\/v2\/types\/post"}],"author":[{"embeddable":true,"href":"https:\/\/middleeasttransparent.com\/fr\/wp-json\/wp\/v2\/users\/1"}],"replies":[{"embeddable":true,"href":"https:\/\/middleeasttransparent.com\/fr\/wp-json\/wp\/v2\/comments?post=130149"}],"version-history":[{"count":0,"href":"https:\/\/middleeasttransparent.com\/fr\/wp-json\/wp\/v2\/posts\/130149\/revisions"}],"wp:attachment":[{"href":"https:\/\/middleeasttransparent.com\/fr\/wp-json\/wp\/v2\/media?parent=130149"}],"wp:term":[{"taxonomy":"category","embeddable":true,"href":"https:\/\/middleeasttransparent.com\/fr\/wp-json\/wp\/v2\/categories?post=130149"},{"taxonomy":"post_tag","embeddable":true,"href":"https:\/\/middleeasttransparent.com\/fr\/wp-json\/wp\/v2\/tags?post=130149"}],"curies":[{"name":"wp","href":"https:\/\/api.w.org\/{rel}","templated":true}]}}