{"id":130100,"date":"2011-05-22T19:58:02","date_gmt":"2011-05-22T18:58:02","guid":{"rendered":"https:\/\/middleeasttransparent.com\/les-suppots-de-bachar-al-assad-a-linstitut-du-monde-arabe\/"},"modified":"2024-01-23T12:29:22","modified_gmt":"2024-01-23T11:29:22","slug":"les-suppots-de-bachar-al-assad-a-linstitut-du-monde-arabe","status":"publish","type":"post","link":"https:\/\/middleeasttransparent.com\/fr\/les-suppots-de-bachar-al-assad-a-linstitut-du-monde-arabe\/","title":{"rendered":"Les supp\u00f4ts de Bachar Al-Assad \u00e0 l\u2019institut du monde arabe"},"content":{"rendered":"<p><strong>Par JEAN-PIERRE PERRIN<br \/>\n<\/strong><\/p>\n<p>Le 25 mai 2000, sous la pression du Hezbollah, l\u2019arm\u00e9e isra\u00e9lienne \u00e9vacuait le Sud-Liban apr\u00e8s une interminable occupation. D\u2019o\u00f9 une l\u00e9gitime comm\u00e9moration \u00e0 Beyrouth et dans la diaspora libanaise. A Paris, elle se d\u00e9roule dans l\u2019auditorium Rafic Hariri de l\u2019Institut du monde arabe dimanche. <strong>Surprise, elle est organis\u00e9e par les repr\u00e9sentants libanais les plus aux ordres du r\u00e9gime syrien, \u00e0 l\u2019heure o\u00f9 celui-ci massacre sa population.<\/strong> <\/p>\n<p>Parmi eux, <strong>Michel Samaha<\/strong>, un proche d\u2019Al-Assad, et<strong> le Parti national syrien, un groupe n\u00e9onazi<\/strong>. \u00abQuelle honte !\u00bb confiait samedi un militant de la mouvance d\u00e9mocratique libanaise.<\/p>\n<p><a href=\"http:\/\/www.liberation.fr\/monde\/01012338665-les-suppots-de-bachar-al-assad-a-l-institut-du-monde-arabe\">Lib\u00e9ration<\/a><\/p>\n","protected":false},"excerpt":{"rendered":"<p>Par JEAN-PIERRE PERRIN Le 25 mai 2000, sous la pression du Hezbollah, l\u2019arm\u00e9e isra\u00e9lienne \u00e9vacuait le Sud-Liban apr\u00e8s une interminable occupation. D\u2019o\u00f9 une l\u00e9gitime comm\u00e9moration \u00e0 Beyrouth et dans la diaspora libanaise. A Paris, elle se d\u00e9roule dans l\u2019auditorium Rafic Hariri de l\u2019Institut du monde arabe dimanche. Surprise, elle est organis\u00e9e par les repr\u00e9sentants libanais<\/p>\n","protected":false},"author":1,"featured_media":0,"comment_status":"closed","ping_status":"closed","sticky":false,"template":"","format":"standard","meta":{"_uf_show_specific_survey":0,"_uf_disable_surveys":false,"footnotes":""},"categories":[],"tags":[],"class_list":["post-130100","post","type-post","status-publish","format-standard"],"aioseo_notices":[],"_links":{"self":[{"href":"https:\/\/middleeasttransparent.com\/fr\/wp-json\/wp\/v2\/posts\/130100","targetHints":{"allow":["GET"]}}],"collection":[{"href":"https:\/\/middleeasttransparent.com\/fr\/wp-json\/wp\/v2\/posts"}],"about":[{"href":"https:\/\/middleeasttransparent.com\/fr\/wp-json\/wp\/v2\/types\/post"}],"author":[{"embeddable":true,"href":"https:\/\/middleeasttransparent.com\/fr\/wp-json\/wp\/v2\/users\/1"}],"replies":[{"embeddable":true,"href":"https:\/\/middleeasttransparent.com\/fr\/wp-json\/wp\/v2\/comments?post=130100"}],"version-history":[{"count":0,"href":"https:\/\/middleeasttransparent.com\/fr\/wp-json\/wp\/v2\/posts\/130100\/revisions"}],"wp:attachment":[{"href":"https:\/\/middleeasttransparent.com\/fr\/wp-json\/wp\/v2\/media?parent=130100"}],"wp:term":[{"taxonomy":"category","embeddable":true,"href":"https:\/\/middleeasttransparent.com\/fr\/wp-json\/wp\/v2\/categories?post=130100"},{"taxonomy":"post_tag","embeddable":true,"href":"https:\/\/middleeasttransparent.com\/fr\/wp-json\/wp\/v2\/tags?post=130100"}],"curies":[{"name":"wp","href":"https:\/\/api.w.org\/{rel}","templated":true}]}}