{"id":129760,"date":"2011-04-11T17:16:16","date_gmt":"2011-04-11T16:16:16","guid":{"rendered":"https:\/\/middleeasttransparent.com\/repression-des-manifestations-en-syrie-la-france-condamne-avec-force\/"},"modified":"2024-01-23T11:57:56","modified_gmt":"2024-01-23T10:57:56","slug":"repression-des-manifestations-en-syrie-la-france-condamne-avec-force","status":"publish","type":"post","link":"https:\/\/middleeasttransparent.com\/fr\/repression-des-manifestations-en-syrie-la-france-condamne-avec-force\/","title":{"rendered":"R\u00e9pression des manifestations en Syrie: La France condamne avec force"},"content":{"rendered":"<p>R\u00e9pression des manifestations (11 avril 2011)<\/p>\n<p><strong><br \/>\nLa France condamne avec force les violences qui ont encore fait r\u00e9cemment plus de vingt morts et de nombreux bless\u00e9s dans plusieurs villes syriennes, en particulier \u00e0 Deraa. Ces violences sont inacceptables.<\/strong><\/p>\n<p>Elle d\u00e9plore la poursuite des arrestations et des intimidations contre les journalistes, qui sont \u00e9galement inacceptables.<\/p>\n<p>La France appelle les autorit\u00e9s syriennes \u00e0 renoncer imm\u00e9diatement \u00e0 l\u2019usage de la force contre les manifestants, et \u00e0 mettre en \u0153uvre sans tarder un programme de r\u00e9formes r\u00e9pondant aux aspirations de la population. R\u00e9forme et r\u00e9pression sont incompatibles.<\/p>\n<p><strong>La France demande la lib\u00e9ration de tous les prisonniers d\u2019opinion, notamment les personnes emprisonn\u00e9es pour avoir particip\u00e9 aux manifestations.<br \/>\n<\/strong><\/p>\n<p>Le lancement rapide de r\u00e9formes politiques effectives, et en particulier de la lev\u00e9e de l\u2019\u00e9tat d\u2019urgence, est seul \u00e0 m\u00eame de r\u00e9pondre aux aspirations l\u00e9gitimes du peuple syrien et de contribuer ainsi \u00e0 la stabilit\u00e9 du pays, qui est dans l\u2019int\u00e9r\u00eat de tous.<\/p>\n","protected":false},"excerpt":{"rendered":"<p>R\u00e9pression des manifestations (11 avril 2011) La France condamne avec force les violences qui ont encore fait r\u00e9cemment plus de vingt morts et de nombreux bless\u00e9s dans plusieurs villes syriennes, en particulier \u00e0 Deraa. Ces violences sont inacceptables. Elle d\u00e9plore la poursuite des arrestations et des intimidations contre les journalistes, qui sont \u00e9galement inacceptables. La<\/p>\n","protected":false},"author":1,"featured_media":0,"comment_status":"closed","ping_status":"closed","sticky":false,"template":"","format":"standard","meta":{"_uf_show_specific_survey":0,"_uf_disable_surveys":false,"footnotes":""},"categories":[],"tags":[],"class_list":["post-129760","post","type-post","status-publish","format-standard"],"aioseo_notices":[],"_links":{"self":[{"href":"https:\/\/middleeasttransparent.com\/fr\/wp-json\/wp\/v2\/posts\/129760","targetHints":{"allow":["GET"]}}],"collection":[{"href":"https:\/\/middleeasttransparent.com\/fr\/wp-json\/wp\/v2\/posts"}],"about":[{"href":"https:\/\/middleeasttransparent.com\/fr\/wp-json\/wp\/v2\/types\/post"}],"author":[{"embeddable":true,"href":"https:\/\/middleeasttransparent.com\/fr\/wp-json\/wp\/v2\/users\/1"}],"replies":[{"embeddable":true,"href":"https:\/\/middleeasttransparent.com\/fr\/wp-json\/wp\/v2\/comments?post=129760"}],"version-history":[{"count":0,"href":"https:\/\/middleeasttransparent.com\/fr\/wp-json\/wp\/v2\/posts\/129760\/revisions"}],"wp:attachment":[{"href":"https:\/\/middleeasttransparent.com\/fr\/wp-json\/wp\/v2\/media?parent=129760"}],"wp:term":[{"taxonomy":"category","embeddable":true,"href":"https:\/\/middleeasttransparent.com\/fr\/wp-json\/wp\/v2\/categories?post=129760"},{"taxonomy":"post_tag","embeddable":true,"href":"https:\/\/middleeasttransparent.com\/fr\/wp-json\/wp\/v2\/tags?post=129760"}],"curies":[{"name":"wp","href":"https:\/\/api.w.org\/{rel}","templated":true}]}}