{"id":129453,"date":"2011-03-14T20:49:37","date_gmt":"2011-03-14T19:49:37","guid":{"rendered":"https:\/\/middleeasttransparent.com\/la-france-condamne-le-verdict-rendu-par-un-tribunal-syrien-contre-ali-al-abdallah\/"},"modified":"2024-01-23T11:57:47","modified_gmt":"2024-01-23T10:57:47","slug":"la-france-condamne-le-verdict-rendu-par-un-tribunal-syrien-contre-ali-al-abdallah","status":"publish","type":"post","link":"https:\/\/middleeasttransparent.com\/fr\/la-france-condamne-le-verdict-rendu-par-un-tribunal-syrien-contre-ali-al-abdallah\/","title":{"rendered":"La France condamne le verdict rendu par un tribunal syrien contre Ali Al-Abdallah"},"content":{"rendered":"<p> <strong><br \/>\n La France condamne le verdict rendu le 13 mars par un tribunal militaire<br \/>\n syrien contre Ali Al-Abdallah, \u00e9crivain et journaliste. La France regrette<br \/>\n que les diplomates, notamment europ\u00e9ens, n&rsquo;aient pas \u00e9t\u00e9 autoris\u00e9s \u00e0<br \/>\n assister \u00e0 son proc\u00e8s.<\/strong><\/p>\n<p> La France appelle la Syrie \u00e0 mettre en \u0153uvre les engagements<br \/>\n internationaux auxquels elle a souscrit en mati\u00e8re de droits de l&rsquo;Homme, en<br \/>\n particulier s&rsquo;agissant de la libert\u00e9 d&rsquo;opinion et d&rsquo;expression et du droit<br \/>\n \u00e0 un proc\u00e8s juste et \u00e9quitable.<\/p>\n<p> Apr\u00e8s la lib\u00e9ration de <strong>Haytham el Maleh<\/strong> intervenue le 8 mars, la France<br \/>\n appelle \u00e0 la lib\u00e9ration de Ali Abdallah et de tous les prisonniers<br \/>\n d\u00e9tenus en Syrie en raison de leurs opinions ou de leurs actions en faveur<br \/>\n de la d\u00e9fense des droits de l&rsquo;Homme.<\/p>\n","protected":false},"excerpt":{"rendered":"<p>La France condamne le verdict rendu le 13 mars par un tribunal militaire syrien contre Ali Al-Abdallah, \u00e9crivain et journaliste. La France regrette que les diplomates, notamment europ\u00e9ens, n&rsquo;aient pas \u00e9t\u00e9 autoris\u00e9s \u00e0 assister \u00e0 son proc\u00e8s. La France appelle la Syrie \u00e0 mettre en \u0153uvre les engagements internationaux auxquels elle a souscrit en mati\u00e8re<\/p>\n","protected":false},"author":1,"featured_media":0,"comment_status":"closed","ping_status":"closed","sticky":false,"template":"","format":"standard","meta":{"_uf_show_specific_survey":0,"_uf_disable_surveys":false,"footnotes":""},"categories":[],"tags":[],"class_list":["post-129453","post","type-post","status-publish","format-standard"],"aioseo_notices":[],"_links":{"self":[{"href":"https:\/\/middleeasttransparent.com\/fr\/wp-json\/wp\/v2\/posts\/129453","targetHints":{"allow":["GET"]}}],"collection":[{"href":"https:\/\/middleeasttransparent.com\/fr\/wp-json\/wp\/v2\/posts"}],"about":[{"href":"https:\/\/middleeasttransparent.com\/fr\/wp-json\/wp\/v2\/types\/post"}],"author":[{"embeddable":true,"href":"https:\/\/middleeasttransparent.com\/fr\/wp-json\/wp\/v2\/users\/1"}],"replies":[{"embeddable":true,"href":"https:\/\/middleeasttransparent.com\/fr\/wp-json\/wp\/v2\/comments?post=129453"}],"version-history":[{"count":0,"href":"https:\/\/middleeasttransparent.com\/fr\/wp-json\/wp\/v2\/posts\/129453\/revisions"}],"wp:attachment":[{"href":"https:\/\/middleeasttransparent.com\/fr\/wp-json\/wp\/v2\/media?parent=129453"}],"wp:term":[{"taxonomy":"category","embeddable":true,"href":"https:\/\/middleeasttransparent.com\/fr\/wp-json\/wp\/v2\/categories?post=129453"},{"taxonomy":"post_tag","embeddable":true,"href":"https:\/\/middleeasttransparent.com\/fr\/wp-json\/wp\/v2\/tags?post=129453"}],"curies":[{"name":"wp","href":"https:\/\/api.w.org\/{rel}","templated":true}]}}