{"id":129448,"date":"2011-03-14T00:33:39","date_gmt":"2011-03-13T23:33:39","guid":{"rendered":"https:\/\/middleeasttransparent.com\/des-milliers-de-libanais-disent-non-aux-armes-du-hezbollah\/"},"modified":"2024-01-23T11:57:46","modified_gmt":"2024-01-23T10:57:46","slug":"des-milliers-de-libanais-disent-non-aux-armes-du-hezbollah","status":"publish","type":"post","link":"https:\/\/middleeasttransparent.com\/fr\/des-milliers-de-libanais-disent-non-aux-armes-du-hezbollah\/","title":{"rendered":"Des milliers de Libanais disent non aux armes du Hezbollah"},"content":{"rendered":"<p><strong><br \/>\n\u00abNon \u00e0 l&rsquo;oppression\u00bb, \u00abNon aux assassinats\u00bb, \u00abNon au diktat des armes\u00bb, disaient les pancartes brandies par la foule. Cr\u00e9dits photo : ANWAR AMRO\/AFP<br \/>\nUne mar\u00e9e humaine a d\u00e9ferl\u00e9 dimanche dans les rues de la capitale libanaise pour d\u00e9noncer l&rsquo;arsenal que poss\u00e8de le mouvement chiite, mis en cause dans l&rsquo;assassinat il y a six ans de l&rsquo;ancien premier ministre Rafic Hariri.<\/strong><\/p>\n<p>\u00abLe peuple veut faire tomber les armes\u00bb, scandait la foule. Des dizaines de milliers de Libanais ont manifest\u00e9 dimanche \u00e0 Beyrouth contre l&rsquo;arsenal du Hezbollah. Ils ont ainsi marqu\u00e9 le 6e anniversaire de la \u00abR\u00e9volution du C\u00e8dre\u00bb d\u00e9clench\u00e9e apr\u00e8s le meurtre de Rafic Hariri, dans lequel le puissant parti chiite s&rsquo;attend \u00e0 \u00eatre mis en cause. La \u00abR\u00e9volution du C\u00e8dre\u00bb avait contraint la Syrie voisine de retirer ses troupes du pays apr\u00e8s 30 ans de tutelle politique et militaire.<\/p>\n<p>La foule s&rsquo;est assembl\u00e9e sous haute s\u00e9curit\u00e9 sur la place des Martyrs au centre-ville, brandissant des pancartes proclamant \u00abNon \u00e0 l&rsquo;oppression\u00bb, \u00abNon aux assassinats\u00bb, \u00abNon au diktat des armes\u00bb. Seul mouvement libanais \u00e0 ne pas avoir d\u00e9pos\u00e9 les armes apr\u00e8s la guerre civile (1975-1990), le Hezbollah, qui pr\u00f4ne la lutte contre Isra\u00ebl, estime que son arsenal est n\u00e9cessaire pour d\u00e9fendre le pays, tandis que le camp Hariri estime que c&rsquo;est l&rsquo;Etat qui doit d\u00e9tenir le monopole des armes.<\/p>\n<p>Ce rassemblement monstre r\u00e9pondait \u00e0 un appel du premier ministre en exercice Saad Hariri, fils du dirigeant assassin\u00e9. En janvier dernier, le Hezbollah a fait tomber son cabinet le 12 janvier apr\u00e8s avoir tent\u00e9 en vain d&rsquo;obtenir de lui de cesser toute coop\u00e9ration avec le tribunal de l&rsquo;ONU, en charge d&rsquo;enqu\u00eater sur le meurtre de son p\u00e8re. Vendredi, Saad Hariri a laiss\u00e9 entendre que le Hezbollah avait \u00abpeur\u00bb de la v\u00e9rit\u00e9 sur l&rsquo;assassinat de son p\u00e8re le 14 f\u00e9vrier 2005 \u00e0 Beyrouth, affirmant que l&rsquo;arsenal ne lui \u00abservirait \u00e0 rien face \u00e0 la v\u00e9rit\u00e9\u00bb.<\/p>\n<p><a href=\"http:\/\/www.lefigaro.fr\/international\/2011\/03\/13\/01003-20110313ARTFIG00112-des-milliers-de-libanais-disent-non-aux-armes-du-hezbollah.php\">Le Figaro<\/a><\/p>\n","protected":false},"excerpt":{"rendered":"<p>\u00abNon \u00e0 l&rsquo;oppression\u00bb, \u00abNon aux assassinats\u00bb, \u00abNon au diktat des armes\u00bb, disaient les pancartes brandies par la foule. Cr\u00e9dits photo : ANWAR AMRO\/AFP Une mar\u00e9e humaine a d\u00e9ferl\u00e9 dimanche dans les rues de la capitale libanaise pour d\u00e9noncer l&rsquo;arsenal que poss\u00e8de le mouvement chiite, mis en cause dans l&rsquo;assassinat il y a six ans de<\/p>\n","protected":false},"author":1,"featured_media":0,"comment_status":"closed","ping_status":"closed","sticky":false,"template":"","format":"standard","meta":{"_uf_show_specific_survey":0,"_uf_disable_surveys":false,"footnotes":""},"categories":[],"tags":[],"class_list":["post-129448","post","type-post","status-publish","format-standard"],"aioseo_notices":[],"_links":{"self":[{"href":"https:\/\/middleeasttransparent.com\/fr\/wp-json\/wp\/v2\/posts\/129448","targetHints":{"allow":["GET"]}}],"collection":[{"href":"https:\/\/middleeasttransparent.com\/fr\/wp-json\/wp\/v2\/posts"}],"about":[{"href":"https:\/\/middleeasttransparent.com\/fr\/wp-json\/wp\/v2\/types\/post"}],"author":[{"embeddable":true,"href":"https:\/\/middleeasttransparent.com\/fr\/wp-json\/wp\/v2\/users\/1"}],"replies":[{"embeddable":true,"href":"https:\/\/middleeasttransparent.com\/fr\/wp-json\/wp\/v2\/comments?post=129448"}],"version-history":[{"count":0,"href":"https:\/\/middleeasttransparent.com\/fr\/wp-json\/wp\/v2\/posts\/129448\/revisions"}],"wp:attachment":[{"href":"https:\/\/middleeasttransparent.com\/fr\/wp-json\/wp\/v2\/media?parent=129448"}],"wp:term":[{"taxonomy":"category","embeddable":true,"href":"https:\/\/middleeasttransparent.com\/fr\/wp-json\/wp\/v2\/categories?post=129448"},{"taxonomy":"post_tag","embeddable":true,"href":"https:\/\/middleeasttransparent.com\/fr\/wp-json\/wp\/v2\/tags?post=129448"}],"curies":[{"name":"wp","href":"https:\/\/api.w.org\/{rel}","templated":true}]}}