{"id":129336,"date":"2011-03-03T22:58:36","date_gmt":"2011-03-03T21:58:36","guid":{"rendered":"https:\/\/middleeasttransparent.com\/vienne-engage-une-enquete-sur-mustafa-zarti\/"},"modified":"2024-01-23T11:58:22","modified_gmt":"2024-01-23T10:58:22","slug":"vienne-engage-une-enquete-sur-mustafa-zarti","status":"publish","type":"post","link":"https:\/\/middleeasttransparent.com\/fr\/vienne-engage-une-enquete-sur-mustafa-zarti\/","title":{"rendered":"Vienne engage une enqu\u00eate sur Mustafa Zarti"},"content":{"rendered":"<p>VIENNE &#8211; Le minist\u00e8re autrichien des Affaires \u00e9trang\u00e8res a demand\u00e9 \u00e0 la Banque centrale (OeNB) d&rsquo;engager une enqu\u00eate sur un homme de confiance du dirigeant libyen Mouammar Kadhafi, qui se serait r\u00e9fugi\u00e9 \u00e0 Vienne, selon plusieurs m\u00e9dias autrichiens.<\/p>\n<p>Le ministre autrichien des Affaires \u00e9trang\u00e8res, Michael Spindelegger, a demand\u00e9 mercredi soir \u00e0 la Banque centrale autrichienne d&rsquo;\u00e9tudier un gel des avoirs en Autriche de Mustafa Zarti, a annonc\u00e9 un porte-parole du minist\u00e8re, Alexander Schallenberg.<\/p>\n<p>Mustafa Zarti \u00ab\u00a0dispose d&rsquo;avoirs et est susceptible de les mettre \u00e0 disposition d&rsquo;autres repr\u00e9sentants du r\u00e9gime libyen\u00a0\u00bb, a pr\u00e9cis\u00e9 le porte-parole.<br \/>\nMustafa Zarti, vice-pr\u00e9sident du fonds souverain d&rsquo;Etat libyen (Libyan Investment Authority), serait en charge de la gestion des avoirs de Kadhafi en Autriche et aurait quitt\u00e9 Tripoli pour se r\u00e9fugier \u00e0 Vienne le 21 f\u00e9vrier, indiquent dans leur \u00e9dition de jeudi le quotidien conservateur Die Presse et l&rsquo;hebdomadaire News.<\/p>\n<p>Mustafa Zarti, affirme Die Presse sur la foi d&rsquo;un ancien proche du dirigeant libyen qu&rsquo;il ne nomme pas, aurait en charge la gestion des avoirs de Kadhafi en Autriche, estim\u00e9s par cet ancien proche \u00e0 pr\u00e8s de 30 milliards de dollars (22 milliards d&rsquo;euros), pour l&rsquo;essentiel dissimul\u00e9s dans des fondations.<\/p>\n<p>La Banque centrale autrichienne, \u00e0 l&rsquo;issue d&rsquo;une premi\u00e8re v\u00e9rification, sur la base des sanctions d\u00e9cid\u00e9es le 28 f\u00e9vrier par l&rsquo;Union europ\u00e9enne (UE) \u00e0 l&rsquo;encontre de Mouammar Kadhafi et de 25 de ses proches, avait indiqu\u00e9 le 1er mars que les avoirs libyens identifi\u00e9s sur des comptes bancaires dans la petite r\u00e9publique alpine s&rsquo;\u00e9levaient \u00e0 1,2 milliard d&rsquo;euros, sans pr\u00e9ciser \u00e0 qui ils appartenaient.<\/p>\n<p>Mustafa Zarti est \u00ab\u00a0le repr\u00e9sentant de Kadhafi en Autriche, il g\u00e8re bon nombre d&rsquo;investissements, cr\u00e9e des fondations, ach\u00e8te de l&rsquo;immobilier\u00a0\u00bb, affirme l&rsquo;hebdomadaire News, citant un ancien argentier de Kadhafi, de nationalit\u00e9 britannique, qui a souhait\u00e9 rester anonyme.<\/p>\n<p>Principale piste dans la recherche des fonds de Kadhafi en Autriche, Mustafa Zarti est un ami de Sa\u00eff al-Islam, un fils de Kadhafi qui a \u00e9tudi\u00e9 \u00e0 Vienne et qui est propri\u00e9taire d&rsquo;une luxueuse villa dans la capitale autrichienne. Sa\u00eff al-Islam avait aussi tiss\u00e9 des liens d&rsquo;amiti\u00e9 avec J\u00f6rg Haider, dirigeant charismatique de l&rsquo;extr\u00eame droite autrichienne, d\u00e9c\u00e9d\u00e9 en d\u00e9cembre 2008.<\/p>\n<p>\u00ab\u00a0Nous ne savons pas si Mustafa Zarti se trouve en Autriche en ce moment\u00a0\u00bb, a d\u00e9clar\u00e9 \u00e0 l&rsquo;AFP un porte-parole du minist\u00e8re autrichien de l&rsquo;Int\u00e9rieur, Rudolf Gollia. Le minist\u00e8re a pr\u00e9cis\u00e9 qu&rsquo;il ne figurait pas sur la liste des personnes vis\u00e9es par les sanctions \u00e9conomiques prises par l&rsquo;UE \u00e0 l&rsquo;encontre des proches de Kadhafi, alors que l&rsquo;Autriche a gel\u00e9 le 1er mars les avoirs de ces ressortissants libyens.<\/p>\n<p>Die Presse et News rapportent que Mustafa Zarti d\u00e9tient un passeport autrichien, ce qui lui assurerait une protection suppl\u00e9mentaire. Le minist\u00e8re de l&rsquo;Int\u00e9rieur d\u00e9clare ne pas savoir si c&rsquo;est le cas.<\/p>\n<p>Outre ses responsabilt\u00e9s au fonds souverain libyen, qui en font avec la Banque centrale libyenne l&rsquo;un des principaux actionnaires de la grande banque italienne UniCredit, Mustafa Zarti est l&rsquo;un des principaux dirigeants \u00e9conomiques et financiers libyens: il est un des responsables de la Compagnie p\u00e9troli\u00e8re nationale libyenne (NOC) comme du groupe p\u00e9trolier international Tamoil, vice-pr\u00e9sident de la First Energy Bank \u00e0 Bahre\u00efn et, de plus, responsable de la p\u00eache au thon au large des c\u00f4tes libyennes.<br \/>\nPar ailleurs, UniCredit et son importante filiale autrichienne, Bank Austria, sont sans nouvelle depuis le d\u00e9but du soul\u00e8vement populaire en Libye de leur vice-pr\u00e9sident, le gouverneur de la Banque centrale libyenne, Farhat Omar Bengdara: \u00ab\u00a0Nous n&rsquo;avons toujours pas de contact avec Bengdara\u00a0\u00bb, a d\u00e9clar\u00e9 le pr\u00e9sident d&rsquo;UniCredit, l&rsquo;Allemand Dieter Rampl.<\/p>\n<p>(\u00a9AFP \/ 03 mars 2011 <\/p>\n<p>Voir:<\/p>\n","protected":false},"excerpt":{"rendered":"<p>VIENNE &#8211; Le minist\u00e8re autrichien des Affaires \u00e9trang\u00e8res a demand\u00e9 \u00e0 la Banque centrale (OeNB) d&rsquo;engager une enqu\u00eate sur un homme de confiance du dirigeant libyen Mouammar Kadhafi, qui se serait r\u00e9fugi\u00e9 \u00e0 Vienne, selon plusieurs m\u00e9dias autrichiens. Le ministre autrichien des Affaires \u00e9trang\u00e8res, Michael Spindelegger, a demand\u00e9 mercredi soir \u00e0 la Banque centrale autrichienne<\/p>\n","protected":false},"author":1,"featured_media":0,"comment_status":"closed","ping_status":"closed","sticky":false,"template":"","format":"standard","meta":{"_uf_show_specific_survey":0,"_uf_disable_surveys":false,"footnotes":""},"categories":[],"tags":[],"class_list":["post-129336","post","type-post","status-publish","format-standard"],"aioseo_notices":[],"_links":{"self":[{"href":"https:\/\/middleeasttransparent.com\/fr\/wp-json\/wp\/v2\/posts\/129336","targetHints":{"allow":["GET"]}}],"collection":[{"href":"https:\/\/middleeasttransparent.com\/fr\/wp-json\/wp\/v2\/posts"}],"about":[{"href":"https:\/\/middleeasttransparent.com\/fr\/wp-json\/wp\/v2\/types\/post"}],"author":[{"embeddable":true,"href":"https:\/\/middleeasttransparent.com\/fr\/wp-json\/wp\/v2\/users\/1"}],"replies":[{"embeddable":true,"href":"https:\/\/middleeasttransparent.com\/fr\/wp-json\/wp\/v2\/comments?post=129336"}],"version-history":[{"count":0,"href":"https:\/\/middleeasttransparent.com\/fr\/wp-json\/wp\/v2\/posts\/129336\/revisions"}],"wp:attachment":[{"href":"https:\/\/middleeasttransparent.com\/fr\/wp-json\/wp\/v2\/media?parent=129336"}],"wp:term":[{"taxonomy":"category","embeddable":true,"href":"https:\/\/middleeasttransparent.com\/fr\/wp-json\/wp\/v2\/categories?post=129336"},{"taxonomy":"post_tag","embeddable":true,"href":"https:\/\/middleeasttransparent.com\/fr\/wp-json\/wp\/v2\/tags?post=129336"}],"curies":[{"name":"wp","href":"https:\/\/api.w.org\/{rel}","templated":true}]}}