{"id":129234,"date":"2011-02-22T17:01:56","date_gmt":"2011-02-22T16:01:56","guid":{"rendered":"https:\/\/middleeasttransparent.com\/un-groupe-de-diplomates-francais-a-nicolas-sarkozy-on-ne-simprovise-pas-diplomate\/"},"modified":"2024-01-23T11:58:16","modified_gmt":"2024-01-23T10:58:16","slug":"un-groupe-de-diplomates-francais-a-nicolas-sarkozy-on-ne-simprovise-pas-diplomate","status":"publish","type":"post","link":"https:\/\/middleeasttransparent.com\/fr\/un-groupe-de-diplomates-francais-a-nicolas-sarkozy-on-ne-simprovise-pas-diplomate\/","title":{"rendered":"Un groupe de diplomates fran\u00e7ais \u00e0 Nicolas Sarkozy: \u00ab\u00a0On ne s\u2019improvise pas diplomate\u00a0\u00bb!"},"content":{"rendered":"<p><strong>Un groupe de diplomates fran\u00e7ais de g\u00e9n\u00e9rations diff\u00e9rentes, certains actifs, d&rsquo;autres \u00e0 la retraite, et d&rsquo;ob\u00e9diences politiques vari\u00e9es, a d\u00e9cid\u00e9 de livrer son analyse critique de la politique ext\u00e9rieure de la France sous Nicolas Sarkozy. En choisissant l&rsquo;anonymat, ils ont imit\u00e9 le groupe Surcouf \u00e9manant des milieux militaires, d\u00e9non\u00e7ant lui aussi certains choix du chef de l&rsquo;Etat. Le pseudonyme collectif qu&rsquo;ils ont choisi est \u00ab\u00a0Marly\u00a0\u00bb \u2013 du nom du caf\u00e9 o\u00f9 ils se sont r\u00e9unis la premi\u00e8re fois. Ceci est leur premier texte public.<\/strong><\/p>\n<p>*  *<\/p>\n<p>La man\u0153uvre ne trompe plus personne : quand les \u00e9v\u00e9nements sont contrariants pour les mises en sc\u00e8ne pr\u00e9sidentielles, les corps d&rsquo;Etat sont alors d\u00e9sign\u00e9s comme responsables.<\/p>\n<p>Or, en mati\u00e8re diplomatique, que de contrari\u00e9t\u00e9s pour les autorit\u00e9s politiques ! A l&rsquo;encontre des annonces claironn\u00e9es depuis trois ans, l&rsquo;Europe est impuissante, l&rsquo;Afrique nous \u00e9chappe, la M\u00e9diterran\u00e9e nous boude, la Chine nous a dompt\u00e9s et Washington nous ignore ! Dans le m\u00eame temps, nos avions Rafale et notre industrie nucl\u00e9aire, loin des triomphes annonc\u00e9s, restent sur l&rsquo;\u00e9tag\u00e8re. Plus grave, la voix de la France a disparu dans le monde. Notre suivisme \u00e0 l&rsquo;\u00e9gard des Etats-Unis d\u00e9route beaucoup de nos partenaires.<\/p>\n<p>Pendant la guerre froide, nous \u00e9tions dans le camp occidental, mais nous pesions sur la position des deux camps par une attitude originale. Aujourd&rsquo;hui, ralli\u00e9s aux Etats-Unis comme l&rsquo;a manifest\u00e9 notre retour dans l&rsquo;OTAN, nous n&rsquo;int\u00e9ressons plus grand monde car nous avons perdu notre visibilit\u00e9 et notre capacit\u00e9 de man\u0153uvre diplomatique. Cette perte d&rsquo;influence n&rsquo;est pas imputable aux diplomates mais aux options choisies par les politiques.<\/p>\n<p>Il est clair que le pr\u00e9sident n&rsquo;appr\u00e9cie gu\u00e8re les administrations de l&rsquo;Etat qu&rsquo;il accable d&rsquo;un m\u00e9pris ostensible et qu&rsquo;il cherche \u00e0 rendre responsables des d\u00e9boires de sa politique. C&rsquo;est ainsi que les diplomates sont d\u00e9sign\u00e9s comme responsables des d\u00e9convenues de notre politique ext\u00e9rieure. Ils r\u00e9cusent le proc\u00e8s qui leur est fait. <strong>La politique suivie \u00e0 l&rsquo;\u00e9gard de la Tunisie ou de l&rsquo;Egypte a \u00e9t\u00e9 d\u00e9finie \u00e0 la pr\u00e9sidence de la R\u00e9publique<\/strong> sans tenir compte des analyses de nos ambassades. C&rsquo;est elle qui a choisi MM. Ben Ali et Moubarak comme \u00ab\u00a0piliers sud\u00a0\u00bb de la M\u00e9diterran\u00e9e.<\/p>\n<p>Un WikiLeaks \u00e0 la fran\u00e7aise permettrait de v\u00e9rifier que les diplomates fran\u00e7ais ont r\u00e9dig\u00e9, comme leurs coll\u00e8gues am\u00e9ricains, des textes aussi critiques que sans concessions. Or, \u00e0 l&rsquo;\u00e9coute des diplomates, bien des erreurs auraient pu \u00eatre \u00e9vit\u00e9es, imputables \u00e0 l&rsquo;amateurisme, \u00e0 l&rsquo;impulsivit\u00e9 et aux pr\u00e9occupations m\u00e9diatiques \u00e0 court terme.<\/p>\n<p>Impulsivit\u00e9 ? <strong>L&rsquo;Union pour la M\u00e9diterran\u00e9e<\/strong>, lanc\u00e9e sans pr\u00e9paration malgr\u00e9 les mises en garde du Quai d&rsquo;Orsay qui souhaitait modifier l&rsquo;objectif et la m\u00e9thode, est sinistr\u00e9e.<\/p>\n<p>Amateurisme ? En confiant au minist\u00e8re de l&rsquo;\u00e9cologie la pr\u00e9paration de la conf\u00e9rence de Copenhague sur le changement climatique, nous avons abouti \u00e0 l&rsquo;impuissance de la France et de l&rsquo;Europe et \u00e0 un \u00e9chec cuisant.<\/p>\n<p>Pr\u00e9occupations m\u00e9diatiques ? La tension actuelle avec le Mexique r\u00e9sulte de l&rsquo;exposition publique d&rsquo;un dossier qui, par sa nature, devait \u00eatre trait\u00e9 dans la discr\u00e9tion.<\/p>\n<p>Manque de coh\u00e9rence ? <strong>Notre politique au Moyen-Orient est devenue illisible, s&rsquo;enferre dans des impasses et renforce les cartes de la Syrie<\/strong>. Dans le m\u00eame temps, nos priorit\u00e9s \u00e9videntes sont d\u00e9laiss\u00e9es. Il en est ainsi de l&rsquo;Afrique francophone, n\u00e9glig\u00e9e politiquement et d\u00e9sormais sevr\u00e9e de toute aide bilat\u00e9rale.<\/p>\n<p>Notre politique \u00e9trang\u00e8re est plac\u00e9e sous le signe de l&rsquo;improvisation et d&rsquo;impulsions successives, qui s&rsquo;expliquent souvent par des consid\u00e9rations de politique int\u00e9rieure. Qu&rsquo;on ne s&rsquo;\u00e9tonne pas de nos \u00e9checs. Nous sommes \u00e0 l&rsquo;heure o\u00f9 des pr\u00e9fets se piquent de diplomatie, o\u00f9 les \u00ab\u00a0plumes\u00a0\u00bb con\u00e7oivent de grands desseins, o\u00f9 les r\u00e9seaux repr\u00e9sentant des int\u00e9r\u00eats priv\u00e9s et les visiteurs du soir sont omnipr\u00e9sents et \u00e9cout\u00e9s.<\/p>\n<p>Il n&rsquo;est que temps de r\u00e9agir. Nous devons retrouver une politique \u00e9trang\u00e8re fond\u00e9e sur la coh\u00e9rence, l&rsquo;efficacit\u00e9 et la discr\u00e9tion.<\/p>\n<p>Les diplomates fran\u00e7ais n&rsquo;ont qu&rsquo;un souhait : \u00eatre au service d&rsquo;une politique r\u00e9fl\u00e9chie et stable. Au-del\u00e0 des grandes enceintes du G8 et du G20 o\u00f9 se brouillent les messages, il y a lieu de pr\u00e9ciser nos objectifs sur des questions essentielles telles que le contenu et les fronti\u00e8res de l&rsquo;Europe de demain, <strong>la politique \u00e0 l&rsquo;\u00e9gard d&rsquo;un monde arabe en r\u00e9volte<\/strong>, nos objectifs en Afghanistan, notre politique africaine, notre type de partenariat avec la Russie.<\/p>\n<p>Les diplomates appellent de leurs v\u0153ux une telle r\u00e9flexion de fond \u00e0 laquelle ils sauront apporter en toute loyaut\u00e9 leur expertise. Ils souhaitent aussi que notre diplomatie puisse \u00e0 nouveau s&rsquo;appuyer sur certaines valeurs (<strong>solidarit\u00e9, d\u00e9mocratie, respect des cultures<\/strong>) bien souvent d\u00e9laiss\u00e9es au profit d&rsquo;un coup par coup sans vision.<\/p>\n<p>Enfin, pour reprendre l&rsquo;avertissement d&rsquo;Alain Jupp\u00e9 et d&rsquo;Hubert V\u00e9drine publi\u00e9 le 7 juillet 2010 dans Le Monde \u00ab\u00a0<strong>l&rsquo;instrument [diplomatique]est sur le point d&rsquo;\u00eatre cass\u00e9<\/strong>\u00ab\u00a0. Il est clair que sa sauvegarde est essentielle \u00e0 l&rsquo;efficacit\u00e9 de notre politique \u00e9trang\u00e8re.<\/p>\n<p><strong>le groupe \u00ab\u00a0Marly\u00a0\u00bb, un collectif qui r\u00e9unit des diplomates fran\u00e7ais critiques<br \/>\n<\/strong><\/p>\n<p><a href=\"http:\/\/www.lemonde.fr\/idees\/article\/2011\/02\/22\/on-ne-s-improvise-pas-diplomate_1483517_3232.html\">Le Monde<br \/>\n<\/a><\/p>\n<p>Article paru dans l&rsquo;\u00e9dition du 23.02.11<\/p>\n","protected":false},"excerpt":{"rendered":"<p>Un groupe de diplomates fran\u00e7ais de g\u00e9n\u00e9rations diff\u00e9rentes, certains actifs, d&rsquo;autres \u00e0 la retraite, et d&rsquo;ob\u00e9diences politiques vari\u00e9es, a d\u00e9cid\u00e9 de livrer son analyse critique de la politique ext\u00e9rieure de la France sous Nicolas Sarkozy. En choisissant l&rsquo;anonymat, ils ont imit\u00e9 le groupe Surcouf \u00e9manant des milieux militaires, d\u00e9non\u00e7ant lui aussi certains choix du chef<\/p>\n","protected":false},"author":1,"featured_media":0,"comment_status":"closed","ping_status":"closed","sticky":false,"template":"","format":"standard","meta":{"_uf_show_specific_survey":0,"_uf_disable_surveys":false,"footnotes":""},"categories":[],"tags":[],"class_list":["post-129234","post","type-post","status-publish","format-standard"],"aioseo_notices":[],"_links":{"self":[{"href":"https:\/\/middleeasttransparent.com\/fr\/wp-json\/wp\/v2\/posts\/129234","targetHints":{"allow":["GET"]}}],"collection":[{"href":"https:\/\/middleeasttransparent.com\/fr\/wp-json\/wp\/v2\/posts"}],"about":[{"href":"https:\/\/middleeasttransparent.com\/fr\/wp-json\/wp\/v2\/types\/post"}],"author":[{"embeddable":true,"href":"https:\/\/middleeasttransparent.com\/fr\/wp-json\/wp\/v2\/users\/1"}],"replies":[{"embeddable":true,"href":"https:\/\/middleeasttransparent.com\/fr\/wp-json\/wp\/v2\/comments?post=129234"}],"version-history":[{"count":0,"href":"https:\/\/middleeasttransparent.com\/fr\/wp-json\/wp\/v2\/posts\/129234\/revisions"}],"wp:attachment":[{"href":"https:\/\/middleeasttransparent.com\/fr\/wp-json\/wp\/v2\/media?parent=129234"}],"wp:term":[{"taxonomy":"category","embeddable":true,"href":"https:\/\/middleeasttransparent.com\/fr\/wp-json\/wp\/v2\/categories?post=129234"},{"taxonomy":"post_tag","embeddable":true,"href":"https:\/\/middleeasttransparent.com\/fr\/wp-json\/wp\/v2\/tags?post=129234"}],"curies":[{"name":"wp","href":"https:\/\/api.w.org\/{rel}","templated":true}]}}