{"id":129080,"date":"2011-02-09T22:47:40","date_gmt":"2011-02-09T21:47:40","guid":{"rendered":"https:\/\/middleeasttransparent.com\/des-mercedes-a-la-gloire-du-president\/"},"modified":"2024-01-23T11:51:57","modified_gmt":"2024-01-23T10:51:57","slug":"des-mercedes-a-la-gloire-du-president","status":"publish","type":"post","link":"https:\/\/middleeasttransparent.com\/fr\/des-mercedes-a-la-gloire-du-president\/","title":{"rendered":"Des Mercedes \u00e0 la gloire du pr\u00e9sident"},"content":{"rendered":"<p>07.02.2011<\/p>\n<p>\u00ab\u00a0Plus de 200 voitures de la marque Mercedes ont d\u00e9fil\u00e9 le 6 f\u00e9vrier dans les rues de Damas, leurs passagers brandissant des portraits du pr\u00e9sident Bachar El-Assad\u00a0\u00bb, rapporte <em> <strong>Shaffaf<\/strong> <\/em>.<\/p>\n<p> Alors que l&rsquo;appel lanc\u00e9 sur Facebook pour manifester vendredi 4 et samedi 5 f\u00e9vrier en Syrie contre la \u00ab\u00a0monocratie, la corruption et la tyrannie\u00a0\u00bb n&rsquo;a pas \u00e9t\u00e9 suivi, \u00ab\u00a0les forces de s\u00e9curit\u00e9 ont confisqu\u00e9 les cartes d&rsquo;\u00e9tudiants \u00e0 plusieurs universitaires les obligeant \u00e0 participer \u00e0 une manifestation pro-Assad, afin de pouvoir r\u00e9cup\u00e9rer leurs cartes. Le r\u00e9gime syrien a ainsi r\u00e9ussi \u00e0 organiser une manifestation de soutien au pr\u00e9sident. Seulement le d\u00e9fil\u00e9 des voitures ressemblait plut\u00f4t \u00e0 une campagne publicitaire en faveur de la marque allemande\u00a0\u00bb, ironise le site d&rsquo;information. Il est \u00e0 noter que le site Facebook est bloqu\u00e9 par les autorit\u00e9s syriennes, mais les utilisateurs arrivent \u00e0 contourner la censure gr\u00e2ce \u00e0 certains programmes.<\/p>\n<p>Traduit par <a href=\"http:\/\/www.courrierinternational.com\/breve\/2011\/02\/07\/des-mercedes-a-la-gloire-du-president\">Courrier International<\/a><\/p>\n","protected":false},"excerpt":{"rendered":"<p>07.02.2011 \u00ab\u00a0Plus de 200 voitures de la marque Mercedes ont d\u00e9fil\u00e9 le 6 f\u00e9vrier dans les rues de Damas, leurs passagers brandissant des portraits du pr\u00e9sident Bachar El-Assad\u00a0\u00bb, rapporte Shaffaf . Alors que l&rsquo;appel lanc\u00e9 sur Facebook pour manifester vendredi 4 et samedi 5 f\u00e9vrier en Syrie contre la \u00ab\u00a0monocratie, la corruption et la tyrannie\u00a0\u00bb<\/p>\n","protected":false},"author":1,"featured_media":0,"comment_status":"closed","ping_status":"closed","sticky":false,"template":"","format":"standard","meta":{"_uf_show_specific_survey":0,"_uf_disable_surveys":false,"footnotes":""},"categories":[],"tags":[],"class_list":["post-129080","post","type-post","status-publish","format-standard"],"aioseo_notices":[],"_links":{"self":[{"href":"https:\/\/middleeasttransparent.com\/fr\/wp-json\/wp\/v2\/posts\/129080","targetHints":{"allow":["GET"]}}],"collection":[{"href":"https:\/\/middleeasttransparent.com\/fr\/wp-json\/wp\/v2\/posts"}],"about":[{"href":"https:\/\/middleeasttransparent.com\/fr\/wp-json\/wp\/v2\/types\/post"}],"author":[{"embeddable":true,"href":"https:\/\/middleeasttransparent.com\/fr\/wp-json\/wp\/v2\/users\/1"}],"replies":[{"embeddable":true,"href":"https:\/\/middleeasttransparent.com\/fr\/wp-json\/wp\/v2\/comments?post=129080"}],"version-history":[{"count":0,"href":"https:\/\/middleeasttransparent.com\/fr\/wp-json\/wp\/v2\/posts\/129080\/revisions"}],"wp:attachment":[{"href":"https:\/\/middleeasttransparent.com\/fr\/wp-json\/wp\/v2\/media?parent=129080"}],"wp:term":[{"taxonomy":"category","embeddable":true,"href":"https:\/\/middleeasttransparent.com\/fr\/wp-json\/wp\/v2\/categories?post=129080"},{"taxonomy":"post_tag","embeddable":true,"href":"https:\/\/middleeasttransparent.com\/fr\/wp-json\/wp\/v2\/tags?post=129080"}],"curies":[{"name":"wp","href":"https:\/\/api.w.org\/{rel}","templated":true}]}}