{"id":128937,"date":"2011-01-25T23:15:38","date_gmt":"2011-01-25T22:15:38","guid":{"rendered":"https:\/\/middleeasttransparent.com\/hypocrisie-francaise-la-france-appelle-a-former-un-gouvernement-a-labri-de-toute-ingerence-exterieure\/"},"modified":"2024-01-23T11:51:47","modified_gmt":"2024-01-23T10:51:47","slug":"hypocrisie-francaise-la-france-appelle-a-former-un-gouvernement-a-labri-de-toute-ingerence-exterieure","status":"publish","type":"post","link":"https:\/\/middleeasttransparent.com\/fr\/hypocrisie-francaise-la-france-appelle-a-former-un-gouvernement-a-labri-de-toute-ingerence-exterieure\/","title":{"rendered":"Hypocrisie Fran\u00e7aise: la France appelle \u00e0 former un gouvernement  \u00ab\u00a0\u00e0 l&rsquo;abri de toute ing\u00e9rence\u00a0\u00bb ext\u00e9rieure!"},"content":{"rendered":"<p>\nLa France appelle le nouveau Premier ministre libanais, Najib Mikati, \u00e0 former son gouvernement \u00ab\u00a0dans le cadre de la Constitution\u00a0\u00bb, par \u00ab\u00a0le dialogue\u00a0\u00bb, et \u00ab\u00a0<strong>\u00e0 l&rsquo;abri de toute ing\u00e9rence\u00a0\u00bb ext\u00e9rieure<\/strong>, a d\u00e9clar\u00e9 mardi le minist\u00e8re fran\u00e7ais des Affaires \u00e9trang\u00e8res.<\/p>\n<p>\u00ab\u00a0Le processus de formation du gouvernement va s&rsquo;engager. Il est indispensable qu&rsquo;il s&rsquo;inscrive dans le cadre de la Constitution et des accords de Ta\u00ebf et qu&rsquo;il refl\u00e8te<strong> le choix ind\u00e9pendant et souverain des Libanais<\/strong>, \u00e0 l&rsquo;abri de toute ing\u00e9rence et par le dialogue\u00a0\u00bb, a soulign\u00e9 dans un communiqu\u00e9 le porte-parole du minist\u00e8re, Bernard Valero.<\/p>\n<p>Parce que la chute du gouvernement de Saad n&rsquo;est pas due, elle,<br \/>\n\u00e0 des ing\u00e9rences ext\u00e9rieures ?<\/p>\n<p>Sinon, pourquoi le gouvernement fran\u00e7ais a-t-il jug\u00e9 utile de reporter sine die<br \/>\nla visite en Syrie du pr\u00e9sident de l&rsquo;Assembl\u00e9e Nationale ?<\/p>\n","protected":false},"excerpt":{"rendered":"<p>La France appelle le nouveau Premier ministre libanais, Najib Mikati, \u00e0 former son gouvernement \u00ab\u00a0dans le cadre de la Constitution\u00a0\u00bb, par \u00ab\u00a0le dialogue\u00a0\u00bb, et \u00ab\u00a0\u00e0 l&rsquo;abri de toute ing\u00e9rence\u00a0\u00bb ext\u00e9rieure, a d\u00e9clar\u00e9 mardi le minist\u00e8re fran\u00e7ais des Affaires \u00e9trang\u00e8res. \u00ab\u00a0Le processus de formation du gouvernement va s&rsquo;engager. Il est indispensable qu&rsquo;il s&rsquo;inscrive dans le cadre<\/p>\n","protected":false},"author":1,"featured_media":0,"comment_status":"closed","ping_status":"closed","sticky":false,"template":"","format":"standard","meta":{"_uf_show_specific_survey":0,"_uf_disable_surveys":false,"footnotes":""},"categories":[],"tags":[],"class_list":["post-128937","post","type-post","status-publish","format-standard"],"aioseo_notices":[],"_links":{"self":[{"href":"https:\/\/middleeasttransparent.com\/fr\/wp-json\/wp\/v2\/posts\/128937","targetHints":{"allow":["GET"]}}],"collection":[{"href":"https:\/\/middleeasttransparent.com\/fr\/wp-json\/wp\/v2\/posts"}],"about":[{"href":"https:\/\/middleeasttransparent.com\/fr\/wp-json\/wp\/v2\/types\/post"}],"author":[{"embeddable":true,"href":"https:\/\/middleeasttransparent.com\/fr\/wp-json\/wp\/v2\/users\/1"}],"replies":[{"embeddable":true,"href":"https:\/\/middleeasttransparent.com\/fr\/wp-json\/wp\/v2\/comments?post=128937"}],"version-history":[{"count":0,"href":"https:\/\/middleeasttransparent.com\/fr\/wp-json\/wp\/v2\/posts\/128937\/revisions"}],"wp:attachment":[{"href":"https:\/\/middleeasttransparent.com\/fr\/wp-json\/wp\/v2\/media?parent=128937"}],"wp:term":[{"taxonomy":"category","embeddable":true,"href":"https:\/\/middleeasttransparent.com\/fr\/wp-json\/wp\/v2\/categories?post=128937"},{"taxonomy":"post_tag","embeddable":true,"href":"https:\/\/middleeasttransparent.com\/fr\/wp-json\/wp\/v2\/tags?post=128937"}],"curies":[{"name":"wp","href":"https:\/\/api.w.org\/{rel}","templated":true}]}}