{"id":128887,"date":"2011-01-22T13:53:31","date_gmt":"2011-01-22T12:53:31","guid":{"rendered":"https:\/\/middleeasttransparent.com\/tunis-vendredi-21-janvier-2011-correspondence\/"},"modified":"2024-01-23T11:51:45","modified_gmt":"2024-01-23T10:51:45","slug":"tunis-vendredi-21-janvier-2011-correspondence","status":"publish","type":"post","link":"https:\/\/middleeasttransparent.com\/fr\/tunis-vendredi-21-janvier-2011-correspondence\/","title":{"rendered":"Tunis, Vendredi 21 janvier 2011 (correspondence)"},"content":{"rendered":"<p><strong>Vendredi 21 janvier 2011<br \/>\n<\/strong><\/p>\n<p>Chers tous, <\/p>\n<p>D\u00e9bord\u00e9 comme vous pouvez l\u2019imaginer, je recours cette  fois-ci  \u00e0 une correspondance du  journaliste du figaro pour structurer mes id\u00e9es, mais en ajoutant, bien entendu, mes observations personnelles.<\/p>\n<p>La Tunisie a entam\u00e9 vendredi 21 janvier un deuil national de trois jours en m\u00e9moire des dizaines de personnes tu\u00e9es par la police lors des manifestations qui ont abouti, il y a une semaine, \u00e0 la chute du pr\u00e9sident Zine el-Abidine Ben Ali. Cette p\u00e9riode de recueillement n&rsquo;a toutefois pas \u00e9teint les revendications de la rue en faveur d&rsquo;une rupture compl\u00e8te avec l&rsquo;ancien r\u00e9gime tomb\u00e9 le 14 janvier. <\/p>\n<p><strong>C\u00f4t\u00e9 social: tenue de la CA de l\u2019UGTT<br \/>\n<\/strong><\/p>\n<p>La journ\u00e9e a \u00e9t\u00e9 marqu\u00e9e par la tenue de la commission administrative de  la centrale UGTT, cette m\u00eame instance qui avait d\u00e9cid\u00e9 mardi le retrait de la centrale du gouvernement de transition. Pour vous r\u00e9sumer l\u2019ambiance et l\u2019\u00e9tat d\u2019esprit, je vous cite un extrait d\u2019une correspondance faite par un militant trotskyste tunisien \u00e0 son camarade fran\u00e7ais:<\/p>\n<p>\u00ab La Commision Adminstrative du syndicat ouvirer UGTT, vient de clore ses travaux a Tunis, il y a quelques minutes. Nous avions un peu d&rsquo;appr\u00e9hension, de peur que le courant droitier, regroup\u00e9 autour du Secr\u00e9taire G\u00e9n\u00e9ral A. Jrad ne r\u00e9ussisse \u00e0 infl\u00e9chir la d\u00e9cision de la CA vers un revirement par rapport aux d\u00e9cisions de la derni\u00e8re CA qui avait d\u00e9cid\u00e9 de sortir  du gvt de M. Ghannouchi, etc&#8230; Par ailleurs, dans la place Med Ali, o\u00f9 se trouve le si\u00e8ge de l&rsquo;UGTT des centaines de syndicalistes se sont rassembl\u00e9s pour scander JRAD DEGAGE!  En effet, A. Jrad a toujours \u00e9t\u00e9 un alli\u00e9 de Ben Ali jusqu&rsquo;\u00e0 sa chute le 14 janvier dernier. Bref, voici les d\u00e9cisions de la CA du 21 janvier 2011<\/p>\n<p>-Maintien de toutes les d\u00e9cisions du pr\u00e9c\u00e9dent CA<\/p>\n<p>-Apelle a des manifestations et des gr\u00e8ves<\/p>\n<p>-Invite les partis politiques, les associations et les diff\u00e9rents conseils (justice, avocats, journalistes&#8230;) \u00e0 se r\u00e9unir avec l&rsquo;UGTT \u00e0 partir de demain en vue de constituer \u00ab<strong> UN GOUVERNEMENT DE LA REVOLUTION<\/strong> \u00bb enfin le nom importe peu.  Autrement dit, vous l&rsquo;avez tous compris, la r\u00e9volution va se donner la chose qui lui manquait cruellement, et \u00e0 d\u00e9faut de mieux, un organe politique \u00bb.<\/p>\n<p>Vous avez compris, maintenant, il y a des gens qui jouent les prolongations, sous pr\u00e9texte des revendications l\u00e9gitimes (par ailleurs n\u00e9glig\u00e9es par la bureaucratie de l\u2019UGTT, dont certains membres sont compromis avec ben Ali, des syndicalistes \u00e0 la recherche de \u00ab virginit\u00e9 \u00bb, sont en train de pousser la centrale syndicale \u00e0 pourrir la situation, non plus pour \u00e9vincer du gouvernement tel ou ministre du RCD jug\u00e9 trop impliqu\u00e9 avec les familles trabelsi et Ben Ali, mais pour faire tomber le gouvernement de transition. \u00ab Nous n&rsquo;accepterons pas ce gouvernement, nous ne l&rsquo;accepterons jamais \u00bb, scandait la foule sous l&rsquo;\u0153il de la police). <\/p>\n<p>   Voil\u00e0, le risque est r\u00e9el, des calculs \u00e9go\u00efstes peuvent porter pr\u00e9judice \u00e0 un \u00e9lan populaire pour la d\u00e9mocratie et la justice, l\u2019impatience de l\u2019extr\u00eame gauche vous la connaissez bien, je n\u2019ai pas besoin de faire des sch\u00e9mas. Je vais me limiter \u00e0 l\u2019exemple du SG de la F\u00e9d\u00e9ration de l\u2019enseignement sup\u00e9rieur qui devient une girouette changeant de positon \u00e0 180\u00b0 selon les vents du moment. Ayant jou\u00e9 un r\u00f4le honorable, lors de la gr\u00e8ve administrative des enseignant du sup\u00e9rieur en juin 2005, nous l\u2019avons \u00e9lu en 2006 SG de notre f\u00e9d\u00e9ration. Install\u00e9 dans ses nouvelles fonctions, \u00e9conomiste, le Bureau ex\u00e9cutif de la centrale a besoin de ses comp\u00e9tences en mati\u00e8re de n\u00e9gociations sociales,   devenant  rapproch\u00e9 et  ayant la confiance de la haute  bureaucratie syndicale, il devient attir\u00e9 par les hautes instances et commence \u00e0 pr\u00e9parer sa carri\u00e8re pour \u00eatre \u00e9lu au BE lors du prochain congr\u00e8s. Pour garantir une telle ambition, il est oblig\u00e9 de suivre la direction et de l\u00e2cher ses coll\u00e8ges. Lors des mouvements sociaux ayant pr\u00e9c\u00e9d\u00e9s  le 14 janvier, il s\u2019est mis \u00e0 la tra\u00eene du mouvement, sa premi\u00e8re d\u00e9claration date du 29 d\u00e9cembre, alors que les mouvements ont commenc\u00e9s depuis le 18 d\u00e9cembre. A l\u2019universit\u00e9, sous la pression, nous n\u2019avons r\u00e9ussi \u00e0 faire notre premier rassemblement que le 13 janvier. Avant de prendre une intervention, il me pria de ne pas insister sur l\u2019urgence pour la centrale syndicale de mettre en avant \u00ab\u00a0la question de \u00ab la r\u00e9forme politique\u00bb \u00e0 la priorit\u00e9 de ses actions. Il n\u2019a pas voulu qu\u2019on appelle publiquement  \u00e0 la participation \u00e0 la grande manifestation du 14 janvier qui allait faire basculer dans la poubelle de l\u2019histoire le r\u00e9gime de Ben Ali.  Cependant, depuis mardi dernier, voyant la position de la Bureaucratie syndicale changer vers les calculs politiciens, il remet ses pendules \u00e0 l\u2019heure du m\u00e9contentement \u00ab radical et r\u00e9volutionnaire \u00bb.  Il nous bombarde dans la nuit du jeudi \u00e0 vendredi par <em>e-mail<\/em> avec une d\u00e9claration r\u00e9volutionnaire (j\u2019ai toute les preuves qu\u2019il a r\u00e9dig\u00e9  tout seul sans consulter aucun membre du son bureau), appelant \u00e0 faire tomber le gouvernement de transition. <\/p>\n<p>Voil\u00e0 un exemple de comportement irresponsable qui peut mettre en danger les acquis r\u00e9els de ce grand \u00e9lan que vit la Tunisie depuis une semaine.<\/p>\n<p>En principe, aujourd\u2019hui, les minist\u00e8res de l\u2019\u00e9ducation et de l\u2019enseignement sup\u00e9rieur doivent d\u00e9cider d\u2019une reprise des \u00e9coles le lundi prochain. J\u2019approuve cette d\u00e9cision. A l\u2019universit\u00e9, la reprise ne sera pas effective avant une semaine de grand d\u00e9ballage id\u00e9ologique, c\u2019est pas grave, nous y sommes habitu\u00e9s.<\/p>\n<p>Un autre signe politique du jour, par ailleurs pr\u00e9visible, une d\u00e9claration incendiaire de six groupuscules gauchistes et nationalistes appelant \u00e0 la chute du gouvernement de transition et la mise en  place du pouvoir du peuple et de constituer des comit\u00e9s populaires pour la gestion de la vie courante dans tous les domaines. Ils pensent, d\u00e9j\u00e0, \u00e0 la remise du pouvoir \u00ab aux soviets \u00bb, oubliant que m\u00eame les bolch\u00e9viques avait laisser gouverner Kerensky du mois de f\u00e9vrier au 07 novembre 1917. Vous voyez: nos gauchistes sont plus r\u00e9volutionnaires que les Bolch\u00e9viques russes.<\/p>\n<p>Malgr\u00e9 la gr\u00e8ve, hier, des agents du transport, la vie semble retrouver son rythme quotidien. Les magasins sont ouverts, aucun signe de panique ni de p\u00e9nurie, j\u2019esp\u00e8re que les choses continuent dans le bon sens. Le ministre de l\u2019int\u00e9rieur qui avait une tr\u00e8s mauvaise prestation le mardi est intervenu dans une conf\u00e9rence pour annoncer l\u2019arrestation de <strong>Imed Trabelsi<\/strong> neveu de l&rsquo;\u00e9pouse du pr\u00e9sident tunisien d\u00e9chu Zine el-Abidine Ben Ali, donn\u00e9 pour mort la semaine derni\u00e8re. Il est vivant et interrog\u00e9 par la police. Les autorit\u00e9s tunisiennes avaient affirm\u00e9 jeudi que 33 membres de la famille de l&rsquo;ancien pr\u00e9sident et de son \u00e9pouse avaient \u00e9t\u00e9 arr\u00eat\u00e9s, mais sans d\u00e9voiler leurs identit\u00e9s. Il a profit\u00e9 pour pr\u00e9senter ses excuses pour les mauvaises expressions qu\u2019il aurait pu avancer lors de sa pr\u00e9c\u00e9dente prestation. Dans la soir\u00e9e, le premier ministre <strong>Ghanouchi<\/strong>, recevant deux journalistes chez lui,  a rassur\u00e9 tout le monde qu\u2019il se mettait au service de son peuple pour 6 mois et qu\u2019il n\u2019a aucune ambition personnelle, qu\u2019il ne se pr\u00e9senterait pas aux futures \u00e9lections. Il a dit qu\u2019il veut apporter sa contribution et prendre ensuite une retraite paisible.<\/p>\n<p>Le <strong>parti Tajdid<\/strong> annonce, pour dimanche, un grand meeting pour expliquer sa position de participer au gouvernement de transition.<\/p>\n<p><strong>Habib Kazdaghli<br \/>\n<\/strong><\/p>\n<p>Tunis, samedi  22 janvier 2011 \u00e0 9h30 du matin<\/p>\n<p><strong>P.S : je prie Lilia et les autres amis qui vont transf\u00e9rer ce papier pour des blogs ou des sites de bien vouloir faire la mise en page et de corriger, je suis tr\u00e8s press\u00e9, je dois rejoindre une r\u00e9union des universitaires. A demain.<br \/>\n<\/strong><\/p>\n","protected":false},"excerpt":{"rendered":"<p>Vendredi 21 janvier 2011 Chers tous, D\u00e9bord\u00e9 comme vous pouvez l\u2019imaginer, je recours cette fois-ci \u00e0 une correspondance du journaliste du figaro pour structurer mes id\u00e9es, mais en ajoutant, bien entendu, mes observations personnelles. La Tunisie a entam\u00e9 vendredi 21 janvier un deuil national de trois jours en m\u00e9moire des dizaines de personnes tu\u00e9es par<\/p>\n","protected":false},"author":1,"featured_media":0,"comment_status":"closed","ping_status":"closed","sticky":false,"template":"","format":"standard","meta":{"_uf_show_specific_survey":0,"_uf_disable_surveys":false,"footnotes":""},"categories":[],"tags":[],"class_list":["post-128887","post","type-post","status-publish","format-standard"],"aioseo_notices":[],"_links":{"self":[{"href":"https:\/\/middleeasttransparent.com\/fr\/wp-json\/wp\/v2\/posts\/128887","targetHints":{"allow":["GET"]}}],"collection":[{"href":"https:\/\/middleeasttransparent.com\/fr\/wp-json\/wp\/v2\/posts"}],"about":[{"href":"https:\/\/middleeasttransparent.com\/fr\/wp-json\/wp\/v2\/types\/post"}],"author":[{"embeddable":true,"href":"https:\/\/middleeasttransparent.com\/fr\/wp-json\/wp\/v2\/users\/1"}],"replies":[{"embeddable":true,"href":"https:\/\/middleeasttransparent.com\/fr\/wp-json\/wp\/v2\/comments?post=128887"}],"version-history":[{"count":0,"href":"https:\/\/middleeasttransparent.com\/fr\/wp-json\/wp\/v2\/posts\/128887\/revisions"}],"wp:attachment":[{"href":"https:\/\/middleeasttransparent.com\/fr\/wp-json\/wp\/v2\/media?parent=128887"}],"wp:term":[{"taxonomy":"category","embeddable":true,"href":"https:\/\/middleeasttransparent.com\/fr\/wp-json\/wp\/v2\/categories?post=128887"},{"taxonomy":"post_tag","embeddable":true,"href":"https:\/\/middleeasttransparent.com\/fr\/wp-json\/wp\/v2\/tags?post=128887"}],"curies":[{"name":"wp","href":"https:\/\/api.w.org\/{rel}","templated":true}]}}