{"id":128215,"date":"2010-10-17T11:53:12","date_gmt":"2010-10-17T10:53:12","guid":{"rendered":"https:\/\/middleeasttransparent.com\/le-liban-est-en-danger-de-mort\/"},"modified":"2024-01-23T11:31:47","modified_gmt":"2024-01-23T10:31:47","slug":"le-liban-est-en-danger-de-mort","status":"publish","type":"post","link":"https:\/\/middleeasttransparent.com\/fr\/le-liban-est-en-danger-de-mort\/","title":{"rendered":"Le Liban est en danger de mort"},"content":{"rendered":"\n<p>Au moment o\u00f9 Michel Sleiman recevait en grande pompe Ahmadinejab, Hassan Nasrallah annon\u00e7ait, toujours du fond de son terrier et habit\u00e9 par la rh\u00e9torique de son illumin\u00e9 de ma\u00eetre, qu&rsquo;Isra\u00ebl serait bient\u00f4t ray\u00e9e de la carte.<\/p>\n<p> Eh ben, on n&rsquo;est pas dans la merde! Rien de mieux pour mettre d\u00e9finitivement le Liban en danger de mort. La visite d&rsquo;Ahmadinejad n&rsquo;a d&rsquo;autre but que nous entra\u00eener dans sa spirale infernale et provocatrice, nous mettant ainsi \u00e0 dos 90 % des nations de la plan\u00e8te. La faiblesse de l&rsquo;Etat libanais profite non seulement \u00e0 tous ses voisins barbares, mais aussi au belliqueux Hezbollah qui, jour apr\u00e8s jour, se positionnant au-dessus des lois de la R\u00e9publique, s\u2019autoproclame Etat dans l&rsquo;Etat et qui se permet d&rsquo;engager le Liban dans des conflits suicidaires pour ob\u00e9ir \u00e0 son gourou iranien.<\/p>\n<p> Depuis 1982, un bras de fer isra\u00e9lo-syrien (ou am\u00e9ricano-iranien) est engag\u00e9 sur notre territoire. Pendant 29 ans, l&rsquo;occupation et la tutelle syriennes ont bien \u0153uvr\u00e9 pour bloquer tout d\u00e9veloppement militaire au Liban afin de permettre aux fous de Dieu de parvenir \u00e0 la puissance qu&rsquo;ils affichent aujourd&rsquo;hui, sup\u00e9rieure \u00e0 celle de l&rsquo;Etat l\u00e9gitime. Pendant 18 ans, l&rsquo;occupation isra\u00e9lienne au sud du Liban a \u00e9t\u00e9 le th\u00e9\u00e2tre d&rsquo;abus et d&rsquo;exactions pour d\u00e9stabiliser davantage un pays d\u00e9j\u00e0 largement tiraill\u00e9 par les courants de ses diff\u00e9rentes communaut\u00e9s d&rsquo;une part, et pris en tenailles, d&rsquo;autre part, entre l&rsquo;adh\u00e9sion \u00e0 la pr\u00e9sence syrienne ou la condamnation d&rsquo;une ing\u00e9rence interminable.<\/p>\n<p> Aujourd&rsquo;hui, en recevant triomphalement le plus grand et dangereux manipulateur, en ouvrant les bras \u00e0 celui qui n&rsquo;h\u00e9site pas \u00e0 lapider \u00e0 mort les jeunes de son pays dont le seul p\u00e9ch\u00e9 est d&rsquo;aimer, en d\u00e9roulant le tapis rouge au plus valeureux d\u00e9fenseur des valeurs humaines les plus d\u00e9gradantes et \u00e0 c\u00f4t\u00e9 desquelles l\u2019\u00e2ge de pierre est consid\u00e9r\u00e9e comme une \u00e8re moderne, l&rsquo;Etat libanais creuse encore plus sa tombe, dragu\u00e9 par la dynamique de haine d\u00e9vastatrice du pr\u00e9sident iranien, s&rsquo;alliant \u00e0 lui dans le n\u00e9gationnisme et la b\u00eatise.<\/p>\n<p> Je ne soutiens ni ne d\u00e9fends Isra\u00ebl, loin de l\u00e0. Je m&rsquo;exprime en terme d&rsquo;avenir pour le Liban. Ahmadinejad veut non seulement isoler le Liban du reste du monde comme il l&rsquo;a fait avec son pays, il est surtout en train de baliser le terrain et mettre en place sa strat\u00e9gie de guerre contre Isra\u00ebl en utilisant son alli\u00e9 Hezbollah, ce qui lui permet de ne pas se mouiller directement dans les faits, se contentant d&rsquo;entretenir sa logorrh\u00e9e subliminale pour transcender une foule totalement soumise \u00e0 son instrumentalisation. Le probl\u00e8me est que le champ de bataille sera encore une fois le Liban et aucun pays de cette r\u00e9gion au bord de l&#8217;embrasement n&rsquo;y voit d&rsquo;objection.<\/p>\n<p> Apr\u00e8s s&rsquo;\u00eatre prostern\u00e9 devant l&rsquo;homme le plus d\u00e9test\u00e9 par le monde libre, Michel Sleiman va avoir du boulot s&rsquo;il veut redresser l&rsquo;honneur de son pays!<\/p>\n<p>rmalek@noos.fr<\/p>\n","protected":false},"excerpt":{"rendered":"<p>Au moment o\u00f9 Michel Sleiman recevait en grande pompe Ahmadinejab, Hassan Nasrallah annon\u00e7ait, toujours du fond de son terrier et habit\u00e9 par la rh\u00e9torique de son illumin\u00e9 de ma\u00eetre, qu&rsquo;Isra\u00ebl serait bient\u00f4t ray\u00e9e de la carte. Eh ben, on n&rsquo;est pas dans la merde! Rien de mieux pour mettre d\u00e9finitivement le Liban en danger de<\/p>\n","protected":false},"author":1,"featured_media":0,"comment_status":"closed","ping_status":"closed","sticky":false,"template":"","format":"standard","meta":{"_uf_show_specific_survey":0,"_uf_disable_surveys":false,"footnotes":""},"categories":[],"tags":[],"class_list":["post-128215","post","type-post","status-publish","format-standard"],"aioseo_notices":[],"_links":{"self":[{"href":"https:\/\/middleeasttransparent.com\/fr\/wp-json\/wp\/v2\/posts\/128215","targetHints":{"allow":["GET"]}}],"collection":[{"href":"https:\/\/middleeasttransparent.com\/fr\/wp-json\/wp\/v2\/posts"}],"about":[{"href":"https:\/\/middleeasttransparent.com\/fr\/wp-json\/wp\/v2\/types\/post"}],"author":[{"embeddable":true,"href":"https:\/\/middleeasttransparent.com\/fr\/wp-json\/wp\/v2\/users\/1"}],"replies":[{"embeddable":true,"href":"https:\/\/middleeasttransparent.com\/fr\/wp-json\/wp\/v2\/comments?post=128215"}],"version-history":[{"count":0,"href":"https:\/\/middleeasttransparent.com\/fr\/wp-json\/wp\/v2\/posts\/128215\/revisions"}],"wp:attachment":[{"href":"https:\/\/middleeasttransparent.com\/fr\/wp-json\/wp\/v2\/media?parent=128215"}],"wp:term":[{"taxonomy":"category","embeddable":true,"href":"https:\/\/middleeasttransparent.com\/fr\/wp-json\/wp\/v2\/categories?post=128215"},{"taxonomy":"post_tag","embeddable":true,"href":"https:\/\/middleeasttransparent.com\/fr\/wp-json\/wp\/v2\/tags?post=128215"}],"curies":[{"name":"wp","href":"https:\/\/api.w.org\/{rel}","templated":true}]}}