{"id":128044,"date":"2010-09-21T23:46:31","date_gmt":"2010-09-21T22:46:31","guid":{"rendered":"https:\/\/middleeasttransparent.com\/niger-aqmi-a-pris-de-vitesse-un-deploiement-militaire-francais-deja-prevu\/"},"modified":"2024-01-23T11:31:45","modified_gmt":"2024-01-23T10:31:45","slug":"niger-aqmi-a-pris-de-vitesse-un-deploiement-militaire-francais-deja-prevu","status":"publish","type":"post","link":"https:\/\/middleeasttransparent.com\/fr\/niger-aqmi-a-pris-de-vitesse-un-deploiement-militaire-francais-deja-prevu\/","title":{"rendered":"Niger: AQMI a pris de vitesse un d\u00e9ploiement  militaire fran\u00e7ais d\u00e9j\u00e0 pr\u00e9vu"},"content":{"rendered":"<p>Shaffaf-  Selon des sources fran\u00e7aises autoris\u00e9es, cela fait des mois que la soci\u00e9t\u00e9 AREVA sensibilise le gouvernement Nig\u00e9rien et d&rsquo;autres gouvernements de la r\u00e9gion sur la n\u00e9cessit\u00e9 de s\u00e9curiser le p\u00e9rim\u00e8tre des mines Tarlit. Et ce, m\u00eame avant l&rsquo;enl\u00e8vement de l&rsquo;otage fran\u00e7ais Germanou et les op\u00e9rations militaires de l&rsquo;arm\u00e9e mauritanienne qui se sont d\u00e9roul\u00e9es fin juillet et qui avaient suscit\u00e9 des menaces de la part d&rsquo;AQMI. <\/p>\n<p>La soci\u00e9t\u00e9 AREVA avait fait une analyse qui a conclue \u00e0 la n\u00e9cessit\u00e9 de prendre des mesures urgentes pour renforcer la s\u00e9curit\u00e9 des op\u00e9rations d&rsquo;exploitation des mines. Elle avait sensibilis\u00e9 son personnel aux risques de terrorisme. En m\u00eame temps, elle avait demand\u00e9 \u00e0 la France et au Niger de fournir des troupes d&rsquo;\u00e9lites fran\u00e7aises et nig\u00e9riennes avec des moyens techniques ad\u00e9quates. <\/p>\n<p>Nos sources ajoutent que les discussions \u00e9taient d\u00e9j\u00e0 engag\u00e9es entre les gouvernements nig\u00e9riens et fran\u00e7ais quand l&rsquo;AQMI a frapp\u00e9 et enlev\u00e9 5 Fran\u00e7ais et  2 employ\u00e9s africains.<\/p>\n<p>Nos sources ont not\u00e9 que les ravisseurs s&rsquo;\u00e9taient abstenus d&rsquo;utiliser des t\u00e9l\u00e9phones portables, des t\u00e9l\u00e9phones Thuraya (contr\u00f4l\u00e9s par les Am\u00e9ricains qui poss\u00e8dent une station d&rsquo;\u00e9coute dans la r\u00e9gion) ou des communications HF captables par des navires militaires fran\u00e7ais. Ce qui prouve que les ravisseurs \u00e9taient des combattants (aguerris et professionnels). <\/p>\n<p>Depuis l&rsquo;enl\u00e8vement, les ravisseurs ont gard\u00e9 un inqui\u00e9tant silence radio afin d&rsquo;\u00e9viter de donner leur position et en pr\u00e9paration de la s\u00e9paration des otages en plusieurs groupes.  En effet, ils savent que les avions fran\u00e7ais surveillent la r\u00e9gion nuit et jour afin de localiser les ravisseurs et leurs otages. <\/p>\n<p>D&rsquo;autres part, les sources fran\u00e7aises \u00e9voquent une strat\u00e9gie d&rsquo;Al Qaida de d\u00e9stabilisation de l&rsquo;Union Africaine, citant notamment les attentats de Kampala, de la Somalie (et du Y\u00e9men) et maintenant le Niger.<br \/>\nCette strat\u00e9gie peut s&rsquo;\u00e9tendre \u00e0 l&rsquo;Afrique de l&rsquo;Ouest et \u00e0 l&rsquo;Afrique Centrale, surtout les pays francophones consid\u00e9r\u00e9s comme un ventre mou du point de vue de la s\u00e9curit\u00e9. <\/p>\n<p>Il est \u00e0 not\u00e9 qu&rsquo;AREVA est une soci\u00e9t\u00e9 d&rsquo;Etat, ce qui amplifie le c\u00f4t\u00e9 politique de l&rsquo;op\u00e9ration. <\/p>\n<p>Les m\u00eames sources soulignent que le risque terroriste ne se limite pas aux int\u00e9r\u00eats fran\u00e7ais \u00e0 l&rsquo;\u00e9tranger. La France, elle-m\u00eame, pourrait \u00eatre le th\u00e9\u00e2tre d&rsquo;op\u00e9ration d&rsquo;Al Qaida dans un avenir proche. <\/p>\n<p>Enfin, les routes maritimes qui assurent l&rsquo;approvisionnement en p\u00e9trole seront dans la ligne de vis\u00e9e d&rsquo;Al Qaida. <\/p>\n","protected":false},"excerpt":{"rendered":"<p>Shaffaf- Selon des sources fran\u00e7aises autoris\u00e9es, cela fait des mois que la soci\u00e9t\u00e9 AREVA sensibilise le gouvernement Nig\u00e9rien et d&rsquo;autres gouvernements de la r\u00e9gion sur la n\u00e9cessit\u00e9 de s\u00e9curiser le p\u00e9rim\u00e8tre des mines Tarlit. Et ce, m\u00eame avant l&rsquo;enl\u00e8vement de l&rsquo;otage fran\u00e7ais Germanou et les op\u00e9rations militaires de l&rsquo;arm\u00e9e mauritanienne qui se sont d\u00e9roul\u00e9es fin<\/p>\n","protected":false},"author":1,"featured_media":0,"comment_status":"closed","ping_status":"closed","sticky":false,"template":"","format":"standard","meta":{"_uf_show_specific_survey":0,"_uf_disable_surveys":false,"footnotes":""},"categories":[],"tags":[],"class_list":["post-128044","post","type-post","status-publish","format-standard"],"aioseo_notices":[],"_links":{"self":[{"href":"https:\/\/middleeasttransparent.com\/fr\/wp-json\/wp\/v2\/posts\/128044","targetHints":{"allow":["GET"]}}],"collection":[{"href":"https:\/\/middleeasttransparent.com\/fr\/wp-json\/wp\/v2\/posts"}],"about":[{"href":"https:\/\/middleeasttransparent.com\/fr\/wp-json\/wp\/v2\/types\/post"}],"author":[{"embeddable":true,"href":"https:\/\/middleeasttransparent.com\/fr\/wp-json\/wp\/v2\/users\/1"}],"replies":[{"embeddable":true,"href":"https:\/\/middleeasttransparent.com\/fr\/wp-json\/wp\/v2\/comments?post=128044"}],"version-history":[{"count":0,"href":"https:\/\/middleeasttransparent.com\/fr\/wp-json\/wp\/v2\/posts\/128044\/revisions"}],"wp:attachment":[{"href":"https:\/\/middleeasttransparent.com\/fr\/wp-json\/wp\/v2\/media?parent=128044"}],"wp:term":[{"taxonomy":"category","embeddable":true,"href":"https:\/\/middleeasttransparent.com\/fr\/wp-json\/wp\/v2\/categories?post=128044"},{"taxonomy":"post_tag","embeddable":true,"href":"https:\/\/middleeasttransparent.com\/fr\/wp-json\/wp\/v2\/tags?post=128044"}],"curies":[{"name":"wp","href":"https:\/\/api.w.org\/{rel}","templated":true}]}}