{"id":127719,"date":"2010-08-03T12:29:41","date_gmt":"2010-08-03T11:29:41","guid":{"rendered":"https:\/\/middleeasttransparent.com\/deux-roquettes-tirees-du-liban-ont-explose-mardi-en-fin-de-matinee-dans-le-nord-disrael\/"},"modified":"2024-01-23T11:31:39","modified_gmt":"2024-01-23T10:31:39","slug":"deux-roquettes-tirees-du-liban-ont-explose-mardi-en-fin-de-matinee-dans-le-nord-disrael","status":"publish","type":"post","link":"https:\/\/middleeasttransparent.com\/fr\/deux-roquettes-tirees-du-liban-ont-explose-mardi-en-fin-de-matinee-dans-le-nord-disrael\/","title":{"rendered":"Deux roquettes tir\u00e9es du Liban ont explos\u00e9 mardi en fin de matin\u00e9e dans le nord d&rsquo;Isra\u00ebl"},"content":{"rendered":"<p>Deux roquettes tir\u00e9es du Liban ont explos\u00e9  mardi en fin de matin\u00e9e dans le nord d&rsquo;Isra\u00ebl, a indiqu\u00e9 la radio publique  isra\u00e9lienne sans \u00eatre en mesure de pr\u00e9ciser si ces tirs ont fait des victimes.<\/p>\n<p>   La radio a \u00e9galement indiqu\u00e9 que des \u00e9changes de tirs avaient eu lieu entre  soldats isra\u00e9liens et libanais \u00e0 la fronti\u00e8re. Les militaires isra\u00e9liens se  trouvaient en territoire isra\u00e9lien en train d&rsquo;effectuer des travaux lorsqu&rsquo;ils  ont \u00e9t\u00e9 attaqu\u00e9s, a ajout\u00e9 la radio.<\/p>\n<p>   Un soldat et un civil libanais ont \u00e9t\u00e9 bless\u00e9s au cours d&rsquo;un \u00e9change de  tirs de roquettes et d&rsquo;armes automatiques mardi entre des soldats libanais et  isra\u00e9liens \u00e0 la fronti\u00e8re, ont pour leur part affirm\u00e9 \u00e0 l&rsquo;AFP un porte-parole  de l&rsquo;arm\u00e9e libanaise et un responsable de s\u00e9curit\u00e9.<\/p>\n<p>   Un responsable des services de s\u00e9curit\u00e9 libanais pr\u00e9sent dans la zone a  affirm\u00e9 \u00e0 l&rsquo;AFP que les \u00ab\u00a0soldats isra\u00e9liens ont tir\u00e9 quatre roquettes qui sont  tomb\u00e9es pr\u00e8s d&rsquo;une position de l&rsquo;arm\u00e9e libanaise \u00e0 Aadaiss\u00e9 et l&rsquo;arm\u00e9e a  ripost\u00e9\u00a0\u00bb.<\/p>\n<p>   Aadaiss\u00e9 se situe dans le secteur est du sud du Liban.<\/p>\n<p>   \u00ab\u00a0Un soldat libanais et un civil ont \u00e9t\u00e9 bless\u00e9s\u00a0\u00bb, a-t-il dit.<\/p>\n","protected":false},"excerpt":{"rendered":"<p>Deux roquettes tir\u00e9es du Liban ont explos\u00e9 mardi en fin de matin\u00e9e dans le nord d&rsquo;Isra\u00ebl, a indiqu\u00e9 la radio publique isra\u00e9lienne sans \u00eatre en mesure de pr\u00e9ciser si ces tirs ont fait des victimes. La radio a \u00e9galement indiqu\u00e9 que des \u00e9changes de tirs avaient eu lieu entre soldats isra\u00e9liens et libanais \u00e0 la<\/p>\n","protected":false},"author":1,"featured_media":0,"comment_status":"closed","ping_status":"closed","sticky":false,"template":"","format":"standard","meta":{"_uf_show_specific_survey":0,"_uf_disable_surveys":false,"footnotes":""},"categories":[],"tags":[],"class_list":["post-127719","post","type-post","status-publish","format-standard"],"aioseo_notices":[],"_links":{"self":[{"href":"https:\/\/middleeasttransparent.com\/fr\/wp-json\/wp\/v2\/posts\/127719","targetHints":{"allow":["GET"]}}],"collection":[{"href":"https:\/\/middleeasttransparent.com\/fr\/wp-json\/wp\/v2\/posts"}],"about":[{"href":"https:\/\/middleeasttransparent.com\/fr\/wp-json\/wp\/v2\/types\/post"}],"author":[{"embeddable":true,"href":"https:\/\/middleeasttransparent.com\/fr\/wp-json\/wp\/v2\/users\/1"}],"replies":[{"embeddable":true,"href":"https:\/\/middleeasttransparent.com\/fr\/wp-json\/wp\/v2\/comments?post=127719"}],"version-history":[{"count":0,"href":"https:\/\/middleeasttransparent.com\/fr\/wp-json\/wp\/v2\/posts\/127719\/revisions"}],"wp:attachment":[{"href":"https:\/\/middleeasttransparent.com\/fr\/wp-json\/wp\/v2\/media?parent=127719"}],"wp:term":[{"taxonomy":"category","embeddable":true,"href":"https:\/\/middleeasttransparent.com\/fr\/wp-json\/wp\/v2\/categories?post=127719"},{"taxonomy":"post_tag","embeddable":true,"href":"https:\/\/middleeasttransparent.com\/fr\/wp-json\/wp\/v2\/tags?post=127719"}],"curies":[{"name":"wp","href":"https:\/\/api.w.org\/{rel}","templated":true}]}}