{"id":127458,"date":"2010-06-11T19:45:54","date_gmt":"2010-06-11T18:45:54","guid":{"rendered":"https:\/\/middleeasttransparent.com\/syrie-arrestation-dun-avocat-kurde\/"},"modified":"2024-01-23T11:31:34","modified_gmt":"2024-01-23T10:31:34","slug":"syrie-arrestation-dun-avocat-kurde","status":"publish","type":"post","link":"https:\/\/middleeasttransparent.com\/fr\/syrie-arrestation-dun-avocat-kurde\/","title":{"rendered":"Syrie: arrestation d&rsquo;un avocat kurde"},"content":{"rendered":"<p>DAMAS, 15 d\u00e9c 2009 (AFP) \u2014 L&rsquo;avocat et \u00e9crivain kurde syrien Moustapha Isma\u00efl a \u00e9t\u00e9 arr\u00eat\u00e9 samedi \u00e0 Alep (nord) pour des raisons inconnues, ont annonc\u00e9 mardi des organisations non gouvernementales (ONG) dans un communiqu\u00e9.<\/p>\n<p>\u00ab\u00a0Moustapha Isma\u00efl a \u00e9t\u00e9 convoqu\u00e9 samedi par un service de s\u00e9curit\u00e9 \u00e0 Alep, puis il a \u00e9t\u00e9 arr\u00eat\u00e9 sans raison apparente. Nous exprimons notre profonde inqui\u00e9tude face \u00e0 cette mesure contraire aux droits de l&rsquo;Homme\u00a0\u00bb, a indiqu\u00e9 le communiqu\u00e9.<\/p>\n<p>Le texte, sign\u00e9 par l&rsquo;Observatoire syrien pour les droits de l&rsquo;Homme (OSDH) bas\u00e9 \u00e0 Londres, l&rsquo;Organisation nationale des droits de l&rsquo;Homme en Syrie (ONDHS) et la Ligue syrienne de d\u00e9fense des droits de l&rsquo;Homme (LSDH), d\u00e9nonce \u00ab\u00a0la d\u00e9tention arbitraire mena\u00e7ant le droit \u00e0 la libert\u00e9, qui s&rsquo;est intensifi\u00e9e r\u00e9cemment\u00a0\u00bb en Syrie.<\/p>\n<p>Il demande aux autorit\u00e9s syriennes de \u00ab\u00a0lib\u00e9rer imm\u00e9diatement Moustapha Isma\u00efl ou de le faire juger d&rsquo;une mani\u00e8re \u00e9quitable\u00a0\u00bb et de \u00ab\u00a0respecter leurs engagements concernant les droits de l&rsquo;Homme\u00a0\u00bb.<\/p>\n<p>Estim\u00e9s \u00e0 plus de 1,5 million de personnes, les Kurdes de Syrie r\u00e9clament la reconnaissance de leur langue, de leur culture et de leurs droits politiques et se d\u00e9fendent de toute vis\u00e9e s\u00e9cessionniste.<\/p>\n","protected":false},"excerpt":{"rendered":"<p>DAMAS, 15 d\u00e9c 2009 (AFP) \u2014 L&rsquo;avocat et \u00e9crivain kurde syrien Moustapha Isma\u00efl a \u00e9t\u00e9 arr\u00eat\u00e9 samedi \u00e0 Alep (nord) pour des raisons inconnues, ont annonc\u00e9 mardi des organisations non gouvernementales (ONG) dans un communiqu\u00e9. \u00ab\u00a0Moustapha Isma\u00efl a \u00e9t\u00e9 convoqu\u00e9 samedi par un service de s\u00e9curit\u00e9 \u00e0 Alep, puis il a \u00e9t\u00e9 arr\u00eat\u00e9 sans raison<\/p>\n","protected":false},"author":1,"featured_media":0,"comment_status":"closed","ping_status":"closed","sticky":false,"template":"","format":"standard","meta":{"_uf_show_specific_survey":0,"_uf_disable_surveys":false,"footnotes":""},"categories":[],"tags":[],"class_list":["post-127458","post","type-post","status-publish","format-standard"],"aioseo_notices":[],"_links":{"self":[{"href":"https:\/\/middleeasttransparent.com\/fr\/wp-json\/wp\/v2\/posts\/127458","targetHints":{"allow":["GET"]}}],"collection":[{"href":"https:\/\/middleeasttransparent.com\/fr\/wp-json\/wp\/v2\/posts"}],"about":[{"href":"https:\/\/middleeasttransparent.com\/fr\/wp-json\/wp\/v2\/types\/post"}],"author":[{"embeddable":true,"href":"https:\/\/middleeasttransparent.com\/fr\/wp-json\/wp\/v2\/users\/1"}],"replies":[{"embeddable":true,"href":"https:\/\/middleeasttransparent.com\/fr\/wp-json\/wp\/v2\/comments?post=127458"}],"version-history":[{"count":0,"href":"https:\/\/middleeasttransparent.com\/fr\/wp-json\/wp\/v2\/posts\/127458\/revisions"}],"wp:attachment":[{"href":"https:\/\/middleeasttransparent.com\/fr\/wp-json\/wp\/v2\/media?parent=127458"}],"wp:term":[{"taxonomy":"category","embeddable":true,"href":"https:\/\/middleeasttransparent.com\/fr\/wp-json\/wp\/v2\/categories?post=127458"},{"taxonomy":"post_tag","embeddable":true,"href":"https:\/\/middleeasttransparent.com\/fr\/wp-json\/wp\/v2\/tags?post=127458"}],"curies":[{"name":"wp","href":"https:\/\/api.w.org\/{rel}","templated":true}]}}