{"id":127360,"date":"2010-05-16T23:53:28","date_gmt":"2010-05-16T22:53:28","guid":{"rendered":"https:\/\/middleeasttransparent.com\/ahmadinejad-en-froid-avec-les-gardiens-de-la-revolution\/"},"modified":"2024-01-23T01:47:26","modified_gmt":"2024-01-23T00:47:26","slug":"ahmadinejad-en-froid-avec-les-gardiens-de-la-revolution","status":"publish","type":"post","link":"https:\/\/middleeasttransparent.com\/fr\/ahmadinejad-en-froid-avec-les-gardiens-de-la-revolution\/","title":{"rendered":"Ahmadinejad en froid avec les gardiens de la r\u00e9volution"},"content":{"rendered":"<p><em>Le pr\u00e9sident iranien tente de recadrer les pasdarans, afin de ne pas se faire dicter ses positions.<br \/>\n<\/em><\/p>\n<p>Simple brouille passag\u00e8re ? Ou r\u00e9elles divergences de fond ? Inquiet de la toute-puissance des gardiens de la r\u00e9volution, le pr\u00e9sident Mahmoud Ahmadinejad cherche d\u00e9sormais \u00e0 recadrer ses alli\u00e9s encombrants, dont le pouvoir n&rsquo;a cess\u00e9 de grandir, depuis son \u00e9lection truqu\u00e9e en juin dernier. \u00ab Ahmadinejad veut rendre les pasdarans moins visibles  \u00bb, commente depuis T\u00e9h\u00e9ran un observateur de la sc\u00e8ne politique iranienne, qui tient \u00e0 rester anonyme. Depuis plus de deux mois, leur chef, le g\u00e9n\u00e9ral Mohammad Ali Jafari, n&rsquo;aurait pas \u00e9t\u00e9 autoris\u00e9 \u00e0 s&rsquo;exprimer publiquement. Son silence a \u00e9t\u00e9 particuli\u00e8rement remarqu\u00e9 lors des r\u00e9centes man\u0153uvres conduites par les pasdarans dans le golfe Persique.<\/p>\n<p>Entre les gardiens de la r\u00e9volution et le pr\u00e9sident de la R\u00e9publique, les signes de tensions se seraient multipli\u00e9s. Lors de son dernier grand discours consacr\u00e9 \u00e0 la d\u00e9fense du territoire, Ahmadinejad n&rsquo;a pas eu le moindre mot de reconnaissance envers cette arm\u00e9e id\u00e9ologique, charg\u00e9e de prot\u00e9ger un r\u00e9gime aujourd&rsquo;hui fortement contest\u00e9 de l&rsquo;int\u00e9rieur.<\/p>\n<p>Dans son bras de fer, Ahmadinejad disposerait, pour l&rsquo;instant, de la bienveillance du guide, Ali Khamenei, le num\u00e9ro un \u00e0 T\u00e9h\u00e9ran. \u00abLors d&rsquo;une r\u00e9cente c\u00e9r\u00e9monie chez le guide, rel\u00e8ve l&rsquo;analyste, nous avons \u00e9t\u00e9 surpris de voir que le chef des pasdarans n&rsquo;\u00e9tait qu&rsquo;au 4e rang dans l&rsquo;assistance, alors qu&rsquo;habituellement il se tient au c\u00f4t\u00e9 de Khamenei. \u00bb<\/p>\n<p><strong>Image d\u00e9t\u00e9rior\u00e9e<br \/>\n<\/strong><\/p>\n<p>M\u00eame si les pasdarans ont peu particip\u00e9 \u00e0 la r\u00e9pression qui s&rsquo;est abattue sur les contestataires depuis bient\u00f4t un an, leur image s&rsquo;est d\u00e9t\u00e9rior\u00e9e dans l&rsquo;opinion. Signe de ce d\u00e9samour : ces derniers mois, les jeunes Iraniens seraient beaucoup moins nombreux \u00e0 s&rsquo;enr\u00f4ler dans la force r\u00e9volutionnaire pour accomplir leur service militaire. Ils lui pr\u00e9f\u00e8rent l&rsquo;arm\u00e9e r\u00e9guli\u00e8re, rest\u00e9e en marge de la r\u00e9pression, que le r\u00e9gime cherche pr\u00e9cis\u00e9ment \u00e0 rassurer.<\/p>\n<p>En un an, Ahmadinejad a pourtant multipli\u00e9 les nominations de pasdarans dans les gouvernorats et dans les minist\u00e8res, \u00e0 tel point que les \u00c9tats-Unis ont d\u00e9nonc\u00e9 le risque de \u00ab dictature militaire\u00bb. Mais aujourd&rsquo;hui, \u00able pr\u00e9sident redoute que les gardiens se transforment en une arm\u00e9e pakistanaise ou turque qui finisse par lui dicter ses positions \u00bb, estime l&rsquo;observateur.<\/p>\n<p>Alors que la contestation est loin d&rsquo;\u00eatre \u00e9teinte, les pasdarans peuvent constituer une alternative, \u00e0 laquelle le guide Ali Khamenei pourrait recourir pour d\u00e9nouer l&rsquo;imbroglio. \u00abIl n&rsquo;est pas impossible que certaines franges des pasdarans exigent du guide qu&rsquo;il destitue le pr\u00e9sident, si jamais le chaos s&rsquo;installait et que la R\u00e9publique islamique \u00e9tait mise en danger par l&rsquo;incapacit\u00e9 du gouvernement Ahmadinejad \u00bb, pr\u00e9vient l&rsquo;universitaire Bernard Hourcade, sp\u00e9cialiste de l&rsquo;Iran.<\/p>\n<p>Ahmadinejad ne peut compter en effet que sur une partie seulement des gardiens de la r\u00e9volution : les membres des services de renseignements, les miliciens bassidjis et les radicaux du mouvement Ansar Hezbollah, ceux-l\u00e0 m\u00eames qui sont charg\u00e9s d&rsquo;\u00e9craser dans le sang l&rsquo;opposition depuis un an. Mais ces derniers, tr\u00e8s influents sur le dossier nucl\u00e9aire et qui devraient \u00eatre la cible de prochaines sanctions onusiennes, ne vont pas se laisser marginaliser facilement. \u00c0 la faveur des privatisations, leur poids \u00e9conomique ne cesse de cro\u00eetre. \u00abN&rsquo;oubliez pas \u00e9galement que leurs divergences portent essentiellement sur la mani\u00e8re de gouverner d&rsquo;Ahmadinejad, temp\u00e8re l&rsquo;homme d&rsquo;affaires, beaucoup de pasdarans lui reprochent surtout d&rsquo;\u00eatre compl\u00e8tement impr\u00e9visible. \u00bb<\/p>\n<p><a href=\"http:\/\/www.lefigaro.fr\/international\/2010\/05\/14\/01003-20100514ARTFIG00581-ahmadinejad-en-froid-avec-les-gardiens-de-la-revolution.php\">Le Figaro<\/a><\/p>\n","protected":false},"excerpt":{"rendered":"<p>Le pr\u00e9sident iranien tente de recadrer les pasdarans, afin de ne pas se faire dicter ses positions. Simple brouille passag\u00e8re ? Ou r\u00e9elles divergences de fond ? Inquiet de la toute-puissance des gardiens de la r\u00e9volution, le pr\u00e9sident Mahmoud Ahmadinejad cherche d\u00e9sormais \u00e0 recadrer ses alli\u00e9s encombrants, dont le pouvoir n&rsquo;a cess\u00e9 de grandir, depuis<\/p>\n","protected":false},"author":1,"featured_media":0,"comment_status":"closed","ping_status":"closed","sticky":false,"template":"","format":"standard","meta":{"_uf_show_specific_survey":0,"_uf_disable_surveys":false,"footnotes":""},"categories":[],"tags":[],"class_list":["post-127360","post","type-post","status-publish","format-standard"],"aioseo_notices":[],"_links":{"self":[{"href":"https:\/\/middleeasttransparent.com\/fr\/wp-json\/wp\/v2\/posts\/127360","targetHints":{"allow":["GET"]}}],"collection":[{"href":"https:\/\/middleeasttransparent.com\/fr\/wp-json\/wp\/v2\/posts"}],"about":[{"href":"https:\/\/middleeasttransparent.com\/fr\/wp-json\/wp\/v2\/types\/post"}],"author":[{"embeddable":true,"href":"https:\/\/middleeasttransparent.com\/fr\/wp-json\/wp\/v2\/users\/1"}],"replies":[{"embeddable":true,"href":"https:\/\/middleeasttransparent.com\/fr\/wp-json\/wp\/v2\/comments?post=127360"}],"version-history":[{"count":0,"href":"https:\/\/middleeasttransparent.com\/fr\/wp-json\/wp\/v2\/posts\/127360\/revisions"}],"wp:attachment":[{"href":"https:\/\/middleeasttransparent.com\/fr\/wp-json\/wp\/v2\/media?parent=127360"}],"wp:term":[{"taxonomy":"category","embeddable":true,"href":"https:\/\/middleeasttransparent.com\/fr\/wp-json\/wp\/v2\/categories?post=127360"},{"taxonomy":"post_tag","embeddable":true,"href":"https:\/\/middleeasttransparent.com\/fr\/wp-json\/wp\/v2\/tags?post=127360"}],"curies":[{"name":"wp","href":"https:\/\/api.w.org\/{rel}","templated":true}]}}