{"id":127071,"date":"2010-03-26T15:29:04","date_gmt":"2010-03-26T14:29:04","guid":{"rendered":"https:\/\/middleeasttransparent.com\/la-veuve-de-moshe-dayan-israel-ne-sait-pas-faire-la-paix\/"},"modified":"2024-01-23T11:31:24","modified_gmt":"2024-01-23T10:31:24","slug":"la-veuve-de-moshe-dayan-israel-ne-sait-pas-faire-la-paix","status":"publish","type":"post","link":"https:\/\/middleeasttransparent.com\/fr\/la-veuve-de-moshe-dayan-israel-ne-sait-pas-faire-la-paix\/","title":{"rendered":"La veuve de Mosh\u00e9 Dayan:  \u00ab Isra\u00ebl ne sait pas faire la paix. \u00bb"},"content":{"rendered":"<p>Elle a eu 93 ans, en vertu du calendrier h\u00e9bra\u00efque. Herzliya lui a d\u00e9cern\u00e9 la citoyennet\u00e9 d\u2019honneur. Ruth Dayan ne s\u2019est pas repos\u00e9e un instant. Dans la ville b\u00e9douine de Segev Shalom et dans le village palestinien de Kharbata, elle a fond\u00e9 un atelier d\u2019art et d\u2019artisanat pour les femmes. Une fois ou deux par semaine, elle s\u2019y rend toute seule en voiture. Elle est \u00e9galement occup\u00e9e par d\u2019innombrables questions humanitaires sur les territoires. Quelques mois auparavant, elle s\u2019est rendu \u00e0 Malte pour rencontrer la fille de Yasser Arafat, la petite fille de son \u00e2me s\u0153ur, Raymonda Tawil. <\/p>\n<p>Lors de l\u2019entretien, son fils, le cin\u00e9aste Assi Dayan, sort de sa chambre de l\u2019appartement de Ruth au Nord de Tel-aviv. Elle lui demande de prendre cong\u00e9 pour se reposer un peu plus. La veille de l\u2019interview, Maariv a publi\u00e9 un po\u00e8me d\u00e9chirant. Elle admire le livre \u00ab The End of conflict \u00bb d\u2019Avinadav Begin, le petit-fils de l\u2019ancien Premier ministre, et elle aide son biographe, Anthony David \u00e0 s\u2019atteler \u00e0 la t\u00e2che. (David a \u00e9galement \u00e9crit une biographie de Salman Schoken, l\u2019homme qui a achet\u00e9 Haaretz dans les ann\u00e9es 1930).<br \/>\n<img1102|center><br \/>\nElle me montre la premi\u00e8re photo qui a \u00e9t\u00e9 prise d\u2019elle, elle est b\u00e9b\u00e9 dans les bras de sa m\u00e8re. Sur le dos de la photo, il est \u00e9crit: \u00ab Ruth \u00e0 3 mois, 1917 \u00bb<\/p>\n<p><strong>Ruth Dayan, \u00eates-vous fi\u00e8re d\u2019\u00eatre Isra\u00e9lienne ? Avez-vous honte ?<br \/>\n<\/strong><\/p>\n<p>Cela d\u00e9pend. Je suis fi\u00e8re d\u2019\u00eatre Isra\u00e9lienne sur une base limit\u00e9e. Chaque personne \u00e0 sa propre identit\u00e9 Isra\u00e9lienne. <\/p>\n<p><strong>Quel est votre Isra\u00ebl ?<br \/>\n<\/strong><\/p>\n<p>Mon Isra\u00ebl est le pays, les paysages que je vois quand je voyage du Nord au Sud. Les montagnes, l\u2019oc\u00e9an- tout comme c\u2019\u00e9tait \u00e0 l\u2019\u00e9poque. Pendant un moment, je profite. Je me souviens quand on cueillait des an\u00e9mones de diff\u00e9rentes couleurs dans les collines qui entourent Nahalal. Je suis de J\u00e9rusalem, et l\u00e0-bas, les an\u00e9mones sont rouges. Je m\u2019ennuie de l\u2019ancien Isra\u00ebl, o\u00f9 il y avait encore des id\u00e9aux, quand nous nous sommes install\u00e9s sur les terres. <\/p>\n<p><strong>Et nous avons expuls\u00e9 ?<br \/>\n<\/strong><\/p>\n<p>Nous n\u2019avons pas expuls\u00e9. Pendant mon enfance, nous n\u2019avons chass\u00e9 personne.<\/p>\n<p>Nous avons achet\u00e9 ces lopins de terre. Depuis lors, beaucoup de choses se sont pass\u00e9es et, aujourd\u2019hui le pays n\u2019est plus le m\u00eame. C\u2019est un clich\u00e9 de se demander comment nous sommes \u00e0 l\u2019\u00e9tat d\u2019occupation et nous tentons d\u2019en occuper de plus en plus. Je suis \u00e0 un \u00e2ge o\u00f9 je ne parle m\u00eame plus de la paix. Nous ne savons pas comment faire la paix.  Nous allons de guerre en guerre et cela ne s&rsquo;arr\u00eatera jamais.<br \/>\n<img1104|center><\/p>\n<p><strong>\u00c0 qui la faute?<br \/>\n<\/strong><\/p>\n<p>La n\u00f4tre, principalement. Avec toute notre puissance, sommes-nous incapable de faire un pas? <\/p>\n<p><strong>Moshe Dayan \u00e9tait l\u00e0 lorsque cette occupation a commenc\u00e9.<br \/>\n<\/strong><\/p>\n<p>Non. L&rsquo;occupation \u00e9tait la seule option restante. Rien d&rsquo;autre n&rsquo;aurait pu \u00eatre fait. Moshe \u00e9tait le seul qui a effectivement conduit la politique de construction de ponts. <\/p>\n<p><strong>\u2028Peut-\u00eatre que cela a perp\u00e9tu\u00e9 l&rsquo;occupation?<br \/>\n<\/strong><\/p>\n<p>C&rsquo;est possible. Je ne pense pas que cela a \u00e9t\u00e9 le cas. M\u00eame Arafat, l&rsquo;homme qui voulait m&#8217;embrasser lorsque nous nous sommes rencontr\u00e9s, m&rsquo;a dit qu&rsquo;il admirait Moshe. Mais le chef jordanien du personnel m&rsquo;a aussi dit en 1948: \u00ab\u00a0Quel plaisir d&rsquo;avoir votre mari comme ennemi\u00a0\u00bb. Son comportement envers les Arabes \u00e9tait positif m\u00eame apr\u00e8s la guerre des Six jours. Il voulait voyager seul \u00e0 Naplouse, il aimait \u00eatre avec eux. Il avait un dialogue avec eux. Aujourd&rsquo;hui, qui discute avec eux? Pour le gouvernement actuel, la paix n&rsquo;est qu&rsquo;un mot. \u2028<\/p>\n<p><strong>\u2028\u2028Avez-vous perdu l&rsquo;espoir pour la paix? \u2028<br \/>\n<\/strong><\/p>\n<p>Je pense que le sionisme a termin\u00e9 son travail. J&rsquo;ai souffert de nombreuses guerres et je ne peux ignorer le fait qu&rsquo;ils ne veulent pas de nous. Quand je vais sur les territoires, je ne prends pas la peine d&rsquo;inculquer l&rsquo;espoir en eux. Par courtoisie, je leur dis que j&rsquo;esp\u00e8re que quelque chose va changer, mais la d\u00e9t\u00e9rioration, c&rsquo;est terrible. Notamment la cl\u00f4ture. C&rsquo;est quelque chose que je ne peux pas tol\u00e9rer. <\/p>\n<p><strong>Les gens disent qu&rsquo;il n&rsquo;y a plus de terrorisme?<br \/>\n<\/strong> <\/p>\n<p>Oh, s&rsquo;il vous pla\u00eet. \u00ab\u00a0Il n&rsquo;y a plus de terrorisme\u00a0\u00bb. Rien ne sera en mesure de stopper le terrorisme, sauf le dialogue. <\/p>\n<p><strong>\u2028Shimon Peres a admir\u00e9 Dayan. Quelle \u00e9tait l&rsquo;attitude de Dayan  envers Shimon Peres? \u2028\u2028<br \/>\n<\/strong><\/p>\n<p>Moshe n&rsquo;a jamais admir\u00e9 personne. Peut-\u00eatre Ben-Gourion. Il \u00e9tait comme un loup solitaire. \u2028<\/p>\n<p><strong>\u2028Quelle est la contribution que peut apporter Peres pour la paix? \u2028<br \/>\n<\/strong><\/p>\n<p>Je pense qu&rsquo;il peut encore beaucoup contribuer. M\u00eame si un pr\u00e9sident n&rsquo;a pas \u00e0 intervenir, il doit le faire. Il doit avoir un impact, m\u00eame sur les gens. Les gens sont dispers\u00e9s dans des groupes avec des points de vue diff\u00e9rents et m\u00eame les religions au sein de notre religion. Mon grand-p\u00e8re est dipl\u00f4m\u00e9 de la Sorbonne, ma m\u00e8re \u00e9tait une femme la\u00efque, et ce n&rsquo;est pas comme si j&rsquo;entendais des voix provenant de l\u2019au-del\u00e0.<\/p>\n<p><strong>\u00cates-vous juives?<br \/>\n<\/strong><\/p>\n<p>Je suis juste Isra\u00e9lienne. Ce fut un grand honneur de l&rsquo;\u00eatre, m\u00eame quand j&rsquo;\u00e9tais encore une Palestinienne juive pendant mon enfance \u00e0 Londres. Je suis la premi\u00e8re des filles dipl\u00f4m\u00e9es du Lyc\u00e9e Herzliya apr\u00e8s Yehudi Menuhin, mon fr\u00e8re a\u00een\u00e9.<\/p>\n<p>\u00c0 Londres, j\u2019allais prier avec des filles Gentils. <\/p>\n<p><strong>\u2028Que pensez-vous de ce qu&rsquo;il y aura ici?<br \/>\n<\/strong><\/p>\n<p>\u2028Nous vivons au jour le jour. En Nahalal, 17 enfants ont \u00e9t\u00e9 tu\u00e9s pendant la guerre d&rsquo;Ind\u00e9pendance. Nous avons seulement pens\u00e9 \u00e0 aujourd&rsquo;hui et rien d&rsquo;autre. <\/p>\n<p><strong>\u2028\u2028Deux Etats ou un seul? \u2028\u2028<br \/>\n<\/strong><\/p>\n<p>Il fut un temps o\u00f9 je pensais un Etat pour deux peuples. Maintenant, je vois que nous devons avoir deux \u00e9tats, car nous sommes r\u00e9ellement diff\u00e9rents et il serait meilleur que chacun prenne soin de ses propres affaires. Nous sommes une foule qui ne peut pas s&rsquo;entendre, m\u00eame entre nous. Alors, est-ce que nous allons nous entendre avec eux? <\/p>\n<p><strong>Aujourd&rsquo;hui, existe-t\u2019il un homme politique que vous admirez et qui vous donne de l&rsquo;espoir? \u2028<br \/>\n<\/strong><\/p>\n<p>\u2028\u2028Avishay [Braverman, un d\u00e9put\u00e9 travailliste et ministre des affaires concernant les minorit\u00e9s]. Personne ne lui ressemble. J&rsquo;ai \u00e9t\u00e9 impressionn\u00e9 par son travail \u00e0 l&rsquo;Universit\u00e9 Ben Gourion. Il pourrait tr\u00e8s bien \u00eatre Premier ministre, d\u2019ailleurs il veut l&rsquo;\u00eatre. \u2028\u2028<\/p>\n<p><strong>Que feriez-vous si vous \u00e9tiez Premier ministre? \u2028<br \/>\n<\/strong><\/p>\n<p>Juste faire comme quand nous avons commenc\u00e9, comme quand nous avons rencontr\u00e9 [le roi de Jordanie]Abdullah, et lorsque [Yitzhak] Rabin a essay\u00e9. Rabin aurait pu livrer la paix. <\/p>\n<p><strong>\u2028\u2028Jusqu&rsquo;ici, seul le Likoud a fait la paix.<br \/>\n<\/strong><\/p>\n<p> \u2028Ayons le Likoud, ayons n&rsquo;importe qui. Actuellement, je suis en transe concernant Avinadav Begin. Il dit qu&rsquo;il n&rsquo;y a pas de Juifs, qu&rsquo;il n&rsquo;y a pas de musulmans. Il s&rsquo;agit de la base. C&rsquo;est ce que j&rsquo;aime vraiment. Plus je lisais ce livre, plus j&rsquo;\u00e9tais terrass\u00e9. Il est tr\u00e8s beginesque, tout comme son p\u00e8re et son grand-p\u00e8re. Il croit en quelque chose. Il ne va pas \u00e0 Bil&rsquo;in juste pour qu&rsquo;on le voit l\u00e0-bas.  Il y va parce qu&rsquo;il croit en lui. <\/p>\n<p>\u2028\u2028Je veux vous lire un passage de son livre: \u00ab Avons-nous besoin de mots pour observer les bourgeons en d\u00e9veloppement, afin d&rsquo;observer nos enfants, d&rsquo;observer les gouttelettes de ros\u00e9e qui scintillent au soleil du matin? Comment pouvons-nous aimer, si le mot amour n\u2019est rien d&rsquo;autre qu&rsquo;un outil utilis\u00e9 pour resserrer notre emprise sur ceux que nous avons de plus ch\u00e8rs? \u00bb \u2028\u2028<\/p>\n<p>Moshe Dayan disait toujours que j&rsquo;\u00e9tais romantique. Dans les lettres qu&rsquo;il m&rsquo;a \u00e9crites lorsqu&rsquo;il \u00e9tait en prison, il \u00e9crivait toujours qu&rsquo;un jour, on parviendrait \u00e0 un \u00e9tat de tranquillit\u00e9 et que je resterais assise \u00e0 proximit\u00e9 de lui et \u00e0 tricoter pour lui. Et je  porterai mon kilt \u00e9cossais. Les gens ont toujours l&rsquo;habitude de dire que j&rsquo;\u00e9tais une femme d&rsquo;extr\u00eame gauche, mais j&rsquo;aime ce pays.<\/p>\n<p><img1103|center><br \/>\nTraduit de l&rsquo;anglais par S\u00e8rine Akar (serine.akar@gmail.com)<\/p>\n<p><a href=\"http:\/\/www.haaretz.com\/hasen\/spages\/1152801.html\">Orignial en Anglais<\/a><\/p>\n","protected":false},"excerpt":{"rendered":"<p>Elle a eu 93 ans, en vertu du calendrier h\u00e9bra\u00efque. Herzliya lui a d\u00e9cern\u00e9 la citoyennet\u00e9 d\u2019honneur. Ruth Dayan ne s\u2019est pas repos\u00e9e un instant. Dans la ville b\u00e9douine de Segev Shalom et dans le village palestinien de Kharbata, elle a fond\u00e9 un atelier d\u2019art et d\u2019artisanat pour les femmes. Une fois ou deux par<\/p>\n","protected":false},"author":1,"featured_media":0,"comment_status":"closed","ping_status":"closed","sticky":false,"template":"","format":"standard","meta":{"_uf_show_specific_survey":0,"_uf_disable_surveys":false,"footnotes":""},"categories":[],"tags":[],"class_list":["post-127071","post","type-post","status-publish","format-standard"],"aioseo_notices":[],"_links":{"self":[{"href":"https:\/\/middleeasttransparent.com\/fr\/wp-json\/wp\/v2\/posts\/127071","targetHints":{"allow":["GET"]}}],"collection":[{"href":"https:\/\/middleeasttransparent.com\/fr\/wp-json\/wp\/v2\/posts"}],"about":[{"href":"https:\/\/middleeasttransparent.com\/fr\/wp-json\/wp\/v2\/types\/post"}],"author":[{"embeddable":true,"href":"https:\/\/middleeasttransparent.com\/fr\/wp-json\/wp\/v2\/users\/1"}],"replies":[{"embeddable":true,"href":"https:\/\/middleeasttransparent.com\/fr\/wp-json\/wp\/v2\/comments?post=127071"}],"version-history":[{"count":0,"href":"https:\/\/middleeasttransparent.com\/fr\/wp-json\/wp\/v2\/posts\/127071\/revisions"}],"wp:attachment":[{"href":"https:\/\/middleeasttransparent.com\/fr\/wp-json\/wp\/v2\/media?parent=127071"}],"wp:term":[{"taxonomy":"category","embeddable":true,"href":"https:\/\/middleeasttransparent.com\/fr\/wp-json\/wp\/v2\/categories?post=127071"},{"taxonomy":"post_tag","embeddable":true,"href":"https:\/\/middleeasttransparent.com\/fr\/wp-json\/wp\/v2\/tags?post=127071"}],"curies":[{"name":"wp","href":"https:\/\/api.w.org\/{rel}","templated":true}]}}