{"id":126964,"date":"2010-03-08T17:40:53","date_gmt":"2010-03-08T16:40:53","guid":{"rendered":"https:\/\/middleeasttransparent.com\/100-ans-de-lutte-pour-le-droit-des-femmes-video-cirque-de-nuit\/"},"modified":"2024-01-23T01:46:16","modified_gmt":"2024-01-23T00:46:16","slug":"100-ans-de-lutte-pour-le-droit-des-femmes-video-cirque-de-nuit","status":"publish","type":"post","link":"https:\/\/middleeasttransparent.com\/fr\/100-ans-de-lutte-pour-le-droit-des-femmes-video-cirque-de-nuit\/","title":{"rendered":"100 ans de lutte pour le droit des femmes (vid\u00e9o: Cirque de Nuit)"},"content":{"rendered":"<p>http:\/\/video.google.fr\/videosearch?rlz=1C1CHMB_enFR327FR328&#038;sourceid=chrome&#038;q=beenteha%20cirque%20de%20nuit&#038;um=1&#038;ie=UTF-8&#038;sa=N&#038;hl=fr&#038;tab=wv#rlz=1C1CHMB_enFR327FR328&#038;sourceid=chrome&#038;q=beenteha+cirque+de+nuit&#038;um=1&#038;ie=UTF-8&#038;sa=N&#038;hl=fr&#038;tab=wv&#038;view=3&#038;qvid=beenteha+cirque+de+nuit&#038;vid=-8414527675349259132<\/p>\n<p>Aujourd\u2019hui c\u2019est le 8 Mars, une date qui marque le centenaire de la journ\u00e9e mondiale de la femme, un si\u00e8cle de f\u00e9minisme et de combats. Retour sur les origines exactes et la signification d\u2019une journ\u00e9e de manifestations en faveur des droits de la femme. <\/p>\n<p><img1045|center><br \/>\n<strong>Une id\u00e9e de Clara Zetkin<br \/>\n<\/strong><\/p>\n<p>Enseignante, journaliste et femme politique marxiste allemande (1857-1933), Clara Zetkin fit la proposition de cr\u00e9er la \u00ab Journ\u00e9e internationale de la femme \u00bb lors de la deuxi\u00e8me conf\u00e9rence des femmes socialistes en 1910. Une journ\u00e9e de manifestations annuelle afin de militer pour le droit de vote et l\u2019\u00e9galit\u00e9 des sexes. Imm\u00e9diatement, sa proposition est adopt\u00e9e et c\u00e9l\u00e9br\u00e9e tous les 8 mars. <\/p>\n<p>D\u00e8s 1911, des manifestations sont organis\u00e9es en Autriche-Hongrie, au Danemark et en Allemagne puis les ann\u00e9es suivantes, elle s\u2019est \u00e9tendue au monde entier. N\u00e9anmoins, les pays d\u2019Occident et de la sph\u00e8re communiste n\u2019ont pas exactement la m\u00eame conception du droit des femmes. En effet, la seule journ\u00e9e cr\u00e9\u00e9e en Occident est la \u00ab F\u00eate des m\u00e8res \u00bb, une journ\u00e9e d\u2019un autre profil qui s\u2019\u00e9loigne largement de la militante r\u00e9volutionnaire luttant pour ses droits. Ce n\u2019est qu\u2019en 1960, avec les avanc\u00e9es du f\u00e9minisme et la r\u00e9volution sexuelle que l\u2019image de la femme est modifi\u00e9 \u00e0 l\u2019Ouest et que la Journ\u00e9e des droits de la femme gagne du terrain.<\/p>\n<p>En 1982 le gouvernement socialiste fran\u00e7ais pr\u00e9sid\u00e9 par Fran\u00e7ois Mitterrand officialise la c\u00e9l\u00e9bration nationale de la journ\u00e9e de la femme.<br \/>\n<img1046|center><\/p>\n<p><strong>Pourquoi une journ\u00e9e de la femme?<br \/>\n<\/strong><\/p>\n<p>\u00c0 l\u2019origine cette journ\u00e9e a \u00e9t\u00e9 cr\u00e9\u00e9e pour servir \u00e0 la propagande du vote des femmes mais pas seulement. En effet, le 8 mars c\u2019est \u00e9galement l\u2019occasion de militer en faveur de l\u2019\u00e9galit\u00e9 des sexes, le droit pour les femmes d\u2019exercer une fonction publique, le droit au travail, \u00e0 la formation professionnelle et \u00e0 la cessation de la discrimination sur le lieu de travail. Mais aussi, de militer en faveur du socialisme de la paix comme ce f\u00fbt par exemple le cas \u00e0 Oslo en 1915. <\/p>\n<p>Actuellement, cette date est devenue une f\u00eate nationale dans de nombreux pays, elle est l\u2019occasion de se rem\u00e9morer les 100 ans de lutte pour l\u2019\u00e9galit\u00e9, la justice, la paix et le d\u00e9veloppement. Au-del\u00e0 des manifestations, c\u2019est aussi un moment de r\u00e9flexion pour trouver des solutions aux difficult\u00e9s quotidiennes que rencontrent encore certaines femmes \u00e0 travers le monde. <\/p>\n<p>Le 8 mars 2001 est lanc\u00e9 le site web d\u00e9di\u00e9 exclusivement \u00e0 la journ\u00e9e de la femme (www.journeedelafemme.com ).<\/p>\n<p>serine.akar@gmail.com<\/p>\n","protected":false},"excerpt":{"rendered":"<p>http:\/\/video.google.fr\/videosearch?rlz=1C1CHMB_enFR327FR328&#038;sourceid=chrome&#038;q=beenteha%20cirque%20de%20nuit&#038;um=1&#038;ie=UTF-8&#038;sa=N&#038;hl=fr&#038;tab=wv#rlz=1C1CHMB_enFR327FR328&#038;sourceid=chrome&#038;q=beenteha+cirque+de+nuit&#038;um=1&#038;ie=UTF-8&#038;sa=N&#038;hl=fr&#038;tab=wv&#038;view=3&#038;qvid=beenteha+cirque+de+nuit&#038;vid=-8414527675349259132 Aujourd\u2019hui c\u2019est le 8 Mars, une date qui marque le centenaire de la journ\u00e9e mondiale de la femme, un si\u00e8cle de f\u00e9minisme et de combats. Retour sur les origines exactes et la signification d\u2019une journ\u00e9e de manifestations en faveur des droits de la femme. Une id\u00e9e de Clara Zetkin Enseignante, journaliste et femme politique<\/p>\n","protected":false},"author":1,"featured_media":0,"comment_status":"closed","ping_status":"closed","sticky":false,"template":"","format":"standard","meta":{"_uf_show_specific_survey":0,"_uf_disable_surveys":false,"footnotes":""},"categories":[],"tags":[],"class_list":["post-126964","post","type-post","status-publish","format-standard"],"aioseo_notices":[],"_links":{"self":[{"href":"https:\/\/middleeasttransparent.com\/fr\/wp-json\/wp\/v2\/posts\/126964","targetHints":{"allow":["GET"]}}],"collection":[{"href":"https:\/\/middleeasttransparent.com\/fr\/wp-json\/wp\/v2\/posts"}],"about":[{"href":"https:\/\/middleeasttransparent.com\/fr\/wp-json\/wp\/v2\/types\/post"}],"author":[{"embeddable":true,"href":"https:\/\/middleeasttransparent.com\/fr\/wp-json\/wp\/v2\/users\/1"}],"replies":[{"embeddable":true,"href":"https:\/\/middleeasttransparent.com\/fr\/wp-json\/wp\/v2\/comments?post=126964"}],"version-history":[{"count":0,"href":"https:\/\/middleeasttransparent.com\/fr\/wp-json\/wp\/v2\/posts\/126964\/revisions"}],"wp:attachment":[{"href":"https:\/\/middleeasttransparent.com\/fr\/wp-json\/wp\/v2\/media?parent=126964"}],"wp:term":[{"taxonomy":"category","embeddable":true,"href":"https:\/\/middleeasttransparent.com\/fr\/wp-json\/wp\/v2\/categories?post=126964"},{"taxonomy":"post_tag","embeddable":true,"href":"https:\/\/middleeasttransparent.com\/fr\/wp-json\/wp\/v2\/tags?post=126964"}],"curies":[{"name":"wp","href":"https:\/\/api.w.org\/{rel}","templated":true}]}}