{"id":126815,"date":"2010-02-06T14:50:07","date_gmt":"2010-02-06T13:50:07","guid":{"rendered":"https:\/\/middleeasttransparent.com\/le-choix-courageux-de-la-saint-valentin\/"},"modified":"2024-01-23T11:31:11","modified_gmt":"2024-01-23T10:31:11","slug":"le-choix-courageux-de-la-saint-valentin","status":"publish","type":"post","link":"https:\/\/middleeasttransparent.com\/fr\/le-choix-courageux-de-la-saint-valentin\/","title":{"rendered":"Le choix courageux de la Saint-Valentin"},"content":{"rendered":"<p><em>\u00abLe courage nourrit les guerres, mais c&rsquo;est la peur qui les fait na\u00eetre. \u00bb<br \/>\n<\/em><br \/>\n<em>ALAIN<br \/>\n<\/em><\/p>\n<p>J&rsquo;y serai ou n&rsquo;y serai pas ? Dois-je ou ne dois-je pas aller ? Le citoyen est troubl\u00e9. Pour la premi\u00e8re fois depuis 2005, il h\u00e9site \u00e0 participer physiquement au rassemblement, devenu rite traditionnel, qui comm\u00e9more le massacre de la Saint-Valentin o\u00f9 p\u00e9rirent l&rsquo;ancien Premier ministre Rafic Hariri et ses compagnons d&rsquo;infortune. Plus qu&rsquo;un \u00e9tat d&rsquo;\u00e2me, il s&rsquo;agit d&rsquo;un trouble authentique qui peut co\u00fbter cher quant \u00e0 ses cons\u00e9quences. Faut-il laisser vide la place des Canons ? Faut-il au contraire sembler se laisser aller \u00e0 cautionner la forfaiture d&rsquo;une caste politique dont le manque de courage et la pusillanimit\u00e9 sont devenues proverbiales ? Il est vrai que le choix est corn\u00e9lien ou presque.<\/p>\n<p><strong>Th\u00e8se<br \/>\n<\/strong><\/p>\n<p>Il y a les citoyens attach\u00e9s \u00e0 leurs principes et qui sont hostiles \u00e0 toutes les compromissions qu&rsquo;ils jugent indignes. Leur analyse est fond\u00e9e sur des consid\u00e9rations morales. Pourquoi manifester s&rsquo;interroge n&rsquo;importe lequel d&rsquo;entre eux :<\/p>\n<p>Est-ce pour honorer la m\u00e9moire de Rafic Hariri apr\u00e8s la visite de son fils \u00e0 Damas ?<\/p>\n<p>Ou bien afin de prouver que le public du 14 Mars existe ? Mais il l&rsquo;a magnifiquement d\u00e9montr\u00e9 le 7 juin 2009 lors d&rsquo;un scrutin l\u00e9gislatif qui a surpris ceux-l\u00e0 m\u00eames qui ont d\u00e9tourn\u00e9 l&rsquo;\u00e9tiquette \u00ab 14 Mars \u00bb au profit de leur int\u00e9r\u00eat.<\/p>\n<p>S&rsquo;agit-il, au contraire, de donner un blanc-seing \u00e0 une majorit\u00e9 frileuse qui a peur de gouverner et qui s&rsquo;appr\u00eate \u00e0 encore plus de concessions sous le couvert du double mensonge de l&rsquo;unit\u00e9 nationale et de la r\u00e9conciliation ? Appartient-il \u00e0 la majorit\u00e9 du peuple, par ailleurs victime du chantage arm\u00e9 de la minorit\u00e9, de plier piteusement l&rsquo;\u00e9chine ?<\/p>\n<p>Et pourquoi faut-il m\u00ealer notre pr\u00e9sence \u00e0 celle de tous ceux qui ont retourn\u00e9 leur veste ou bien qui campent toujours sur leurs positions du 8 mars 2005, journ\u00e9e o\u00f9 ils ont proclam\u00e9 leur all\u00e9geance \u00e0 la Syrie ? Au nom de quelle coh\u00e9rence faut-il accepter de se livrer \u00e0 un tel funambulisme ? \u00c0 quoi cela peut-il rimer ?<\/p>\n<p>Le m\u00eame citoyen se dit : De gr\u00e2ce ne nous pr\u00eatons pas \u00e0 une telle mascarade. Qu&rsquo;on cesse de m\u00e9priser les hommes et les femmes libres qui n&rsquo;ont jamais attendu de consigne de qui que ce soit pour descendre dans la rue. Les dirigeants qui ont usurp\u00e9 le label du 14 Mars n&rsquo;ont montr\u00e9 que du m\u00e9pris \u00e0 l&rsquo;\u00e9gard de ceux qui leur ont accord\u00e9 leurs suffrages. On peut sans doute se r\u00e9signer \u00e0 la realpolitik. Mais on ne manifeste pas pour appuyer le reniement de ses propres principes.<\/p>\n<p><strong>Antith\u00e8se<br \/>\n<\/strong><\/p>\n<p>On peut difficilement donner tort \u00e0 un tel citoyen, r\u00e9calcitrant parce que r\u00e9vuls\u00e9 par la d\u00e9bauche de la forfaiture que la majorit\u00e9 d\u00e9mocratiquement \u00e9lue \u00e9tale sous nos yeux. Mais il est bon de se rappeler que les choix politiques se situent sur le court terme, dans cet \u00e9troit instantan\u00e9 du rapport de forces ici et maintenant. La d\u00e9mocratie est faible face \u00e0 la brutalit\u00e9 de la force arm\u00e9e. On l&rsquo;a vu quand les miliciens cagoul\u00e9s de Sa Cl\u00e9mence Hassan Nasrallah ont tu\u00e9 les civils innocents de Beyrouth et de la montagne, en ce funeste 7 mai 2008 que Sa Cl\u00e9mence a qualifi\u00e9 de journ\u00e9e glorieuse.<\/p>\n<p>Ne pas manifester le 14 f\u00e9vrier prochain, c&rsquo;est reconna\u00eetre sa propre d\u00e9faite et, surtout, c&rsquo;est montrer combien la peur est op\u00e9rante. Si le 14 mars 2005 a eu lieu, c&rsquo;est parce que tout un peuple a surmont\u00e9 sa peur.<br \/>\n\u00catre pr\u00e9sent \u00e0 la place des Canons, ce n&rsquo;est pas cautionner les discours creux que les hommes d&rsquo;une majorit\u00e9 \u00e9miett\u00e9e prononceront pour eux-m\u00eames, c&rsquo;est au contraire montrer que la conqu\u00eate militaire de Beyrouth demeure inachev\u00e9e.<\/p>\n<p>Descendre \u00e0 la place des Canons le 14 f\u00e9vrier, ce n&rsquo;est ni pour Saad, ni pour Walid, ou Amine, ou Carlos, Marwan, Nayla et tous les autres. C&rsquo;est uniquement pour rappeler que les morts ne sont pas oubli\u00e9s et que la m\u00e9moire collective les enterrera quand la justice des hommes se sera prononc\u00e9e, pas avant. Descendre dans la rue, ce n&rsquo;est pas pour se r\u00e9concilier avec l&rsquo;agresseur ou l&rsquo;ancien occupant, mais pour rappeler l&rsquo;exigence de justice.<\/p>\n<p>C&rsquo;est pour Beyrouth qu&rsquo;il faut descende dans la rue, pour qu&rsquo;elle demeure une ville ouverte, une ville pacifi\u00e9e par la d\u00e9mocratie et non par la force brutale. R\u00e9pondre \u00e0 l&rsquo;appel de la ville, c&rsquo;est exprimer un choix clair, c&rsquo;est dire dans quel monde on souhaite vivre. \u00catre dans les rues de Beyrouth le 14 f\u00e9vrier prochain, c&rsquo;est \u00eatre dans une certaine vision du monde faite de libert\u00e9 et de toutes les couleurs de la diversit\u00e9. \u00catre dans la rue, c&rsquo;est refuser cat\u00e9goriquement le choix culturel du totalitarisme que veut imposer une milice politico-religieuse exalt\u00e9e par la perspective de la fin des temps.<br \/>\nDescendre dans la rue, ce n&rsquo;est pas pour r\u00e9p\u00e9ter l&rsquo;\u00e9v\u00e9nement \u00e9ph\u00e9m\u00e8re du 14 mars 2005, mais c&rsquo;est encore et toujours dire \u00ab non \u00bb aux projets id\u00e9ologiques de Sa Cl\u00e9mence Hassan Nasrallah et de Na\u00efm Kassem.<br \/>\n\u00catre dans la rue, c&rsquo;est dire au monde le caract\u00e8re pacifique du peuple libanais et c&rsquo;est prouver que ce peuple a d\u00e9finitivement surmont\u00e9 sa peur et vaincu ses vieux d\u00e9mons.<\/p>\n<p><strong>Synth\u00e8se<br \/>\n<\/strong><\/p>\n<p>Je sais que tout sera mis en \u0153uvre pour r\u00e9cup\u00e9rer l&rsquo;\u00e9v\u00e9nement et le vider de son sens, mais je serai dans la rue le 14 f\u00e9vrier prochain afin de ne donner \u00e0 personne l&rsquo;occasion de se r\u00e9jouir de m&rsquo;avoir terroris\u00e9 et fait sortir du c\u0153ur de Beyrouth.<\/p>\n<p>acourban@gmail.com<\/p>\n<p>* Beyrouth<\/p>\n<p>L&rsquo;Orient-Le Jour<\/p>\n","protected":false},"excerpt":{"rendered":"<p>\u00abLe courage nourrit les guerres, mais c&rsquo;est la peur qui les fait na\u00eetre. \u00bb ALAIN J&rsquo;y serai ou n&rsquo;y serai pas ? Dois-je ou ne dois-je pas aller ? Le citoyen est troubl\u00e9. Pour la premi\u00e8re fois depuis 2005, il h\u00e9site \u00e0 participer physiquement au rassemblement, devenu rite traditionnel, qui comm\u00e9more le massacre de la<\/p>\n","protected":false},"author":1,"featured_media":0,"comment_status":"closed","ping_status":"closed","sticky":false,"template":"","format":"standard","meta":{"_uf_show_specific_survey":0,"_uf_disable_surveys":false,"footnotes":""},"categories":[],"tags":[],"class_list":["post-126815","post","type-post","status-publish","format-standard"],"aioseo_notices":[],"_links":{"self":[{"href":"https:\/\/middleeasttransparent.com\/fr\/wp-json\/wp\/v2\/posts\/126815","targetHints":{"allow":["GET"]}}],"collection":[{"href":"https:\/\/middleeasttransparent.com\/fr\/wp-json\/wp\/v2\/posts"}],"about":[{"href":"https:\/\/middleeasttransparent.com\/fr\/wp-json\/wp\/v2\/types\/post"}],"author":[{"embeddable":true,"href":"https:\/\/middleeasttransparent.com\/fr\/wp-json\/wp\/v2\/users\/1"}],"replies":[{"embeddable":true,"href":"https:\/\/middleeasttransparent.com\/fr\/wp-json\/wp\/v2\/comments?post=126815"}],"version-history":[{"count":0,"href":"https:\/\/middleeasttransparent.com\/fr\/wp-json\/wp\/v2\/posts\/126815\/revisions"}],"wp:attachment":[{"href":"https:\/\/middleeasttransparent.com\/fr\/wp-json\/wp\/v2\/media?parent=126815"}],"wp:term":[{"taxonomy":"category","embeddable":true,"href":"https:\/\/middleeasttransparent.com\/fr\/wp-json\/wp\/v2\/categories?post=126815"},{"taxonomy":"post_tag","embeddable":true,"href":"https:\/\/middleeasttransparent.com\/fr\/wp-json\/wp\/v2\/tags?post=126815"}],"curies":[{"name":"wp","href":"https:\/\/api.w.org\/{rel}","templated":true}]}}