{"id":12673,"date":"2016-06-03T16:49:18","date_gmt":"2016-06-03T15:49:18","guid":{"rendered":"http:\/\/middleeasttransparent.com\/?p=12673"},"modified":"2016-06-03T17:03:30","modified_gmt":"2016-06-03T16:03:30","slug":"fifa-blatter-et-ses-deux-adjoints-se-sont-partages-80-millions-de-dollars-en-cinq-ans","status":"publish","type":"post","link":"https:\/\/middleeasttransparent.com\/fr\/fifa-blatter-et-ses-deux-adjoints-se-sont-partages-80-millions-de-dollars-en-cinq-ans\/","title":{"rendered":"FIFA : Blatter et ses deux adjoints se sont partag\u00e9s 80 millions de dollars en cinq ans"},"content":{"rendered":"<p>Depuis le 26 f\u00e9vrier et l\u2019\u00e9lection de son nouveau pr\u00e9sident, Gianni Infantino, la F\u00e9d\u00e9ration internationale de <a class=\"lien_interne rub\" title=\"Toute l\u2019actualit\u00e9 football\" href=\"http:\/\/www.lemonde.fr\/football\/\">football<\/a>(<a class=\"lien_interne rub\" title=\"Toute l\u2019actualit\u00e9 FIFA\" href=\"http:\/\/www.lemonde.fr\/corruption-a-la-fifa\/\">FIFA<\/a>) pr\u00f4ne \u00ab <em>un nouveau d\u00e9part <\/em>\u00bb. Et ses communicants tiennent \u00e0 le <a class=\"lien_interne conjug\" title=\"Conjugaison du verbe faire\" href=\"http:\/\/conjugaison.lemonde.fr\/conjugaison\/troisieme-groupe\/faire\/\" target=\"_blank\">faire<\/a> <a class=\"lien_interne conjug\" title=\"Conjugaison du verbe savoir\" href=\"http:\/\/conjugaison.lemonde.fr\/conjugaison\/troisieme-groupe\/savoir\/\" target=\"_blank\">savoir<\/a>.<\/p>\n<div id=\"articleBody\" class=\"contenu_article js_article_body\" style=\"text-align: left;\">\n<p class=\"illustration_haut \"><strong>Alors que le nouveau patron du foot mondial est d\u00e9j\u00e0 fragilis\u00e9 par une s\u00e9rie d\u2019\u00e9coutes compromettantes et d\u2019\u00e9changes de mails, une <a class=\"lien_interne rub\" title=\"Toute l\u2019actualit\u00e9 enqu\u00eate\" href=\"http:\/\/www.lemonde.fr\/enquetes\/\">enqu\u00eate<\/a> interne a mis au jour le versement entre 2011 et 2015 de 80 millions de dollars (72 millions d\u2019euros) \u00e0 l\u2019ex-num\u00e9ro 1 de la FIFA, Sepp Blatter (1998-2015), banni six ans, son secr\u00e9taire g\u00e9n\u00e9ral fran\u00e7ais J\u00e9r\u00f4me Valcke (2007-2015), radi\u00e9 douze ans en f\u00e9vrier, et l\u2019Allemand Markus Kattner, directeur financier et secr\u00e9taire g\u00e9n\u00e9ral par int\u00e9rim, licenci\u00e9 le 23 mai pour des <em>\u00ab manquements \u00bb<\/em> dans ses activit\u00e9s.<\/strong><\/p>\n<p>Consult\u00e9 par <em>Le Monde<\/em>, un document du cabinet californien d\u2019avocat Quinn Emanuel \u2013 qui d\u00e9fend les int\u00e9r\u00eats de l\u2019organisation plan\u00e9taire \u2013 souligne un <em>\u00ab effort coordonn\u00e9 de trois anciens dirigeants de la FIFA pour s\u2019enrichir eux-m\u00eames via des augmentations de leur salaire annuel, des bonus li\u00e9s aux Coupes du <a class=\"lien_interne rub\" title=\"Toute l\u2019actualit\u00e9 monde\" href=\"http:\/\/www.lemonde.fr\/afrique-monde\/\">monde<\/a> et d\u2019autres avantages. \u00bb<\/em> Ce rapport met au jour des <em>\u00ab manquements aux obligations fiduciaires \u00bb.<\/em><\/p>\n<p class=\"lire marqueur_restreint_atome\">Lire aussi : \u00a0 <a href=\"http:\/\/www.lemonde.fr\/football\/article\/2015\/06\/03\/scandale-de-la-fifa-la-demission-surprise-de-joseph-blatter_4646077_1616938.html\">FIFA\u00a0: la chute de Joseph Blatter<\/a><\/p>\n<p>Les avocats de la FIFA indiquent que \u00ab<em> ces paiements et contrats \u00bb<\/em> justifient des <a class=\"lien_interne rub\" title=\"Toute l\u2019actualit\u00e9 enqu\u00eates\" href=\"http:\/\/www.lemonde.fr\/idees-enqu%C3%AAtes\/\">enqu\u00eates<\/a> plus abouties. La F\u00e9d\u00e9ration a d\u2019ores et d\u00e9j\u00e0 partag\u00e9 ces donn\u00e9es avec le parquet <a class=\"lien_interne rub\" title=\"Toute l\u2019actualit\u00e9 suisse\" href=\"http:\/\/www.lemonde.fr\/suisse\/\">suisse<\/a> et entend se <a class=\"lien_interne conjug\" title=\"Conjugaison du verbe tourner\" href=\"http:\/\/conjugaison.lemonde.fr\/conjugaison\/premier-groupe\/tourner\/\" target=\"_blank\">tourner<\/a> vers la <a class=\"lien_interne rub\" title=\"Toute l\u2019actualit\u00e9 justice\" href=\"http:\/\/www.lemonde.fr\/justice\/\">justice<\/a> am\u00e9ricaine. <em>\u00ab Les coop\u00e9rations avec la justice se poursuivent \u00bb<\/em>, assure une source interne. Le comit\u00e9 d\u2019\u00e9thique de la FIFA sera lui aussi saisi.<\/p>\n<p>Cette enqu\u00eate interne a notamment r\u00e9v\u00e9l\u00e9 l\u2019existence d\u2019un contrat dat\u00e9 du 30 avril 2011. Alors qu\u2019il est candidat \u00e0 un quatri\u00e8me mandat \u00e0 la t\u00eate de l\u2019instance, Sepp Blatter \u00e9tend le contrat de son bras droit J\u00e9r\u00f4me Valcke et de Markus Kattner jusqu\u2019\u00e0 fin 2019. Cet accord garantit au dirigeant fran\u00e7ais et \u00e0 son coll\u00e8gue allemand de <a class=\"lien_interne conjug\" title=\"Conjugaison du verbe toucher\" href=\"http:\/\/conjugaison.lemonde.fr\/conjugaison\/premier-groupe\/toucher\/\" target=\"_blank\">toucher<\/a> respectivement 17,5 millions de francs suisses (15,8 millions d\u2019euros) et 9,8 millions de francs suisses (8,87 millions d\u2019euros) au cas o\u00f9 leur mission s\u2019achevait. Ce contrat contenait deux clauses qui, selon Quinn Emanuel, <em>\u00ab violent le droit suisse \u00bb.<\/em><\/p>\n<h2 class=\"intertitre\" style=\"text-align: center;\">23 millions de francs suisses de bonus apr\u00e8s le Mondial 2010<\/h2>\n<p>Par ailleurs, Blatter, Valcke et Kattner ont touch\u00e9, en d\u00e9cembre 2010, 23 millions de francs suisses de bonus (21 millions d\u2019euros) apr\u00e8s la Coupe du monde organis\u00e9e, cette ann\u00e9e-l\u00e0, en<a class=\"lien_interne rub\" title=\"Toute l\u2019actualit\u00e9 Afrique du Sud\" href=\"http:\/\/www.lemonde.fr\/afrique-du-sud\/\">Afrique du Sud<\/a>. En octobre 2011, Valcke et Kattner se sont vu <a class=\"lien_interne conjug\" title=\"Conjugaison du verbe accorder\" href=\"http:\/\/conjugaison.lemonde.fr\/conjugaison\/premier-groupe\/accorder\/\" target=\"_blank\">accorder<\/a> 14 millions de francs suisses (12,6 millions d\u2019euros) pour le Mondial 2014, programm\u00e9 au <a class=\"lien_interne rub\" title=\"Toute l\u2019actualit\u00e9 Br\u00e9sil\" href=\"http:\/\/www.lemonde.fr\/bresil\/\">Br\u00e9sil<\/a>. En juin 2014, ils se sont vu accorder 15,5 millions de francs suisses (14 millions d\u2019euros) pour le Mondial 2018 en <a class=\"lien_interne rub\" title=\"Toute l\u2019actualit\u00e9 Russie\" href=\"http:\/\/www.lemonde.fr\/russie\/\">Russie<\/a>.<\/p>\n<p>Par ailleurs, le 31 mai 2015, deux jours apr\u00e8s la r\u00e9\u00e9lection de Sepp Blatter pour un cinqui\u00e8me mandat, le comit\u00e9 des r\u00e9mun\u00e9rations a valid\u00e9 une extension de quatre ans (jusqu\u2019\u00e0 2023) du contrat de Markus Kattner. Ce qui lui garantissait un salaire et des bonus estim\u00e9s \u00e0 9 millions de francs suisses (8 millions d\u2019euros). Paraph\u00e9 quatre jours apr\u00e8s le coup de filet r\u00e9alis\u00e9 par la<a class=\"lien_interne rub\" title=\"Toute l\u2019actualit\u00e9 police\" href=\"http:\/\/www.lemonde.fr\/police\/\">police<\/a> zurichoise, sur ordre de la justice am\u00e9ricaine, ce contrat contient les m\u00eames clauses controvers\u00e9es que l\u2019accord trouv\u00e9 en avril 2011. Il a \u00e9t\u00e9 sign\u00e9 par Sepp Blatter, J\u00e9r\u00f4me Valcke et Domenico Scala, patron du comit\u00e9 d\u2019audit et de conformit\u00e9, d\u00e9missionnaire le 14 mai.<\/p>\n<p>En mars, la FIFA a r\u00e9clam\u00e9 \u00e0 la justice am\u00e9ricaine le versement de d\u00e9dommagements financiers. Elle demandait la restitution des \u00ab <em>salaires, bonus, b\u00e9n\u00e9fices et autres compensations \u00bb<\/em>qu\u2019elle a accord\u00e9s \u00e0 ses dirigeants inculp\u00e9s depuis <em>\u00ab au moins 2004 \u00bb. <\/em>L\u2019organisation r\u00e9clamait 38 millions de dollars.<\/p>\n<div class=\"video_player\"><iframe id=\"dm-x2soj4e_0_1464968362\" src=\"http:\/\/www.dailymotion.com\/embed\/video\/x2soj4e?syndication=131181&amp;api=postMessage\" width=\"534\" height=\"320\" frameborder=\"0\"><\/iframe><\/div>\n<div class=\"btn_lecture_zen btn_offre_decouverte_zen\"><\/div>\n<\/div>\n<div class=\"bg_gris_moyen signature\">\n<ul class=\"liste_bordure\">\n<li class=\"clearfix\"><span class=\"identite\"><a class=\"gras\" href=\"http:\/\/www.lemonde.fr\/journaliste\/remi-dupre\/\" target=\"_blank\">R\u00e9mi Dupr\u00e9<\/a><br \/>\n<span class=\"txt_gris_clair\">Journaliste au Monde<\/span><\/span><\/li>\n<\/ul>\n<\/div>\n<p><a href=\"http:\/\/www.lemonde.fr\/football\/article\/2016\/06\/03\/fifa-blatter-et-ses-deux-adjoints-se-sont-partages-80-millions-de-dollars-en-cinq-ans_4933543_1616938.html#71U7Ib753VkvxPf1.99\">LE MONDE<\/a><\/p>\n","protected":false},"excerpt":{"rendered":"<p>Depuis le 26 f\u00e9vrier et l\u2019\u00e9lection de son nouveau pr\u00e9sident, Gianni Infantino, la F\u00e9d\u00e9ration internationale de football(FIFA) pr\u00f4ne \u00ab un nouveau d\u00e9part \u00bb. Et ses communicants tiennent \u00e0 le faire savoir. Alors que le nouveau patron du foot mondial est d\u00e9j\u00e0 fragilis\u00e9 par une s\u00e9rie d\u2019\u00e9coutes compromettantes et d\u2019\u00e9changes de mails, une enqu\u00eate interne a<\/p>\n","protected":false},"author":296,"featured_media":12678,"comment_status":"open","ping_status":"open","sticky":false,"template":"","format":"standard","meta":{"_uf_show_specific_survey":0,"_uf_disable_surveys":false,"footnotes":""},"categories":[361],"tags":[],"class_list":{"0":"post-12673","1":"post","2":"type-post","3":"status-publish","4":"format-standard","5":"has-post-thumbnail","7":"category-sport-international"},"aioseo_notices":[],"_links":{"self":[{"href":"https:\/\/middleeasttransparent.com\/fr\/wp-json\/wp\/v2\/posts\/12673","targetHints":{"allow":["GET"]}}],"collection":[{"href":"https:\/\/middleeasttransparent.com\/fr\/wp-json\/wp\/v2\/posts"}],"about":[{"href":"https:\/\/middleeasttransparent.com\/fr\/wp-json\/wp\/v2\/types\/post"}],"author":[{"embeddable":true,"href":"https:\/\/middleeasttransparent.com\/fr\/wp-json\/wp\/v2\/users\/296"}],"replies":[{"embeddable":true,"href":"https:\/\/middleeasttransparent.com\/fr\/wp-json\/wp\/v2\/comments?post=12673"}],"version-history":[{"count":0,"href":"https:\/\/middleeasttransparent.com\/fr\/wp-json\/wp\/v2\/posts\/12673\/revisions"}],"wp:featuredmedia":[{"embeddable":true,"href":"https:\/\/middleeasttransparent.com\/fr\/wp-json\/wp\/v2\/media\/12678"}],"wp:attachment":[{"href":"https:\/\/middleeasttransparent.com\/fr\/wp-json\/wp\/v2\/media?parent=12673"}],"wp:term":[{"taxonomy":"category","embeddable":true,"href":"https:\/\/middleeasttransparent.com\/fr\/wp-json\/wp\/v2\/categories?post=12673"},{"taxonomy":"post_tag","embeddable":true,"href":"https:\/\/middleeasttransparent.com\/fr\/wp-json\/wp\/v2\/tags?post=12673"}],"curies":[{"name":"wp","href":"https:\/\/api.w.org\/{rel}","templated":true}]}}