{"id":125396,"date":"2009-05-23T22:18:24","date_gmt":"2009-05-23T21:18:24","guid":{"rendered":"https:\/\/middleeasttransparent.com\/assassinat-de-rafic-hariri-lenquete-designerait-le-hezbollah-comme-responsable-indique-lhebdomadaire-der-spiegel\/"},"modified":"2024-01-23T11:27:00","modified_gmt":"2024-01-23T10:27:00","slug":"assassinat-de-rafic-hariri-lenquete-designerait-le-hezbollah-comme-responsable-indique-lhebdomadaire-der-spiegel","status":"publish","type":"post","link":"https:\/\/middleeasttransparent.com\/fr\/assassinat-de-rafic-hariri-lenquete-designerait-le-hezbollah-comme-responsable-indique-lhebdomadaire-der-spiegel\/","title":{"rendered":"Assassinat de Rafic Hariri: l&rsquo;enqu\u00eate d\u00e9signerait le Hezbollah comme responsable indique l&rsquo;hebdomadaire Der Spiegel"},"content":{"rendered":"<p>BERLIN (AFP) \u2014 La commission d&rsquo;enqu\u00eate charg\u00e9e de faire la lumi\u00e8re sur l&rsquo;assassinat de l&rsquo;ancien Premier ministre libanais Rafic Hariri s&rsquo;orienterait d\u00e9sormais vers une piste menant au mouvement chiite Hezbollah, indique l&rsquo;hebdomadaire Der Spiegel.<\/p>\n<p>Citant des informations obtenues de \u00ab\u00a0sources proches du tribunal (sp\u00e9cial pour le Liban, TSL) et v\u00e9rifi\u00e9es par la consultation de documents internes\u00a0\u00bb, Der Spiegel \u00e9crit que \u00ab\u00a0des investigations intensives men\u00e9es au Liban pointent toutes vers une nouvelle conclusion: ce ne sont pas les Syriens, mais les forces sp\u00e9ciales de l&rsquo;organisation chiite libanaise Hezbollah qui ont planifi\u00e9 et ex\u00e9cut\u00e9\u00a0\u00bb l&rsquo;attentat qui a co\u00fbt\u00e9 la vie \u00e0 Rafic Hariri le 14 f\u00e9vrier 2005.<\/p>\n<p>Interrog\u00e9 par l&rsquo;AFP \u00e0 Beyrouth, le Hezbollah s&rsquo;est refus\u00e9 \u00e0 tout commentaire dans l&rsquo;imm\u00e9diat.<\/p>\n<p>Les documents consult\u00e9s par le Spiegel, bas\u00e9s essentiellement sur des surveillances \u00e9lectroniques, ont permis aux enqu\u00eateurs d&rsquo;identifier huit t\u00e9l\u00e9phones mobiles, tous achet\u00e9s le m\u00eame jour \u00e0 Tripoli, dans le nord du Liban.<\/p>\n<p>Ces appareils ont \u00e9t\u00e9 activ\u00e9s six semaines avant l&rsquo;attentat, et n&rsquo;ont plus jamais \u00e9t\u00e9 utilis\u00e9s apr\u00e8s, ce qui laisse \u00e0 penser que leurs propri\u00e9taires \u00e9taient les membres du commando ayant commis l&rsquo;attentat \u00e0 la camionnette pi\u00e9g\u00e9e \u00e0 Beyrouth, dans lequel ont p\u00e9ri \u00e9galement 22 autres personnes.<\/p>\n<p>Ces portables ont tr\u00e8s souvent \u00e9t\u00e9 localis\u00e9s \u00e0 proximit\u00e9 et en contact t\u00e9l\u00e9phonique avec 20 autres t\u00e9l\u00e9phones, appartenant, selon les enqu\u00eateurs libanais, au \u00ab\u00a0bras op\u00e9rationnel\u00a0\u00bb du Hezbollah.<\/p>\n<p>Les enqu\u00eateurs ont pu identifier le d\u00e9tenteur de l&rsquo;un des huit premiers t\u00e9l\u00e9phones, gr\u00e2ce \u00e0 un appel qu&rsquo;il a pass\u00e9 \u00e0 sa petite amie. Il s&rsquo;agit de Abd al-Majid Ghamlush, membre du Hezbollah qui a s\u00e9journ\u00e9 dans un camp d&rsquo;entra\u00eenement en Iran.<\/p>\n<p>Ghamlush a \u00e9t\u00e9 identifi\u00e9 comme l&rsquo;acheteur des t\u00e9l\u00e9phones, et les enqu\u00eateurs ne savent pas o\u00f9 il se trouve, ni m\u00eame s&rsquo;il est en vie, ajoute l&rsquo;hebdomadaire.<\/p>\n<p>L&rsquo;imprudence de Ghamlush a men\u00e9 les enqu\u00eateurs vers celui qui est pour eux le cerveau de l&rsquo;attentat, Hajj Salim, qui vit dans un quartier chiite au sud de Beyrouth, d&rsquo;o\u00f9 il commande une \u00ab\u00a0unit\u00e9 des op\u00e9rations sp\u00e9ciales\u00a0\u00bb qui rend des comptes directement \u00e0 Hassan Nasrallah, le secr\u00e9taire g\u00e9n\u00e9ral du Hezbollah, poursuit-il.<\/p>\n<p>Le Spiegel affirme encore que le procureur charg\u00e9 de l&rsquo;enqu\u00eate, le Canadien Daniel Bellemare, et les autres juges du TSL essayent apparemment de \u00ab\u00a0retenir\u00a0\u00bb l&rsquo;information, qui leur aurait \u00e9t\u00e9 transmise il y a un mois environ.<\/p>\n<p>Fin avril, quatre g\u00e9n\u00e9raux libanais, d\u00e9tenus depuis 2005 \u00e0 Beyrouth dans l&rsquo;enqu\u00eate sur l&rsquo;assassinat de Rafic Hariri, avaient \u00e9t\u00e9 remis en libert\u00e9, \u00e0 la demande de M. Bellemare, en raison de l&rsquo;absence d'\u00a0\u00bb\u00e9l\u00e9ments de preuve suffisants\u00a0\u00bb.<\/p>\n<p>Il s&rsquo;agit de l&rsquo;ex-chef de la garde pr\u00e9sidentielle Moustafa Hamdane, de l&rsquo;ancien chef des renseignements de l&rsquo;arm\u00e9e Raymond Azar, de l&rsquo;ex-directeur g\u00e9n\u00e9ral de la S\u00fbret\u00e9 g\u00e9n\u00e9rale Jamil Sayyed, et de l&rsquo;ex-chef des Forces de s\u00e9curit\u00e9 int\u00e9rieure Ali Hajj, 52 ans.<\/p>\n<p>L&rsquo;article est disponible sur les pages anglophones du site du Spiegel (<a href=\"www.spiegelonline.de\/international\">www.spiegelonline.de\/international<\/a>), et il ne sera mis en ligne en allemand que lundi \u00e0 la sortie de l&rsquo;\u00e9dition papier, a-t-on appris aupr\u00e8s de l&rsquo;hebdomadaire.<\/p>\n","protected":false},"excerpt":{"rendered":"<p>BERLIN (AFP) \u2014 La commission d&rsquo;enqu\u00eate charg\u00e9e de faire la lumi\u00e8re sur l&rsquo;assassinat de l&rsquo;ancien Premier ministre libanais Rafic Hariri s&rsquo;orienterait d\u00e9sormais vers une piste menant au mouvement chiite Hezbollah, indique l&rsquo;hebdomadaire Der Spiegel. Citant des informations obtenues de \u00ab\u00a0sources proches du tribunal (sp\u00e9cial pour le Liban, TSL) et v\u00e9rifi\u00e9es par la consultation de documents<\/p>\n","protected":false},"author":1,"featured_media":0,"comment_status":"closed","ping_status":"closed","sticky":false,"template":"","format":"standard","meta":{"_uf_show_specific_survey":0,"_uf_disable_surveys":false,"footnotes":""},"categories":[],"tags":[],"class_list":["post-125396","post","type-post","status-publish","format-standard"],"aioseo_notices":[],"_links":{"self":[{"href":"https:\/\/middleeasttransparent.com\/fr\/wp-json\/wp\/v2\/posts\/125396","targetHints":{"allow":["GET"]}}],"collection":[{"href":"https:\/\/middleeasttransparent.com\/fr\/wp-json\/wp\/v2\/posts"}],"about":[{"href":"https:\/\/middleeasttransparent.com\/fr\/wp-json\/wp\/v2\/types\/post"}],"author":[{"embeddable":true,"href":"https:\/\/middleeasttransparent.com\/fr\/wp-json\/wp\/v2\/users\/1"}],"replies":[{"embeddable":true,"href":"https:\/\/middleeasttransparent.com\/fr\/wp-json\/wp\/v2\/comments?post=125396"}],"version-history":[{"count":0,"href":"https:\/\/middleeasttransparent.com\/fr\/wp-json\/wp\/v2\/posts\/125396\/revisions"}],"wp:attachment":[{"href":"https:\/\/middleeasttransparent.com\/fr\/wp-json\/wp\/v2\/media?parent=125396"}],"wp:term":[{"taxonomy":"category","embeddable":true,"href":"https:\/\/middleeasttransparent.com\/fr\/wp-json\/wp\/v2\/categories?post=125396"},{"taxonomy":"post_tag","embeddable":true,"href":"https:\/\/middleeasttransparent.com\/fr\/wp-json\/wp\/v2\/tags?post=125396"}],"curies":[{"name":"wp","href":"https:\/\/api.w.org\/{rel}","templated":true}]}}