{"id":125343,"date":"2009-05-19T21:27:14","date_gmt":"2009-05-19T20:27:14","guid":{"rendered":"https:\/\/middleeasttransparent.com\/cinq-jours-apres-sa-sortie-de-prison-michel-kilo-est-toujours-aux-mains-de-la-police\/"},"modified":"2024-01-23T11:26:57","modified_gmt":"2024-01-23T10:26:57","slug":"cinq-jours-apres-sa-sortie-de-prison-michel-kilo-est-toujours-aux-mains-de-la-police","status":"publish","type":"post","link":"https:\/\/middleeasttransparent.com\/fr\/cinq-jours-apres-sa-sortie-de-prison-michel-kilo-est-toujours-aux-mains-de-la-police\/","title":{"rendered":"Cinq jours apr\u00e8s sa sortie de prison, Michel Kilo est toujours aux mains de la police"},"content":{"rendered":"<p>REPORTERS SANS FRONTIERES<\/p>\n<p>COMMUNIQUE DE PRESSE<\/p>\n<p>Reporters sans fronti\u00e8res exprime sa vive inqui\u00e9tude concernant le sort de Michel Kilo. Ce journaliste a \u00e9t\u00e9 lib\u00e9r\u00e9 de la prison d\u2019Adra (Damas) le jeudi 14 mai 2009 \u00e0 minuit, apr\u00e8s avoir purg\u00e9 une peine de trois ans de prison. Transf\u00e9r\u00e9 au centre des services de renseignements de la S\u00e9curit\u00e9 de l\u2019Etat \u00e0 Damas, il n\u2019est toujours pas rentr\u00e9 chez lui, apr\u00e8s cinq jours d\u2019interrogatoire. Sa famille a confi\u00e9 \u00e0 Reporters sans fronti\u00e8res son inqui\u00e9tude. Michel Kilo a en effet pass\u00e9 une \u00e9chographie \u00e0 la prison d\u2019Adra le 14 mai pour des calculs dans l\u2019ur\u00e8tre.<\/p>\n<p>\u00ab Michel Kilo doit \u00eatre lib\u00e9r\u00e9 et autoris\u00e9 \u00e0 rentrer chez lui. Il a purg\u00e9 sa peine de trois ans de prison. Cette p\u00e9riode d\u2019interrogation par la police d\u2019Etat bafoue ses droits. Par ailleurs, son \u00e9tat de sant\u00e9 est inqui\u00e9tant et n\u00e9cessite un suivi m\u00e9dical urgent \u00bb, a d\u00e9clar\u00e9 l\u2019organisation.<\/p>\n<p>L\u2019\u00e9crivain et journaliste Michel Kilo, \u00e2g\u00e9 de 68 ans, avait \u00e9t\u00e9 arr\u00eat\u00e9 le 14 mai 2006 et condamn\u00e9 \u00e0 trois ans de prison pour \u2018\u2019affaiblissement du sentiment national\u2019\u2019, apr\u00e8s avoir sign\u00e9 la D\u00e9claration Damas-Beyrouth \/ Beyrouth-Damas, qui appelait \u00e0 la normalisation des relations entre la Syrie et le Liban. Malgr\u00e9 la d\u00e9cision d\u2019\u00e9largissement d\u2019un juge d\u2019instruction, Michel Kilo a purg\u00e9 l\u2019int\u00e9gralit\u00e9 de sa peine. En octobre 2008, il s\u2019est vu d\u00e9cerner le Prix de la presse parlementaire britannique.<\/p>\n<p>Reporters sans fronti\u00e8res r\u00e9it\u00e8re par ailleurs sa demande de lev\u00e9e de l\u2019\u00e9tat d\u2019urgence, qui, depuis 46 ans, r\u00e8gle la vie politique et sociale des Syriens. La l\u00e9gislation exceptionnelle qui en d\u00e9coule supprime les libert\u00e9s publiques et individuelles. Les 30 ann\u00e9es de r\u00e8gne sans partage de Hafez el-Assad ont transform\u00e9 le pays en un \u00ab royaume du silence \u00bb. A la mort du dictateur en 2000, le \u00ab printemps de Damas \u00bb est venu rompre ce silence. Mais le r\u00e9pit ne fut que de courte dur\u00e9e : Bachar el-Assad, successeur de son p\u00e8re, a rapidement mis un terme \u00e0 cette timide ouverture. Les initiateurs de ce mouvement de lib\u00e9ralisation ont \u00e9t\u00e9 arr\u00eat\u00e9s par vagues successives apr\u00e8s la tenue d\u2019un Conseil national de la D\u00e9claration de Damas pour un changement patriotique et d\u00e9mocratique, le 1er d\u00e9cembre 2007. Douze personnalit\u00e9s syriennes, dont trois journalistes, Fayez Sara, Ali Abdallah et Akram Bounni, ont \u00e9t\u00e9 arr\u00eat\u00e9es par les services de renseignements.<\/p>\n<p>Reporters sans fronti\u00e8res rappelle que cinq journalistes sont actuellement emprisonn\u00e9s en Syrie. Le pays occupe aujourd\u2019hui la 159e place (sur 173) du classement mondial 2008 de l\u2019organisation, et le pr\u00e9sident Bachar el-Assad est l\u2019un des 40 pr\u00e9dateurs de la libert\u00e9 de la presse dans le monde.<\/p>\n","protected":false},"excerpt":{"rendered":"<p>REPORTERS SANS FRONTIERES COMMUNIQUE DE PRESSE Reporters sans fronti\u00e8res exprime sa vive inqui\u00e9tude concernant le sort de Michel Kilo. Ce journaliste a \u00e9t\u00e9 lib\u00e9r\u00e9 de la prison d\u2019Adra (Damas) le jeudi 14 mai 2009 \u00e0 minuit, apr\u00e8s avoir purg\u00e9 une peine de trois ans de prison. Transf\u00e9r\u00e9 au centre des services de renseignements de la<\/p>\n","protected":false},"author":1,"featured_media":0,"comment_status":"closed","ping_status":"closed","sticky":false,"template":"","format":"standard","meta":{"_uf_show_specific_survey":0,"_uf_disable_surveys":false,"footnotes":""},"categories":[],"tags":[],"class_list":["post-125343","post","type-post","status-publish","format-standard"],"aioseo_notices":[],"_links":{"self":[{"href":"https:\/\/middleeasttransparent.com\/fr\/wp-json\/wp\/v2\/posts\/125343","targetHints":{"allow":["GET"]}}],"collection":[{"href":"https:\/\/middleeasttransparent.com\/fr\/wp-json\/wp\/v2\/posts"}],"about":[{"href":"https:\/\/middleeasttransparent.com\/fr\/wp-json\/wp\/v2\/types\/post"}],"author":[{"embeddable":true,"href":"https:\/\/middleeasttransparent.com\/fr\/wp-json\/wp\/v2\/users\/1"}],"replies":[{"embeddable":true,"href":"https:\/\/middleeasttransparent.com\/fr\/wp-json\/wp\/v2\/comments?post=125343"}],"version-history":[{"count":0,"href":"https:\/\/middleeasttransparent.com\/fr\/wp-json\/wp\/v2\/posts\/125343\/revisions"}],"wp:attachment":[{"href":"https:\/\/middleeasttransparent.com\/fr\/wp-json\/wp\/v2\/media?parent=125343"}],"wp:term":[{"taxonomy":"category","embeddable":true,"href":"https:\/\/middleeasttransparent.com\/fr\/wp-json\/wp\/v2\/categories?post=125343"},{"taxonomy":"post_tag","embeddable":true,"href":"https:\/\/middleeasttransparent.com\/fr\/wp-json\/wp\/v2\/tags?post=125343"}],"curies":[{"name":"wp","href":"https:\/\/api.w.org\/{rel}","templated":true}]}}