{"id":124457,"date":"2009-01-12T22:43:15","date_gmt":"2009-01-12T21:43:15","guid":{"rendered":"https:\/\/middleeasttransparent.com\/je-libere-gaza-depuis-la-nuit-des-temps-qui-a-mieux\/"},"modified":"2024-01-23T02:02:40","modified_gmt":"2024-01-23T01:02:40","slug":"je-libere-gaza-depuis-la-nuit-des-temps-qui-a-mieux","status":"publish","type":"post","link":"https:\/\/middleeasttransparent.com\/fr\/je-libere-gaza-depuis-la-nuit-des-temps-qui-a-mieux\/","title":{"rendered":"Je lib\u00e8re Gaza depuis la nuit des temps ; qui a mieux ?"},"content":{"rendered":"<p>\n<strong>1. A mes homologues les adultes :<\/strong> <\/p>\n<p>&#8211; j\u2019avais us\u00e9 mes fonds de culotte sur les chaises de caf\u00e9, mais je n\u2019y rentre aujourd\u2019hui que pour un \u00ab direct \u00bb sirot\u00e9 d\u2019une fa\u00e7on express.<br \/>\n&#8211; j\u2019avais essay\u00e9 le \u00ab promosport \u00bb et autres chim\u00e8res  comme font les bourgeois non-musulmans de Tunis pour le \u00ab tierc\u00e9 \u00bb (pari sur les chevaux) ; ils s\u2019ach\u00e8tent un seul billet hebdomadaire avec le couffin de la m\u00e9nag\u00e8re.Je me suis rendu compte c\u2019est hyper-ali\u00e9nant\u2026<br \/>\n-je ne construis pas une seconde maison ; je ne brigue pas une pour les enfants ;je n\u2019ai pas chang\u00e9  ma bagnole \u2026<br \/>\n&#8211; j\u2019applaudis fort mon \u00e9quipe pr\u00e9f\u00e9r\u00e9e, et quand \u00e7a ne marche pas c\u00f4t\u00e9 r\u00e9sultat , j\u2019ai ce terrible mal de t\u00eate que seul les fous du stade connaissent. Dur\u00e9e : 15 minutes, pas plus ; mais je me r\u00e9jouis \u00e9galement de voir deux autres \u00e9quipes jouer ;mais je me r\u00e9jouis du triomphe d\u2019une \u00e9quipe adverse quand celle-ci joue contre une \u00e9quipe \u00e9trang\u00e8re. Je suis tunisien.<br \/>\n&#8211; je pr\u00e9f\u00e8re l\u2019EST, le CA, le CSS, l\u2019ESS etc. \u00e0 Manchester, le Real ou Chelsea. Pourquoi ?Le devoir de voir la beaut\u00e9 dans tout ce qui est tunisien  me rend impassible \u00e0 quelque autre beaut\u00e9 que ce soit, sauf la beaut\u00e9 de l\u2019art( du foot) en soi ; ce qui n\u2019est pas un pr\u00e9texte de consid\u00e9rer l\u2019\u00e9v\u00e9nement en entier (championnat euro etc.) d\u2019une qualit\u00e9 meilleure que pr\u00e9sente l\u2019\u00e9v\u00e9nement \u00ab made in Tunisia \u00bb<\/p>\n<p>-je n\u2019ai pas d\u2019amis adultes.<\/p>\n<p><strong>2. A mes homologues les parents :<\/strong> <\/p>\n<p>&#8211; j\u2019insinue \u00e0 mes enfants des enseignements pris au diapason du v\u00e9cu populaire.<br \/>\n&#8211; j\u2019initie mes enfants \u00e0 aller voir du c\u00f4t\u00e9 o\u00f9 je suis n\u00e9 : les murs, les senteurs et les couleurs ont beaucoup \u00e0 leur raconter.<br \/>\n&#8211; Je ne regarde jamais les salet\u00e9s t\u00e9l\u00e9vis\u00e9s du genre \u00ab dlilik mlak \u00bbni permets \u00e0 mes enfants de participer \u00e0 ces jeux d\u2019initiation \u00e0 l\u2019insatisfaction et \u00e0 la voracit\u00e9 propos\u00e9s par les grandes surfaces sous le haineux titre de \u00ab promotion \u00bb.<br \/>\n&#8211; je demande rarement \u00e0 mes enfants pourquoi ils n\u2019ont pas fait la pri\u00e8re ; c\u2019est eux qui le font \u00e0 mon \u00e9gard.<br \/>\n&#8211; je n\u2019incite pas ma prog\u00e9niture \u00e0 m\u2019accompagner \u00e0 la mosqu\u00e9e ; je suis mon propre imam, alors pourquoi ne seront-ils pas eux-m\u00eames leur propre imam , jusqu\u2019\u00e0 ce que vienne le jour o\u00f9 un imam refuse de me parler des rites du p\u00e8lerinage quand  ni moi ni les autres fid\u00e8les qui l\u2019\u00e9coutent ne vont \u00e0 la Mecque en ce moment?<\/p>\n<p><strong>3. A mes coll\u00e8gues les enseignants :<\/strong> <\/p>\n<p>&#8211; je ne dis pas \u00ab bourricot !\u00bb \u00e0 un \u00e9l\u00e8ve.<br \/>\n-je ne refuse pas de rendre un point sur le calcul de la note d\u2019une copie d\u2019\u00e9l\u00e8ve, ni pr\u00e9texter que le prof c\u2019est sacr\u00e9, donc le refus de corriger l\u2019erreur l\u2019est \u00e9galement.<br \/>\n&#8211; quand je commets une faute d\u2019orthographe etc. je la fais corriger imm\u00e9diatement ; sinon je ne dors pas la nuit.<br \/>\n&#8211; qu\u2019un \u00e9l\u00e8ve porte une casquette, un bonnet ou une \u00ab ch\u00e9chia \u00bb en classe, \u00e7a m\u2019est \u00e9gal. Pourvu que mon droit au bon d\u00e9roulement de la le\u00e7on est pr\u00e9serv\u00e9.<br \/>\n-j\u2019ai horreur d\u2019\u00e9couter un coll\u00e8gue pointer du doigt un \u00e9l\u00e8ve fumeur, alors que le m\u00eame coll\u00e8gue ne sait pas se faire respecter en classe. Je serais d\u2019ailleurs pour une lev\u00e9e de l\u2019embargo sur cette pratique(devenu banale et anodine) \u00e0 moins que le maintien de cette interdiction soit justifi\u00e9 par des raisons purement hygi\u00e9niques et civiques.<br \/>\n&#8211; je pose \u00e0 mes \u00e9l\u00e8ves des questions qui leur signifient que j\u2019ai le d\u00e9sir ainsi que le plaisir d\u2019apprendre d\u2019eux.<br \/>\n&#8211; je n\u2019exigerais  pas qu\u2019un \u00e9l\u00e8ve se garde d\u2019utiliser son t\u00e9l\u00e9phone portable en classe si, dans les m\u00eames lieux,  il s\u2019av\u00e9rait que moi-m\u00eame je me permettais ce luxe; cette arrogance des temps modernes; cette pratique d\u2019incommunication\u2026<br \/>\n&#8211; je ne fais pas de cours particuliers institutionnalis\u00e9s. <\/p>\n<p><strong>4. A mes demi-coll\u00e8gues les journalistes :<\/strong> <\/p>\n<p>&#8211; j\u2019ai des contributions didactiques dans la presse tunisienne arabe et fran\u00e7aise depuis 1983.<br \/>\n&#8211; en 1991, quand le peuple fr\u00e8re d\u2019Irak  fut humili\u00e9 par une horde sauvage de 30 pays sans scrupules aucuns, je mis fin \u00e0 l\u2019utilisation du fran\u00e7ais dans mes \u00e9crits.<br \/>\n&#8211; en 1992, j\u2019ai \u00e9crit, en arabe, un livre sur l\u2019id\u00e9e que je viens de lancer ( sur la presse virtuelle) ; le livre a \u00e9lu domicile dans les tiroirs d\u2019une grande maison d\u2019\u00e9dition de la place.<br \/>\n&#8211; quand, l\u2019\u00e9t\u00e9 dernier, j\u2019ai repris l\u2019\u00e9criture en arabe et ai voulu renouer avec  la publication dans la presse de MON pays, voici les bribes de quelques souvenirs de r\u00e9sultat : j\u2019attends encore qu\u2019on me publie un po\u00e8me qui ne traite ni de politique ni de pouvoir ni.. ; j\u2019attends encore qu\u2019un r\u00e9dacteur en chef vienne au rendez-vous qu\u2019il avait lui-m\u00eame fix\u00e9 \u00e0 11 h, un jour de d\u00e9but juillet 2008, dans la grande, \u00e9l\u00e9gante et \u00ab futuriste \u00bb b\u00e2tisse de son journal ; j\u2019attend la r\u00e9ponse d\u2019au moins cinq organes de presse du pays pour me dire au moins ceci : \u00ab vos propos sont inappropri\u00e9s ;donc nous refusons de vous publier \u00bb..<br \/>\n&#8211; dire que ces messieurs ont peur de mon id\u00e9e, ce serait trop \u00e9gocentriste de ma part.<br \/>\n&#8211; dire que ces gens ont peur du pouvoir politique, ce serait de l\u2019ingratitude vis-\u00e0-vis de la plus haute sph\u00e8re de l\u2019Etat, quand on sait que le chef de l\u2019Etat lui-m\u00eame avait mis ces gens-l\u00e0  en garde contre l\u2019autocensure.<br \/>\n&#8211; dire que ces gens ont peur d\u2019eux-m\u00eames, pour eux-m\u00eames et de leur plume, et qu\u2019ils n\u2019ont pas peur POUR leur plume, cens\u00e9e \u00eatre un outil de formation et de \u00ab formatage \u00bb, \u00e7a c\u2019est une certitude que seule Gaza me permet de d\u00e9voiler.<br \/>\n&#8211; quand on m\u2019oblige ainsi \u00e0 retourner \u00e0 la langue \u00e9trang\u00e8re pour pouvoir publier mon id\u00e9e dans la presse virtuelle, c\u2019est \u00e0 qui la faute ?<br \/>\n&#8211; quand messieurs les journalistes parlent d\u2019arabisation, force est de leur poser la question suivante : avez-vous contribu\u00e9 \u00e0 arabiser  dans les fins fonds de votre essence humaine, de vos sentiments, de votre mental\u2026vos convictions, vos id\u00e9es et vos solutions pour les probl\u00e8mes de d\u00e9veloppement ?<\/p>\n<p>La r\u00e9ponse nous vient de GAZA. Heureusement ou malheureusement ? Lib\u00e9rer Gaza est sur mes tablettes depuis belle lurette. Qui a mieux ?<\/p>\n<p>Initiateur de l\u2019Education Libertaire de l\u2019\u00c2me<\/p>\n<p>   http:\/\/islaminfrajtihad.canalblog.com<\/p>\n","protected":false},"excerpt":{"rendered":"<p>1. A mes homologues les adultes : &#8211; j\u2019avais us\u00e9 mes fonds de culotte sur les chaises de caf\u00e9, mais je n\u2019y rentre aujourd\u2019hui que pour un \u00ab direct \u00bb sirot\u00e9 d\u2019une fa\u00e7on express. &#8211; j\u2019avais essay\u00e9 le \u00ab promosport \u00bb et autres chim\u00e8res comme font les bourgeois non-musulmans de Tunis pour le \u00ab tierc\u00e9<\/p>\n","protected":false},"author":2253,"featured_media":0,"comment_status":"closed","ping_status":"closed","sticky":false,"template":"","format":"standard","meta":{"_uf_show_specific_survey":0,"_uf_disable_surveys":false,"footnotes":""},"categories":[],"tags":[],"class_list":["post-124457","post","type-post","status-publish","format-standard"],"aioseo_notices":[],"_links":{"self":[{"href":"https:\/\/middleeasttransparent.com\/fr\/wp-json\/wp\/v2\/posts\/124457","targetHints":{"allow":["GET"]}}],"collection":[{"href":"https:\/\/middleeasttransparent.com\/fr\/wp-json\/wp\/v2\/posts"}],"about":[{"href":"https:\/\/middleeasttransparent.com\/fr\/wp-json\/wp\/v2\/types\/post"}],"author":[{"embeddable":true,"href":"https:\/\/middleeasttransparent.com\/fr\/wp-json\/wp\/v2\/users\/2253"}],"replies":[{"embeddable":true,"href":"https:\/\/middleeasttransparent.com\/fr\/wp-json\/wp\/v2\/comments?post=124457"}],"version-history":[{"count":0,"href":"https:\/\/middleeasttransparent.com\/fr\/wp-json\/wp\/v2\/posts\/124457\/revisions"}],"wp:attachment":[{"href":"https:\/\/middleeasttransparent.com\/fr\/wp-json\/wp\/v2\/media?parent=124457"}],"wp:term":[{"taxonomy":"category","embeddable":true,"href":"https:\/\/middleeasttransparent.com\/fr\/wp-json\/wp\/v2\/categories?post=124457"},{"taxonomy":"post_tag","embeddable":true,"href":"https:\/\/middleeasttransparent.com\/fr\/wp-json\/wp\/v2\/tags?post=124457"}],"curies":[{"name":"wp","href":"https:\/\/api.w.org\/{rel}","templated":true}]}}