{"id":12353,"date":"2016-05-18T12:54:06","date_gmt":"2016-05-18T11:54:06","guid":{"rendered":"http:\/\/middleeasttransparent.com\/?p=12353"},"modified":"2016-05-18T12:55:09","modified_gmt":"2016-05-18T11:55:09","slug":"fifa-avec-infantino-on-retombe-dans-le-blatterisme","status":"publish","type":"post","link":"https:\/\/middleeasttransparent.com\/fr\/fifa-avec-infantino-on-retombe-dans-le-blatterisme\/","title":{"rendered":"FIFA : avec Infantino, \u00ab\u00a0on retombe dans le blatterisme\u00a0\u00bb"},"content":{"rendered":"<h3 class=\"tt2\">\u00a0Elu le 26 f\u00e9vrier \u00e0 la pr\u00e9sidence de la F\u00e9d\u00e9ration internationale de <a class=\"lien_interne rub\" title=\"Toute l\u2019actualit\u00e9 football\" href=\"http:\/\/www.lemonde.fr\/football\/\">football<\/a>\u00a0(<a class=\"lien_interne rub\" title=\"Toute l\u2019actualit\u00e9 FIFA\" href=\"http:\/\/www.lemonde.fr\/corruption-a-la-fifa\/\">FIFA<\/a>), le <a class=\"lien_interne rub\" title=\"Toute l\u2019actualit\u00e9 Suisse\" href=\"http:\/\/www.lemonde.fr\/suisse\/\">Suisse<\/a> Gianni Infantino traverse actuellement une zone de turbulences. Le 14 mai, soit au lendemain du 66<sup>e<\/sup> congr\u00e8s de l\u2019instance, \u00e0 Mexico, son compatriote Domenico Scala, dirigeant du comit\u00e9 \u00ab ind\u00e9pendant \u00bb d\u2019audit et de conformit\u00e9 de l\u2019organisation depuis 2013, a annonc\u00e9 avec fracas sa d\u00e9mission. Ex-patron du comit\u00e9 de <a class=\"lien_interne rub\" title=\"Toute l\u2019actualit\u00e9 gouvernance\" href=\"http:\/\/www.lemonde.fr\/gouvernance\/\">gouvernance<\/a> charg\u00e9 de <a class=\"lien_interne conjug\" title=\"Conjugaison du verbe r\u00e9former\" href=\"http:\/\/conjugaison.lemonde.fr\/conjugaison\/premier-groupe\/r%C3%A9former\/\" target=\"_blank\">r\u00e9former<\/a> la f\u00e9d\u00e9ration (2011-2013) et professeur \u00e0 l\u2019universit\u00e9 de B\u00e2le, le criminologue Mark Pieth r\u00e9agit \u00e0 ce d\u00e9part qu\u2019il consid\u00e8re comme une \u00e9viction.<\/h3>\n<div id=\"articleBody\" class=\"contenu_article js_article_body\">\n<p class=\"lire\">FIFA : \u00a0 <a href=\"http:\/\/www.lemonde.fr\/football\/article\/2016\/05\/14\/fifa-fin-de-l-etat-de-grace-pour-le-nouveau-president-infantino_4919811_1616938.html\">Fin de l\u2019\u00e9tat de gr\u00e2ce pour le nouveau pr\u00e9sident Infantino<\/a><\/p>\n<p><strong>Quel regard portez-<a class=\"lien_interne rub\" title=\"Toute l\u2019actualit\u00e9 vous\" href=\"http:\/\/www.lemonde.fr\/vous\/\">vous<\/a> sur la d\u00e9mission de Domenico Scala ?<\/strong><\/p>\n<p>Il y a une explication structurelle, c\u2019est-\u00e0-dire une question de principe, et aussi une raison personnelle naturellement. Tout d\u2019abord, ce qu\u2019il s\u2019est pass\u00e9 est fondamental. En 2011 et 2012, quand on a commenc\u00e9 \u00e0 r\u00e9former la FIFA, une des premi\u00e8res \u00e9tapes avait \u00e9t\u00e9 de <a class=\"lien_interne conjug\" title=\"Conjugaison du verbe dire\" href=\"http:\/\/conjugaison.lemonde.fr\/conjugaison\/troisieme-groupe\/dire\/\" target=\"_blank\">dire<\/a> \u00e0 M. Blatter (pr\u00e9sident de la FIFA de 1998 \u00e0 2015, puis radi\u00e9 pour six ans par le comit\u00e9 d\u2019\u00e9thique de l\u2019instance)\u00a0que ce n\u2019\u00e9tait pas \u00e0 lui <em>\u00ab de <a class=\"lien_interne conjug\" title=\"Conjugaison du verbe d\u00e9cider\" href=\"http:\/\/conjugaison.lemonde.fr\/conjugaison\/premier-groupe\/d%C3%A9cider\/\" target=\"_blank\">d\u00e9cider<\/a> qui m\u00e8ne une <a class=\"lien_interne rub\" title=\"Toute l\u2019actualit\u00e9 enqu\u00eate\" href=\"http:\/\/www.lemonde.fr\/enquetes\/\">enqu\u00eate<\/a>, ou qui fait le contr\u00f4le de l\u2019institution, mais [qu\u2019il fallait] des gens ind\u00e9pendants \u00bb.<\/em><\/p>\n<p>En premi\u00e8re ligne, on a introduit un auditeur en chef, M. Scala, et en plus, un enqu\u00eateur et un juge (respectivement pr\u00e9sidents des chambres d\u2019instruction et de jugement du comit\u00e9 d\u2019\u00e9thique de la FIFA), avec des suppl\u00e9ants. Le principe essentiel \u00e9tait que toutes ces fonctions soient assum\u00e9es par des gens ind\u00e9pendants, qui ne viennent pas de l\u2019institution m\u00eame, mais aussi qui ne soient pas d\u00e9pendants des gens qu\u2019ils contr\u00f4lent. A Mexico, qu\u2019a fait le congr\u00e8s ? Il a permis \u00e0 ceux qui sont soumis au contr\u00f4le d\u2019\u00e9liminer ceux qui contr\u00f4lent, pour les <a class=\"lien_interne conjug\" title=\"Conjugaison du verbe remplacer\" href=\"http:\/\/conjugaison.lemonde.fr\/conjugaison\/premier-groupe\/remplacer\/\" target=\"_blank\">remplacer<\/a> par des gens qui sont peut-\u00eatre plus mall\u00e9ables.<\/p>\n<p><strong>La d\u00e9cision du congr\u00e8s de <a class=\"lien_interne conjug\" title=\"Conjugaison du verbe d\u00e9l\u00e9guer\" href=\"http:\/\/conjugaison.lemonde.fr\/conjugaison\/premier-groupe\/d%C3%A9l%C3%A9guer\/\" target=\"_blank\">d\u00e9l\u00e9guer<\/a> jusqu\u2019en 2017, au \u00ab conseil \u00bb (gouvernement) de la FIFA pr\u00e9sid\u00e9 par Gianni Infantino, le <a class=\"lien_interne conjug\" title=\"Conjugaison du verbe pouvoir\" href=\"http:\/\/conjugaison.lemonde.fr\/conjugaison\/troisieme-groupe\/pouvoir\/\" target=\"_blank\">pouvoir<\/a> de\u00a0<a class=\"lien_interne conjug\" title=\"Conjugaison du verbe nommer\" href=\"http:\/\/conjugaison.lemonde.fr\/conjugaison\/premier-groupe\/nommer\/\" target=\"_blank\">nommer<\/a> ou <a class=\"lien_interne conjug\" title=\"Conjugaison du verbe destituer\" href=\"http:\/\/conjugaison.lemonde.fr\/conjugaison\/premier-groupe\/destituer\/\" target=\"_blank\">destituer<\/a> les membres des comit\u00e9s d\u2019audit, de conformit\u00e9 et d\u2019\u00e9thique, explique-t-elle donc en partie cette d\u00e9mission ?<\/strong><\/p>\n<p>On est face \u00e0 un tr\u00e8s grand probl\u00e8me. Pour moi, Scala a fait la seule chose logique qui valait. Estimant qu\u2019il perdait son ind\u00e9pendance, il a d\u00e9cid\u00e9 de <a class=\"lien_interne conjug\" title=\"Conjugaison du verbe partir\" href=\"http:\/\/conjugaison.lemonde.fr\/conjugaison\/troisieme-groupe\/partir\/\" target=\"_blank\">partir<\/a>, pour ne pas <a class=\"lien_interne conjug\" title=\"Conjugaison du verbe avoir\" href=\"http:\/\/conjugaison.lemonde.fr\/conjugaison\/auxiliaire\/avoir\/\" target=\"_blank\">avoir<\/a> \u00e0 se <a class=\"lien_interne conjug\" title=\"Conjugaison du verbe bagarrer\" href=\"http:\/\/conjugaison.lemonde.fr\/conjugaison\/premier-groupe\/bagarrer\/\" target=\"_blank\">bagarrer<\/a> quotidiennement avec Infantino sur ces questions. C\u2019est tr\u00e8s triste.<\/p>\n<p>Je sais qu\u2019<strong>on a essay\u00e9 d\u2019\u00e9liminer Scala la veille, en le poussant \u00e0 la d\u00e9mission<\/strong>. Il y avait de fortes menaces, on a dit <em>\u00ab\u00a0on va vous virer\u00a0\u00bb<\/em> en pleine r\u00e9union, et lui a r\u00e9pondu <em>\u00ab\u00a0allez-y, faites-le\u00a0\u00bb.<\/em> La d\u00e9mission, c\u2019\u00e9tait le plan B. Le plan A, c\u2019\u00e9tait de le <a class=\"lien_interne conjug\" title=\"Conjugaison du verbe virer\" href=\"http:\/\/conjugaison.lemonde.fr\/conjugaison\/premier-groupe\/virer\/\" target=\"_blank\">virer<\/a> carr\u00e9ment en plein congr\u00e8s.<\/p>\n<p><strong>Pourquoi ?<\/strong><\/p>\n<p>Scala \u00e9tait auditeur en chef et aussi le chef du comit\u00e9 des r\u00e9mun\u00e9rations de la FIFA. Avant m\u00eame l\u2019\u00e9lection d\u2019Infantino le 26 f\u00e9vrier, il a pris des d\u00e9cisions concernant le salaire du pr\u00e9sident de la FIFA, et de ses attributions. On a s\u00e9par\u00e9 ses deux fonctions. Aujourd\u2019hui, le secr\u00e9taire g\u00e9n\u00e9ral est responsable de l\u2019op\u00e9rationnel, du business, tandis que le pr\u00e9sident, charg\u00e9 de la surveillance g\u00e9n\u00e9rale de l\u2019institution, est la figure <a class=\"lien_interne rub\" title=\"Toute l\u2019actualit\u00e9 politique\" href=\"http:\/\/www.lemonde.fr\/politique\/\">politique<\/a>. Son salaire annuel est de deux millions de francs suisses (1,8 million d\u2019euros). Et le bonus est r\u00e9serv\u00e9 au secr\u00e9taire g\u00e9n\u00e9ral (qui est mieux r\u00e9mun\u00e9r\u00e9 que le pr\u00e9sident). Cette d\u00e9cision a \u00e9t\u00e9 pour Infantino tellement inacceptable qu\u2019il voulait se <a class=\"lien_interne conjug\" title=\"Conjugaison du verbe lib\u00e9rer\" href=\"http:\/\/conjugaison.lemonde.fr\/conjugaison\/premier-groupe\/lib%C3%A9rer\/\" target=\"_blank\">lib\u00e9rer<\/a> de Scala afin d\u2019avoir quelqu\u2019un qui est plut\u00f4t son ami.<strong> C\u2019est du blatterisme tel qu\u2019on le connaissait avant, avec des fonctions et une structure totalement remplies par des amis.<\/strong><\/p>\n<p><strong>Infantino a donc trouv\u00e9 inacceptable cette r\u00e9mun\u00e9ration de 2 millions de francs suisses.<\/strong><\/p>\n<p><strong>C\u2019est pire que \u00e7a. Il \u00e9tait pr\u00eat \u00e0 <a class=\"lien_interne conjug\" title=\"Conjugaison du verbe casser\" href=\"http:\/\/conjugaison.lemonde.fr\/conjugaison\/premier-groupe\/casser\/\" target=\"_blank\">casser<\/a> carr\u00e9ment les r\u00e9formes, ou la pi\u00e8ce centrale des r\u00e9formes, les corps ind\u00e9pendants, pour son profit personnel.<\/strong> Il \u00e9tait pr\u00eat \u00e0 <a class=\"lien_interne conjug\" title=\"Conjugaison du verbe revenir\" href=\"http:\/\/conjugaison.lemonde.fr\/conjugaison\/troisieme-groupe\/revenir\/\" target=\"_blank\">revenir<\/a> aux ann\u00e9es d\u2019avant 2012, sous Blatter, quand on a commenc\u00e9 les r\u00e9formes. Parce que si vous \u00e9liminez les fonctions ind\u00e9pendantes, tout le reste est cosm\u00e9tique. C\u2019est parce qu\u2019Infantino n\u2019acceptait pas les deux millions. C\u2019est comme s\u2019il disait\u00a0: <strong><em>\u00ab\u00a0vous ne me donnez pas ce que Blatter gagnait [3,6 millions de francs suisses, soit 3,25 millions d\u2019euros en 2015], alors je vais casser la r\u00e9forme\u00a0\u00bb.<\/em><\/strong><\/p>\n<p><strong>D\u2019apr\u00e8s vous, Gianni Infantino est-il un r\u00e9formateur ?<\/strong><\/p>\n<p><strong>J\u2019ai toujours eu des doutes<\/strong>. En 2013, lui et Platini (pr\u00e9sident de l\u2019UEFA de 2007 \u00e0 2016, suspendu pour quatre ans) s\u2019\u00e9taient oppos\u00e9s au principe de test d\u2019int\u00e9grit\u00e9 (r\u00e9alis\u00e9 au niveau de la FIFA). Infantino a ensuite \u00e9t\u00e9 confront\u00e9 \u00e0 \u00e7a pendant sa campagne pour la pr\u00e9sidence de la FIFA. Il a dit<em> \u00ab les temps ont chang\u00e9 \u00bb,<\/em> mais ce qu\u2019on voit maintenant ne s\u2019apparente pas vraiment \u00e0 une d\u00e9marche nouvelle.<\/p>\n<p><strong>Moi, l\u2019architecte de la r\u00e9forme, je constate qu\u2019on ne peut plus <a class=\"lien_interne conjug\" title=\"Conjugaison du verbe prendre\" href=\"http:\/\/conjugaison.lemonde.fr\/conjugaison\/troisieme-groupe\/prendre\/\" target=\"_blank\">prendre<\/a> la FIFA au s\u00e9rieux<\/strong>. C\u2019est triste car tout <a class=\"lien_interne rub\" title=\"Toute l\u2019actualit\u00e9 le monde\" href=\"http:\/\/www.lemonde.fr\/le-monde\/\">le monde<\/a> a esp\u00e9r\u00e9, avec un nouveau pr\u00e9sident, qu\u2019on allait se lib\u00e9rer de tout ce pass\u00e9. Or, on retombe carr\u00e9ment dans le blatterisme et d\u2019une mani\u00e8re moins souple et plus ouverte qu\u2019avec Blatter. Il y a m\u00eame, en Suisse, des journaux qui titrent <em>\u00ab\u00a0<strong>Dictateur Infantino<\/strong>\u00a0\u00bb. <\/em>Les gens commencent \u00e0 se <a class=\"lien_interne conjug\" title=\"Conjugaison du verbe f\u00e2cher\" href=\"http:\/\/conjugaison.lemonde.fr\/conjugaison\/premier-groupe\/f%C3%A2cher\/\" target=\"_blank\">f\u00e2cher<\/a>. <a href=\"http:\/\/www.telegraph.co.uk\/football\/2016\/05\/16\/gianni-infantinos-first-crisis-as-fifa-president-intensifies-as\/\">Le Prince Ali, l\u2019ex-concurrent d\u2019Infantino, a donn\u00e9 une interview tr\u00e8s forte dans le <em>Daily Telegraph<\/em><\/a>. Il parle de \u00ab<em> trahison<\/em> \u00bb. Ceux qui connaissent les <a class=\"lien_interne rub\" title=\"Toute l\u2019actualit\u00e9 id\u00e9es\" href=\"http:\/\/www.lemonde.fr\/idees\/\">id\u00e9es<\/a> et le concept de la r\u00e9forme voient tr\u00e8s clairement ce qu\u2019il se passe.<\/p>\n<p><strong>La d\u00e9cision prise par le congr\u00e8s repr\u00e9sente-t-elle une menace pour les membres du comit\u00e9 d\u2019\u00e9thique de la FIFA ?<\/strong><\/p>\n<p>Peut-\u00eatre qu\u2019ils vont <a class=\"lien_interne conjug\" title=\"Conjugaison du verbe rester\" href=\"http:\/\/conjugaison.lemonde.fr\/conjugaison\/premier-groupe\/rester\/\" target=\"_blank\">rester<\/a> maintenant. Parce que ce serait tr\u00e8s difficile pour Infantino de les virer. Voyons ce qu\u2019il se passerait si le comit\u00e9 d\u2019\u00e9thique s\u2019occupait d\u2019Angel Villar (premier vice-pr\u00e9sident de l\u2019UEFA, qui a \u00e9cop\u00e9 d\u2019une amende de 25\u00a0000\u00a0francs suisses et d\u2019un avertissement en novembre 2015). Il y a un tr\u00e8s grand risque concernant ce groupe tr\u00e8s intime s\u2019il fait l\u2019objet d\u2019une enqu\u00eate. <strong>Et si on en trouvait encore plus dans les <a href=\"http:\/\/www.lemonde.fr\/football\/article\/2016\/04\/03\/la-fifa-cede-aux-charmes-de-l-offshore_4894858_1616938.html\">Panama papers<\/a> sur Infantino\u2026<\/strong><\/p>\n<p class=\"lire\">Lire aussi : \u00a0 <a href=\"http:\/\/www.lemonde.fr\/panama-papers\/article\/2016\/04\/05\/panama-papers-le-contrat-douteux-signe-par-gianni-infantino-le-nouveau-patron-de-la-fifa_4896503_4890278.html\">\u00ab\u00a0Panama papers\u00a0\u00bb : le contrat douteux sign\u00e9 par Gianni Infantino, le nouveau patron de la FIFA<\/a><\/p>\n<p><strong>Le 13 mai, la <a href=\"http:\/\/www.lemonde.fr\/sport\/article\/2016\/05\/13\/la-senegalaise-fatma-samoura-designee-comme-nouvelle-secretaire-generale-de-la-fifa_4919382_3242.html\">nomination de la S\u00e9n\u00e9galaise Fatma Samoura <\/a>au poste de secr\u00e9taire g\u00e9n\u00e9rale repr\u00e9sentait pourtant un bon signal pour la FIFA.<\/strong><\/p>\n<p>Sur le principe, c\u2019est une bonne id\u00e9e d\u2019avoir une femme, africaine, comme secr\u00e9taire g\u00e9n\u00e9rale. C\u2019est un signal. Mais elle a \u00e9t\u00e9 pr\u00e9sent\u00e9e \u00e0 la derni\u00e8re minute. Et e<strong>lle n\u2019a pas \u00e9t\u00e9 soumise au test d\u2019\u00e9thique obligatoire. Infantino est all\u00e9 contre les r\u00e8gles pour <a class=\"lien_interne conjug\" title=\"Conjugaison du verbe r\u00e9ussir\" href=\"http:\/\/conjugaison.lemonde.fr\/conjugaison\/deuxieme-groupe\/r%C3%A9ussir\/\" target=\"_blank\">r\u00e9ussir<\/a> son petit coup. Ce n\u2019est pas une bonne d\u00e9marche.<\/strong><\/p>\n<aside class=\"fenetre\">\n<h3 class=\"titre\">R\u00e9actions de la FIFA<\/h3>\n<div>\n<p>Interrog\u00e9e par <em>Le Monde <\/em>sur la <em>\u00ab\u00a0<em>situation salariale<\/em>\u00a0\u00bb<\/em> de son pr\u00e9sident Gianni Infantino, la FIFA <em>\u00ab\u00a0est \u00e9berlu\u00e9e d\u2019apprendre que M. Pieth aurait des informations concernant les r\u00e9mun\u00e9rations des salari\u00e9s, car celles-ci sont priv\u00e9es et confidentielles\u00a0\u00bb. <\/em>De leur c\u00f4t\u00e9, Cornel Borbely et <a href=\"http:\/\/www.lemonde.fr\/football\/article\/2015\/12\/17\/fifa-qui-est-hans-joachim-eckert-le-juge-de-blatter-et-platini_4834027_1616938.html\">Hans-Joachim Eckert,<\/a>\u00a0respectivement pr\u00e9sidents des chambres d\u2019instruction et de jugement du comit\u00e9 d\u2019\u00e9thique de la FIFA, \u00ab\u00a0<em>ont pris note de la d\u00e9mission de Domenico Scala\u00a0\u00bb<\/em>. Ils estiment que <em>\u00ab\u00a0la d\u00e9cision du congr\u00e8s [\u2026] n\u2019a pas d\u2019impact sur le contenu de leur travail\u00a0\u00bb.<\/em><em>\u00ab\u00a0Les deux chambres continueront \u00e0 exercer leur travail avec une totale ind\u00e9pendance\u00a0\u00bb,<\/em> d\u00e9clarent-ils dans un communiqu\u00e9.<\/p>\n<\/div>\n<\/aside>\n<div class=\"btn_lecture_zen btn_offre_decouverte_zen\"><a href=\"http:\/\/www.lemonde.fr\/football\/article\/2016\/05\/18\/fifa-avec-infantino-on-retombe-dans-le-blatterisme_4921338_1616938.html\">\u00a0LE MONDE<\/a><\/div>\n<\/div>\n","protected":false},"excerpt":{"rendered":"<p>\u00a0Elu le 26 f\u00e9vrier \u00e0 la pr\u00e9sidence de la F\u00e9d\u00e9ration internationale de football\u00a0(FIFA), le Suisse Gianni Infantino traverse actuellement une zone de turbulences. Le 14 mai, soit au lendemain du 66e congr\u00e8s de l\u2019instance, \u00e0 Mexico, son compatriote Domenico Scala, dirigeant du comit\u00e9 \u00ab ind\u00e9pendant \u00bb d\u2019audit et de conformit\u00e9 de l\u2019organisation depuis 2013, a<\/p>\n","protected":false},"author":296,"featured_media":12356,"comment_status":"open","ping_status":"open","sticky":false,"template":"","format":"standard","meta":{"_uf_show_specific_survey":0,"_uf_disable_surveys":false,"footnotes":""},"categories":[361],"tags":[],"class_list":{"0":"post-12353","1":"post","2":"type-post","3":"status-publish","4":"format-standard","5":"has-post-thumbnail","7":"category-sport-international"},"aioseo_notices":[],"_links":{"self":[{"href":"https:\/\/middleeasttransparent.com\/fr\/wp-json\/wp\/v2\/posts\/12353","targetHints":{"allow":["GET"]}}],"collection":[{"href":"https:\/\/middleeasttransparent.com\/fr\/wp-json\/wp\/v2\/posts"}],"about":[{"href":"https:\/\/middleeasttransparent.com\/fr\/wp-json\/wp\/v2\/types\/post"}],"author":[{"embeddable":true,"href":"https:\/\/middleeasttransparent.com\/fr\/wp-json\/wp\/v2\/users\/296"}],"replies":[{"embeddable":true,"href":"https:\/\/middleeasttransparent.com\/fr\/wp-json\/wp\/v2\/comments?post=12353"}],"version-history":[{"count":0,"href":"https:\/\/middleeasttransparent.com\/fr\/wp-json\/wp\/v2\/posts\/12353\/revisions"}],"wp:featuredmedia":[{"embeddable":true,"href":"https:\/\/middleeasttransparent.com\/fr\/wp-json\/wp\/v2\/media\/12356"}],"wp:attachment":[{"href":"https:\/\/middleeasttransparent.com\/fr\/wp-json\/wp\/v2\/media?parent=12353"}],"wp:term":[{"taxonomy":"category","embeddable":true,"href":"https:\/\/middleeasttransparent.com\/fr\/wp-json\/wp\/v2\/categories?post=12353"},{"taxonomy":"post_tag","embeddable":true,"href":"https:\/\/middleeasttransparent.com\/fr\/wp-json\/wp\/v2\/tags?post=12353"}],"curies":[{"name":"wp","href":"https:\/\/api.w.org\/{rel}","templated":true}]}}