{"id":123265,"date":"2008-05-20T08:53:49","date_gmt":"2008-05-20T07:53:49","guid":{"rendered":"https:\/\/middleeasttransparent.com\/il-faudra-que-le-liban-voit-reconnue-son-independance-et-sa-liberte\/"},"modified":"2024-01-23T01:54:08","modified_gmt":"2024-01-23T00:54:08","slug":"il-faudra-que-le-liban-voit-reconnue-son-independance-et-sa-liberte","status":"publish","type":"post","link":"https:\/\/middleeasttransparent.com\/fr\/il-faudra-que-le-liban-voit-reconnue-son-independance-et-sa-liberte\/","title":{"rendered":"Il faudra que le Liban voit reconnue son ind\u00e9pendance et sa libert\u00e9"},"content":{"rendered":"<p>Comme vous, je suis pr\u00e9occup\u00e9e par la situation du Liban, et par l\u2019abattement avec lequel la communaut\u00e9 internationale, semblant impuissante, r\u00e9agit ou, pour le dire plus brutalement, ne r\u00e9agit gu\u00e8re. <\/p>\n<p>Comme vous, je suis indign\u00e9e du coup de force tent\u00e9 une fois encore par ceux qui persistent \u00e0 pr\u00e9f\u00e9rer pour leur pays et leur peuple, et pour la r\u00e9gion enti\u00e8re, la perp\u00e9tuation de la violence.<\/p>\n<p>Je partage depuis de longues ann\u00e9es, vous le savez, les combats des d\u00e9mocrates du Liban. J\u2019ai eu l\u2019occasion, en \u00e9coutant diff\u00e9rents acteurs du mouvement d\u00e9mocratique libanais, de comprendre mieux la situation de ce pays. De mesurer combien, pour la stabilit\u00e9, la paix et le changement d\u00e9mocratique dans la r\u00e9gion, ce qui se passe et ce qui se vit au Liban est essentiel. <\/p>\n<p>Il y a deux ans, j\u2019ai organis\u00e9 au S\u00e9nat un colloque avec le Mouvement de la gauche d\u00e9mocratique libanaise, le Courant du futur et l\u2019association Rassemblement pour la d\u00e9mocratie au Liban. J\u2019ai vu \u00e0 cette occasion combien et comment la soci\u00e9t\u00e9 libanaise, \u00e0 partir de son histoire particuli\u00e8re, \u00e0 partir de ses propres traditions et de ses propres ressources, pouvait inventer des formes nouvelles \u2013 et probablement in\u00e9dites dans la r\u00e9gion \u2013 de cohabitation entre la la\u00efcit\u00e9 et les h\u00e9ritages confessionnels. C\u2019est cette recherche d\u2019institutions adapt\u00e9es au contexte libanais, con\u00e7ues dans le respect de l\u2019identit\u00e9 de toutes les composantes de la soci\u00e9t\u00e9 libanaise, qui permettra de d\u00e9samorcer les germes de tous les conflits communautaires.<\/p>\n<p>Je sais que, pour assurer cette ambition, il faudra que cesse la violence et que le Liban voit reconnue son ind\u00e9pendance et sa libert\u00e9. <\/p>\n<p>La solution ne pourra \u00eatre qu\u2019une solution politique. <\/p>\n<p>Ayons le courage d\u2019affirmer, aussi bien face \u00e0 ceux qui, soutenus par de puissants voisins, cr\u00e9ent le trouble dans le pays, qu\u2019\u00e0 ceux qui, dans la communaut\u00e9 internationale, refusent d\u2019entamer le dialogue avec tel ou tel des bellig\u00e9rants il n\u2019y aura de solution durable \u00e0 ce qui se noue au Liban ni par la violence, d\u2019o\u00f9 qu\u2019elle vienne, ni par l\u2019exclusion des uns ou des autres de la table des discussions.<\/p>\n<p>Il n\u2019y aura pas de solution sans d\u00e9nonciation de la violence, d\u2019une part, mais pas non plus, , d\u2019autre part, sans ouverture d\u2019un dialogue \u2013 et ce sera difficile \u2013 avec celles et ceux qui ont arm\u00e9, hier ou aujourd\u2019hui, la violence. <\/p>\n<p>Ne nous voilons pas la face: le Liban ne trouvera pas de r\u00e9elle stabilit\u00e9 tant que la coexistence des \u00c9tats palestinien et isra\u00e9lien ne sera pas r\u00e9gl\u00e9e, et qu\u2019une v\u00e9ritable pacification des relations avec la Syrie permettra \u00e0 celle-ci de renoncer \u00e0 ses int\u00e9r\u00eats d\u2019un \u00c9tat faible au Liban. Et cette paix r\u00e9gionale ne se fera que quand la communaut\u00e9 internationale, dont la France, acceptera d\u2019en payer le prix, notamment celui de ses propres int\u00e9r\u00eats dans la r\u00e9gion. <\/p>\n<p>Cependant le Liban a \u00e9videmment son propre r\u00f4le \u00e0 jouer, et aujourd\u2019hui plus que jamais, il peut \u00eatre le moteur par l\u2019exemple d\u2019un processus de paix et de d\u00e9mocratie dans la r\u00e9gion.<\/p>\n<p>Nous le savons tous et toutes, le chemin vers cette solution sera long. <\/p>\n<p>Il sera sem\u00e9 d\u2019emb\u00fbches et d\u2019incendies, allum\u00e9s par celles et ceux qui veulent enfoncer le pays dans le pire. <\/p>\n<p>Il sera fait de d\u00e9ceptions, de doutes et de larmes, et tous n\u2019en verront pas, ne pourront pas probablement en voir la fin.<\/p>\n<p>Mais c\u2019est ce chemin qui vaut que, chaque jour, le Liban r\u00e9siste. Et c\u2019est parce que nous pensons, chaque jour, et plus vivement encore ces derniers jours, aux visages du Liban, \u00e0 celles et ceux que l\u00e0-bas nous aimons, c\u2019est parce que nous \u00e9prouvons en nous-m\u00eames la fragilit\u00e9 de leurs vies mais aussi la force de leur d\u00e9sir d\u2019une vie normale, simplement normale ; d\u2019une vie simple, faite de paix, de s\u00e9curit\u00e9 et de droit \u00e0 construire, librement, sa propre vie ;<\/p>\n<p>C\u2019est parce que nous savons tout cela que nous poursuivrons sur ce chemin, chacun \u00e0 notre place. <\/p>\n<p>Et c\u2019est pour ces raisons que vous avez non seulement tout mon soutien et toute ma solidarit\u00e9 mais aussi, et tr\u00e8s sinc\u00e8rement, ma plus vive admiration.<\/p>\n","protected":false},"excerpt":{"rendered":"<p>Comme vous, je suis pr\u00e9occup\u00e9e par la situation du Liban, et par l\u2019abattement avec lequel la communaut\u00e9 internationale, semblant impuissante, r\u00e9agit ou, pour le dire plus brutalement, ne r\u00e9agit gu\u00e8re. Comme vous, je suis indign\u00e9e du coup de force tent\u00e9 une fois encore par ceux qui persistent \u00e0 pr\u00e9f\u00e9rer pour leur pays et leur peuple,<\/p>\n","protected":false},"author":1,"featured_media":0,"comment_status":"closed","ping_status":"closed","sticky":false,"template":"","format":"standard","meta":{"_uf_show_specific_survey":0,"_uf_disable_surveys":false,"footnotes":""},"categories":[],"tags":[],"class_list":["post-123265","post","type-post","status-publish","format-standard"],"aioseo_notices":[],"_links":{"self":[{"href":"https:\/\/middleeasttransparent.com\/fr\/wp-json\/wp\/v2\/posts\/123265","targetHints":{"allow":["GET"]}}],"collection":[{"href":"https:\/\/middleeasttransparent.com\/fr\/wp-json\/wp\/v2\/posts"}],"about":[{"href":"https:\/\/middleeasttransparent.com\/fr\/wp-json\/wp\/v2\/types\/post"}],"author":[{"embeddable":true,"href":"https:\/\/middleeasttransparent.com\/fr\/wp-json\/wp\/v2\/users\/1"}],"replies":[{"embeddable":true,"href":"https:\/\/middleeasttransparent.com\/fr\/wp-json\/wp\/v2\/comments?post=123265"}],"version-history":[{"count":0,"href":"https:\/\/middleeasttransparent.com\/fr\/wp-json\/wp\/v2\/posts\/123265\/revisions"}],"wp:attachment":[{"href":"https:\/\/middleeasttransparent.com\/fr\/wp-json\/wp\/v2\/media?parent=123265"}],"wp:term":[{"taxonomy":"category","embeddable":true,"href":"https:\/\/middleeasttransparent.com\/fr\/wp-json\/wp\/v2\/categories?post=123265"},{"taxonomy":"post_tag","embeddable":true,"href":"https:\/\/middleeasttransparent.com\/fr\/wp-json\/wp\/v2\/tags?post=123265"}],"curies":[{"name":"wp","href":"https:\/\/api.w.org\/{rel}","templated":true}]}}