{"id":123057,"date":"2008-04-11T06:51:03","date_gmt":"2008-04-11T05:51:03","guid":{"rendered":"https:\/\/middleeasttransparent.com\/joseph-joffo-cetait-soit-ecrire-soit-aller-chez-le-psy\/"},"modified":"2024-01-23T01:53:39","modified_gmt":"2024-01-23T00:53:39","slug":"joseph-joffo-cetait-soit-ecrire-soit-aller-chez-le-psy","status":"publish","type":"post","link":"https:\/\/middleeasttransparent.com\/fr\/joseph-joffo-cetait-soit-ecrire-soit-aller-chez-le-psy\/","title":{"rendered":"Joseph Joffo: \u00ab\u00a0C&rsquo;\u00e9tait soit \u00e9crire, soit aller chez le psy&#8230;!\u00a0\u00bb"},"content":{"rendered":"<p><em>\u00ab C\u2019est l\u2019histoire d\u2019un monsieur qui dit \u00e0 un autre :<br \/>\n\u00ab Pour que les hommes puissent vivre tranquilles, c\u2019est extr\u00eamement simple, il faut tuer tous les Juifs et tous les cordonniers. \u00bb<br \/>\nL\u2019autre Monsieur le regarde d\u2019un air \u00e9tonn\u00e9 et au bout d\u2019un moment de r\u00e9flexion, demande :<br \/>\n\u00ab Mais pourquoi les cordonniers ? \u00bb<br \/>\nPapa se tut.<br \/>\nIl y eu un silence un peu surpris, maman seule se mit \u00e0 rire.<br \/>\nJe demandai:<br \/>\n\u00ab Mais pourquoi aussi les Juifs? \u00bb<br \/>\nPapa eu un sourire un peu amer et avant de replonger dans son journal me dit :<br \/>\n\u00ab C\u2019est justement la question qui n\u2019est pas venue \u00e0 l\u2019esprit de ce monsieur et c\u2019est la raison pour laquelle cette histoire est dr\u00f4le. \u00bb <\/p>\n<p>Joseph Joffo commence sa carri\u00e8re d\u2019\u00e9crivain avec le livre \u00ab un sac de billes \u00bb. Dans celui-ci il racontera de quelle mani\u00e8re lui et son fr\u00e8re, \u00e2g\u00e9s respectivement de 10 et 12 ans,  sont partis seuls \u00e0 travers la France durant la 2nde guerre mondiale. Il racontera leur aventure avec toute la candeur d\u2019un jeune enfant qui se rend compte au fur et \u00e0 mesure de l\u2019horreur de cette guerre. Dans ce livre, on ne d\u00e9couvre pas seulement le manque d\u2019humanit\u00e9 des SS mais aussi l\u2019aide incroyable offerte  par certaines personnes qui ont crois\u00e9 leur chemin\u2026<\/p>\n<p>Mais Joseph Joffo \u00e9crira beaucoup d\u2019autres livres  qui auront tous, ou du moins beaucoup d\u2019entre eux, un grand succ\u00e8s. <\/p>\n<p>Assis dans son salon, autour d\u2019un caf\u00e9, Joseph Joffo nous permettra d\u2019entrer dans son monde \u00e0 travers \u00ab Un sac de billes \u00bb mais aussi \u00e0 travers ses autres ouvrages et ses id\u00e9aux\u2026<\/p>\n<p>Afin que le lecteur puisse bien suivre cette conversation, nous tenons \u00e0 pr\u00e9ciser certains d\u00e9tails concernant des faits mentionn\u00e9s par M. Joffo.<\/p>\n<p>En 1939, les juifs allemands \u00e9taient tr\u00e8s largement pers\u00e9cut\u00e9s. Quelques mois auparavant, en novembre 1938 s&rsquo;\u00e9tait d\u00e9roul\u00e9 un pogrom dans toute l&rsquo;Allemagne, la nuit de cristal. De nombreux juifs \u00e9taient en camp de concentration. Dans le m\u00eame temps, les lois sur l&rsquo;immigration avaient accentu\u00e9 la difficult\u00e9 que les juifs allemands \u00e9prouvaient pour quitter l&rsquo;Allemagne. Dans ce contexte, le paquebot  Saint Louis constituait pour beaucoup le dernier espoir pour quitter l&rsquo;Allemagne. La plupart de ceux qui embarqu\u00e8rent \u00e9taient fortun\u00e9s car il avait fallu payer pour obtenir les visas et \u00eatre autoris\u00e9 \u00e0 quitter l&rsquo;Allemagne. Ils laissaient, contraints par les nazis, tous leurs biens derri\u00e8re eux. Un certain nombre de passagers avait r\u00e9ussi \u00e0 sortir des camps de concentration, tels que Dachau, dans lesquels ils \u00e9taient intern\u00e9s \u00e0 la condition expresse qu&rsquo;ils quittent l&rsquo;Allemagne afin d&rsquo;\u00e9migrer avec le Saint Louis. Beaucoup de passagers laissaient derri\u00e8re eux certains membres de leur famille car le co\u00fbt du billet \u00e9tait prohibitif pour des juifs qui avaient souvent perdus leur travail et tous leurs biens. Un certain nombre d&rsquo;entre eux avaient aussi de la famille qui avait \u00e9migr\u00e9 auparavant. Pour les nazis, ce voyage servait essentiellement \u00e0 des fins de propagande. Leur objectif \u00e9tait de montrer que les juifs allemands \u00e9taient libres d&rsquo;\u00e9migrer s&rsquo;ils le d\u00e9siraient\u2026<br \/>\n<\/em><\/p>\n<p><img248|center><\/p>\n<p><strong> <em>Quand on vous entend parler \u00e0 travers vos diverses interview, peut \u00eatre \u00e0 travers \u00ab\u00a0un sac de billes\u00a0\u00bb on a l&rsquo;impression que vous n&rsquo;avez aucune col\u00e8re apr\u00e8s tout ce qui a pu vous arriver on a l&rsquo;impression que le petit gar\u00e7on qui n&rsquo;arrivait pas \u00e0 comprendre au tout d\u00e9but de la guerre a toujours la m\u00eame mentalit\u00e9&#8230;<\/em> <\/strong><\/p>\n<p>Tout d&rsquo;abord la col\u00e8re est mauvaise conseill\u00e8re. De plus, il faudrait que je sois en col\u00e8re, oui mais contre qui? Contre toute l&rsquo;humanit\u00e9?&#8230;<\/p>\n<p>En effet, ce n&rsquo;est pas seulement de la faute des nazis. En 1938, \u00e0 Munich, on pouvait encore stopper les nazis. Cependant on ne l&rsquo;a pas fait. La plupart des hommes politiques de Munich n&rsquo;\u00e9taient pas conscient de ce qui \u00e9tait en train de se tramer. Ils n&rsquo;\u00e9taient pas conscients du danger que repr\u00e9sentait Hitler. Le seul qui l\u2019\u00e9tait \u00e9tait peut \u00eatre Winston Churchill&#8230;<\/p>\n<p>Lorsque Daladier arrive en France, au lendemain des accords de Munich, il est accueilli \u00e0 son retour au Bourget par une foule en d\u00e9lire. <\/p>\n<p>Lorsqu&rsquo;il s&rsquo;est vu acclam\u00e9 de cette mani\u00e8re, Daladier dira \u00ab\u00a0oh les cons!\u00a0\u00bb.<\/p>\n<p><strong> <em>(Il sourit\u2026)<\/em> <\/strong><\/p>\n<p> En effet, lui aussi se doutait que ce n&rsquo;\u00e9tait pas fini et que les accords de Munich auraient de lourdes cons\u00e9quences.<br \/>\nC&rsquo;est donc aussi de la de la faute des Fran\u00e7ais et des Anglais qui, en signant ces accords le 30 septembre 1938, ont permis \u00e0 un homme comme Adolph Hitler de continuer d&rsquo;agir ainsi impun\u00e9ment.<\/p>\n<p>Mais pas seulement de leur faute. En effet, on se souviendra de l&rsquo;histoire du paquebot le St Louis. Celui-ci, qui devait appareiller \u00e0 Cuba et de cette mani\u00e8re permettre aux juifs allemands de pouvoir vivre librement, se verra refouler dans nombre de pays. Encore une fois ce n&rsquo;est donc pas seulement de la faute des nazis, mais aussi de celle du monde entier qui n&rsquo;a rien fait au moment o\u00f9 il le fallait&#8230; <\/p>\n<p>Ce qui nous am\u00e8ne parfois \u00e0 douter de l&rsquo;humanit\u00e9&#8230;<\/p>\n<p><em> <strong>Je trouve que vous avez r\u00e9ussi un pari incroyable raconter une p\u00e9riode de votre vie en la revivant, en la pensant de la m\u00eame mani\u00e8re qu\u2019\u00e0 10 ans, on le sait les gens changent, \u00e9voluent&#8230; Etait-il difficile de revenir sur cette p\u00e9riode de votre vie?<\/strong> <\/em><\/p>\n<p>A l&rsquo;origine, mon but n&rsquo;\u00e9tait pas de devenir \u00e9crivain. J&rsquo;avais surtout envie d&rsquo;\u00e9crire ce livre pour mes enfants. En effet, ils m&rsquo;ont souvent demand\u00e9 pour quelle raison ils n&rsquo;avaient pas de grand p\u00e8re. Mon p\u00e8re est mort \u00e0 Auschwitz. C&rsquo;est une chose qui n&rsquo;est pas facile \u00e0 expliquer \u00e0 des enfants. J&rsquo;ai voulu leur laisser un t\u00e9moignage, leur laisser une trace de ce que j&rsquo;avais v\u00e9cu pour qu&rsquo;il puisse comprendre ce qui m&rsquo;\u00e9tait arriv\u00e9 et ce qui \u00e9tait arriv\u00e9 \u00e0 leur grand p\u00e8re. <\/p>\n<p><strong> <em>(Il fait une pause\u2026)<\/em> <\/strong><\/p>\n<p>Mais je ne voulais pas les attrister. Je ne dirais pas non plus que j&rsquo;ai voulu faire passer cette histoire sur un ton l\u00e9ger. Mais je dirais que malgr\u00e9 tout la vie \u00e9tait belle. J\u2019\u00e9tais tout de m\u00eame ce gamin de Paris en plein Montmartre d&rsquo;avant Guerre. Le Montmartre d&rsquo;avant Guerre avait quelque chose de magique. Y vivaient des juifs r\u00e9fugi\u00e9s de plusieurs pays de l&rsquo;Est de l&rsquo;Europe. Ils avaient donc des cultures diff\u00e9rentes.<\/p>\n<p>Mais une seule chose les r\u00e9unissaient savez vous laquelle?<\/p>\n<p><strong> <em>Le yiddish peut-\u00eatre?<\/em> <\/strong><\/p>\n<p>(<em> <strong>Il sourit\u2026<\/strong> <\/em>) Exactement! Ces r\u00e9fugi\u00e9s parlaient tous le yiddish. Je les entendais tous les soirs refaire le monde en yiddish avec mon p\u00e8re. C&rsquo;est d&rsquo;ailleurs de cette mani\u00e8re l\u00e0 que j&rsquo;ai appris cette langue. <\/p>\n<p>Ainsi lorsque des juifs allemands sont arriv\u00e9s \u00e0 Paris et nous ont racont\u00e9 ce qui s&rsquo;est pass\u00e9. Personne n&rsquo;arrivait \u00e0 le croire, c&rsquo;\u00e9tait tellement incroyable, inimaginable, improbable.<\/p>\n<p><strong> <em>(Il r\u00e9fl\u00e9chit\u2026)<\/em> <\/strong><\/p>\n<p>Laissez-moi-vous raconter une histoire qui m&rsquo;est arriv\u00e9 peu apr\u00e8s l&rsquo;\u00e9criture d'\u00a0\u00bbun sac de billes\u00a0\u00bb.<\/p>\n<p>Un jour, je re\u00e7ois une demande par le biais de mon \u00e9diteur. C&rsquo;\u00e9tait un groupe de quinze adolescents Allemands qui avaient lu le livre et qui voulaient me rencontrer. Ma r\u00e9ponse a \u00e9t\u00e9 positive. Ces Allemands venaient de G\u00f6ttingen. Apr\u00e8s notre rencontre, ils m&rsquo;ont demand\u00e9 de venir dans leur ville afin de leur expliquer la Shoah. Evidemment je leur ai dis qu&rsquo;ils n&rsquo;avaient qu&rsquo;\u00e0 demander \u00e0 leurs parents. Ils m&rsquo;ont dit qu&rsquo;ils l&rsquo;avaient fait et que ces derniers leurs avaient r\u00e9pondu \u00ab\u00a0tu ne pourrais pas comprendre\u00a0\u00bb. <\/p>\n<p>En effet comment expliquer quelque chose d&rsquo;aussi incompr\u00e9hensible. Beaucoup d&rsquo;\u00e9crivains qui ont v\u00e9cu cette p\u00e9riode ont du mal \u00e0 vivre avec cette m\u00e9moire. Ils se torturent encore aujourd&rsquo;hui car ils n&rsquo;arrivent toujours pas \u00e0 comprendre&#8230;<\/p>\n<p>Pour en revenir aux raisons pour lesquelles j&rsquo;ai d&rsquo;abord refus\u00e9, c&rsquo;est aussi car je n&rsquo;avais aucune envie d&rsquo;aller en Allemagne, j&rsquo;avais tout fait pour ne pas y aller pendant la 2nde Guerre mondiale je n&rsquo;allais pas y aller maintenant&#8230;<br \/>\nPuis j&rsquo;ai rencontr\u00e9 leur professeur. Celui ci m&rsquo;a dit que son p\u00e8re avait \u00e9t\u00e9 condamn\u00e9 \u00e0 Nuremberg pour crime contre l&rsquo;humanit\u00e9. Ensuite, il m&rsquo;a dit une phrase que je n&rsquo;oublierai pas. Il m&rsquo;a dit que c&rsquo;\u00e9tait plus difficile d&rsquo;\u00eatre fils de bourreau que d&rsquo;\u00eatre fils de victime. Ce qui d&rsquo;ailleurs est vrai. <\/p>\n<p>Finalement il a r\u00e9ussi \u00e0 me convaincre et me voil\u00e0 parti pour l&rsquo;Allemagne. Arriv\u00e9 la bas, je suis accueilli comme une star, on m&rsquo;ovationne. Je fais ma conf\u00e9rence, explique tout ce que je peux expliquer en me servant de mon v\u00e9cu. A la fin, un homme s&rsquo;avance vers moi et me tend sa carte de visite. Son nom \u00e9tait Arthur Levy. Sous son nom \u00e9tait \u00e9crit qu&rsquo;il \u00e9tait maire de la ville de G\u00f6ttingen. <\/p>\n<p>Moi, \u00e9tonn\u00e9, je lui dis mais vous \u00eates juifs&#8230;? Comment est ce possible? Il me r\u00e9pond de venir le voir \u00e0 la Mairie le lendemain pour qu&rsquo;il me raconte son histoire.<br \/>\nCe que j&rsquo;ai fait. <\/p>\n<p>Il me faut d&rsquo;abord expliquer mon \u00e9tonnement. En effet, il faut savoir que la ville de G\u00f6ttingen a vot\u00e9 \u00e0 60% pour Hitler en 1933. Et c&rsquo;est cette m\u00eame ville qui en 1947, a  \u00e9lu un maire juif qui restera \u00e0 ce poste durant 30 ans&#8230;.! <\/p>\n<p><strong> <em>(Il sourit\u2026)<\/em> <\/strong><\/p>\n<p>Et c&rsquo;est d&rsquo;ailleurs de cette mani\u00e8re que j&rsquo;ai eu l&rsquo;id\u00e9e d&rsquo;\u00e9crire mon livre \u00ab je reviendrai \u00e0 G\u00f6ttingen \u00bb. Dans cet ouvrage j&rsquo;ai racont\u00e9 la vie de cet homme. Son histoire m&rsquo;a tellement touch\u00e9e que j&rsquo;ai voulu en parler. Cet homme qui est n\u00e9 dans cette m\u00eame ville, migrera en Angleterre dans sa jeunesse, en 1933, car son p\u00e8re avait senti qu&rsquo;il n&rsquo;y avait plus de place pour les juifs en Allemagne. Il deviendra avocat puis s&rsquo;engagera dans l&rsquo;arm\u00e9e durant la 2nde Guerre mondiale afin de combattre les nazis. Il va, entre autres, lib\u00e9rer sa ville. Puis les Alli\u00e9s lui confieront la mission d&rsquo;apprendre la d\u00e9mocratie aux Allemands.<br \/>\n<strong><br \/>\n(Il fait une pause\u2026)<\/strong><\/p>\n<p>Chose loin d&rsquo;\u00eatre acquise.<\/p>\n<p>Il va cr\u00e9er les premiers tribunaux de d\u00e9nazification. Mais un probl\u00e8me s&rsquo;est alors pos\u00e9. Les magistrats de ces tribunaux sont les m\u00eames qui ont pr\u00eat\u00e9 serment \u00e0 Hitler auparavant&#8230;<br \/>\nIl va donc cr\u00e9er des centres de r\u00e9flexion. Et c&rsquo;est ainsi que lors des premi\u00e8res \u00e9lections libres, les citoyens de la ville viendront le chercher pour qu&rsquo;il se pr\u00e9sente et l&rsquo;\u00e9liront.<br \/>\nEt oui, tout passe par les m\u00e9dias.<br \/>\nC&rsquo;est en formant la jeunesse \u00e0 la d\u00e9mocratie qu&rsquo;on la met en place.<br \/>\nHitler l&rsquo;avait d&rsquo;ailleurs compris. Pensez aux jeunesses hitl\u00e9riennes&#8230;.<\/p>\n<p><strong> <em>Ce livre a vraiment eu un succ\u00e8s incroyable, \u00ab tout le monde \u00bb l\u2019a lu, ou presque\u2026Vous attendiez vous a un tel succ\u00e8s ? Avez-vous esp\u00e9rer \u00eatre publi\u00e9 d\u00e8s le d\u00e9but de votre ouvrage ?<\/em> <\/strong><\/p>\n<p>C&rsquo;\u00e9tait soit \u00e9crire, soit aller chez le psy..! <\/p>\n<p><strong> <em>(Il sourit\u2026)<\/em> <\/strong><\/p>\n<p>J&rsquo;avais beaucoup trop d&rsquo;images \u00e0 exorciser. Le fait d&rsquo;\u00e9crire m&rsquo;a d\u00e9foul\u00e9 et m&rsquo;a permis de sortir ces images de ma t\u00eate. Je ne les ai bien sur pas oubli\u00e9es mais \u00e7a m&rsquo;a permis d&rsquo;avancer.<\/p>\n<p><strong> <em>On dit dans votre biographie que c\u2019est lors d\u2019une chute de ski que vous avez d\u00e9couvert votre don pour l\u2019\u00e9criture ? Est-ce vrai ? N\u2019y aviez vous jamais song\u00e9 auparavant ?<\/em> <\/strong><\/p>\n<p>Je n&rsquo;avais jamais imagin\u00e9 une carri\u00e8re d&rsquo;\u00e9crivain. Vous savez, j&rsquo;avais un salon de coiffure qui marchait tr\u00e8s bien avant d&rsquo;\u00e9crire et j\u2019en \u00e9tais tr\u00e8s heureux. <\/p>\n<p>D\u2019ailleurs mon 2nd livre a aussi \u00e9t\u00e9 le fruit d\u2019un certain hasard. Nous \u00e9tions en vacances avec ma femme, mes enfants et ma m\u00e8re&#8230; J\u2019emmenais toujours ma m\u00e8re en vacances\u2026 <\/p>\n<p><strong> <em>(Il sourit\u2026)<\/em> <\/strong><\/p>\n<p>Elle racontait l\u2019histoire de son enfance \u00e0 mon fils pour la \u00e9ni\u00e8me fois. Mon fils adorait cette histoire, comme moi je l\u2019adorais lorsque j\u2019\u00e9tais petit gar\u00e7on\u2026 <\/p>\n<p>Et puis mon fils m\u2019a dit, \u00ab tu sais papa tu devrais \u00e9crire un livre sur la vie de m\u00e9m\u00e8re \u00bb. Je me suis dit pourquoi pas apr\u00e8s tout. J\u2019avais tellement entendu cette histoire que je la connaissais par c\u0153ur dans les moindres d\u00e9tails. C\u2019est ainsi qu\u2019est sorti \u00ab Anna et son orchestre \u00bb qui a d\u2019ailleurs re\u00e7u le 1er grand prix RTL, ce qui n\u2019est pas rien\u2026<\/p>\n<p><strong> <em>Je profite de ma question pr\u00e9c\u00e9dente pour en arriver \u00e0 quelque chose de plus sp\u00e9cifique : Comment sait on que l\u2019on est un \u00e9crivain ? Avez-vous des conseils \u00e0 donner \u00e0 de jeunes \u00e9crivains qui h\u00e9sitent \u00e0 se lancer ?<\/em> <\/strong><\/p>\n<p>Si j\u2019ai un conseil, c\u2019est bien celui la : remettre votre ouvrage cent fois sur le m\u00e9tier\u2026 !<\/p>\n<p><strong> <em>(Un silence\u2026)<\/em> <\/strong><\/p>\n<p>Souvent des jeunes me demandent des conseils. <\/p>\n<p>Personnellement je n\u2019en ai  jamais eu besoin. Pourtant je connaissais quelques \u00e9crivains de mon salon de coiffure. Mais c\u2019est vrai qu\u2019il est bien d\u2019avoir quelqu\u2019un sur qui on peut compter. <\/p>\n<p>Je n\u2019h\u00e9site pas \u00e0 lire les manuscrits que l\u2019on m\u2019envoie et \u00e0 proposer des changements lorsqu\u2019il en faut.<\/p>\n<p><strong> <em>(Un silence\u2026)<\/em> <\/strong><\/p>\n<p>Certains livres peuvent d\u2019ailleurs faire de bons films. Mais vous savez le drame du cin\u00e9ma, c\u2019est qu\u2019ils vous prennent une bonne histoire et en font parfois un mauvais film.<br \/>\n<strong> <em><br \/>\n(Il prend un ton plus s\u00e9v\u00e8re\u2026)<\/em> <\/strong><\/p>\n<p>Et c\u2019est souvent le cas lorsqu\u2019un sc\u00e9nariste ob\u00e9it aux injonctions des producteurs. <\/p>\n<p>Le but de l\u2019auteur est de montrer de v\u00e9ritables images.<\/p>\n<p>Les paroles sont la suite logique de la pens\u00e9e, l\u2019\u00e9criture en est la synth\u00e8se et les images la r\u00e9compense\u2026 A condition d\u2019avoir la chance de tomber sur de vrais producteurs qui respectent le v\u00e9cu des auteurs qu\u2019ils tentent de porter \u00e0 l\u2019\u00e9cran\u2026<\/p>\n<p><strong> <em><br \/>\nParlez-vous pour le film qui a \u00e9t\u00e9 r\u00e9alis\u00e9 \u00e0 partir d\u2019 \u00ab un sac de billes \u00bb ?<\/em> <\/strong><\/p>\n<p>Non, je parle pour le nouveau film qui est en pr\u00e9paration. J\u2019ai vendu mes droits pour la trilogie d\u2019 \u00ab un sac de billes \u00bb. Mais je n\u2019ai pas du tout aim\u00e9 les sc\u00e9narios qu\u2019ils ont \u00e9crits. Je suis d\u2019ailleurs en attente pour r\u00e9cup\u00e9rer mes droits\u2026. J\u2019esp\u00e8re que cela sera possible.<br \/>\nVous comprenez ces trois livres sont autobiographiques, je ne peux pas me permettre de les laisser changer mon histoire comme bon leur semble. Ce serait une trahison face \u00e0 mes lecteurs.<\/p>\n<p><strong> <em>J\u2019ai entendu il y a quelques temps des jeunes qui devaient avoir environ une vingtaine d\u2019ann\u00e9e pr\u00f4ner l\u2019antis\u00e9mitisme, sans aucune honte\u2026Ma premi\u00e8re r\u00e9action a \u00e9t\u00e9 de vouloir leur r\u00e9pondre par la violence, je ne suis pas juive et j\u2019avais tout de m\u00eame l\u2019impression qu\u2019ils m\u2019attaquaient personnellement du fait qu\u2019ils s\u2019attaquaient \u00e0 des valeurs qui me sont ch\u00e8res et qui sont, heureusement, ch\u00e8res \u00e0 beaucoup d\u2019autres personnes, finalement je ne l\u2019ai pas fait\u2026Mais je me demande encore aujourd\u2019hui ce que j\u2019aurais du faire, ce que j\u2019aurais pu faire\u2026 Vous avez un jour cit\u00e9 un dicton qui disait \u00ab le silence est le plus grand de tous les m\u00e9pris. \u00bb  Est-ce donc par le silence qu\u2019il faut r\u00e9agir ?<\/em> <\/strong><\/p>\n<p>Vous savez si on demande \u00e0 ces gens pourquoi ils pensent de cette mani\u00e8re, ils ne sauraient pas vous r\u00e9pondre. Ce sont des cons. Et h\u00e9las les cons c\u2019est la majorit\u00e9. <\/p>\n<p><strong> <em>(Il sourit)<\/em> <\/strong><\/p>\n<p><em> <strong>(Il fait une pause)<\/strong> <\/em><\/p>\n<p>Vous savez l\u2019antis\u00e9mitisme nazis a \u00e9t\u00e9 commenc\u00e9 par une bande de cons. <\/p>\n<p>Et dans ceux qui n\u2019\u00e9taient pas antis\u00e9mites, il y en avait qui \u00e9taient carri\u00e9ristes et qui savaient que sans approuver directement, acceptaient le nazisme si cela pouvait faire avancer leur carri\u00e8re. Ils \u00e9taient donc complices d\u2019une mani\u00e8re ou d\u2019une autre.<\/p>\n<p>Toutes les formes d\u2019int\u00e9grisme sont la pire des choses car ils conduisent aux pires exc\u00e8s.<\/p>\n<p><strong> <em>Et vous,  comment vous sentez vous par rapport \u00e0 la religion ?<\/em> <\/strong><\/p>\n<p>Je suis plus un juif de tradition. Je ne suis pas un pieu.<br \/>\nJe ne vais pas automatiquement \u00e0 la synagogue et je ne fais pas automatiquement shabbat.<\/p>\n<p>Je suis la philosophie de Spinoza.<\/p>\n<p>Ma religion c\u2019est de bien me conduire dans la vie.<\/p>\n<p><strong> <em>J\u2019ai des amis juifs qui n\u2019osent pas montrer leur \u00e9toile de peur de se faire agresser. Pourtant ce sont des personnes des nouvelles g\u00e9n\u00e9rations qui, elles n\u2019ont pas v\u00e9cu la seconde guerre mondiale. Que pensez  de ce ph\u00e9nom\u00e8ne ?<\/em> <\/strong><\/p>\n<p>Pour moi c\u2019est anormal d\u2019avoir peur de se faire agresser. Si tout le monde a peur on est alors \u00e0 la merci des int\u00e9gristes.<\/p>\n<p>Si ces jeunes font cela, c\u2019est peut \u00eatre parce que leurs parents leur disent de faire attention. Un parent a toujours peur pour son enfant. <\/p>\n<p>Mais je ne pense pas que la France soit un pays antis\u00e9mite. Mais bon qui sait ? Tristan Bernard qui a \u00e9t\u00e9 d\u00e9port\u00e9 \u00e0 Drancy a dit \u00ab Les optimistes que nous sommes sont \u00e0 Drancy, et les pessimistes sont \u00e0 Rio \u00bb<br \/>\n<strong> <em><br \/>\n(Il sourit\u2026)<\/em> <\/strong><\/p>\n<p><strong> <em>Maintenant, les sujets qui f\u00e2chent\u2026..<\/em> <\/strong><\/p>\n<p><strong> <em>Vous lancez un avertissement  dans votre interview au salon du livre : \u00ab ayons peur de ces hommes politiques d\u2019aujourd\u2019hui qui nous emm\u00e8nent l\u00e0 o\u00f9 on ne doit pas aller \u00bb, comment vous placez vous politiquement aujourd\u2019hui ? Comment se placent aujourd\u2019hui les personnes qui ont \u00e9t\u00e9 t\u00e9moins de ce massacre ? Peut-on encore croire \u00e0 la politique apr\u00e8s cela ?<\/em> <\/strong><\/p>\n<p>Bien sur qu\u2019il faut croire \u00e0 la politique !<br \/>\nMais faire le meilleur n\u2019est pas chose facile\u2026<br \/>\n<strong> <em><br \/>\n(Il fait une pause\u2026)<\/em> <\/strong><\/p>\n<p>Une fois, mon \u00e9diteur italien m\u2019a dit : \u00ab tu sais, l\u2019Italie c\u2019est le plus beau pays du monde, mais\u2026il y a les Italiens \u00bb. <\/p>\n<p><strong> <em>(Il sourit\u2026)<\/em> <\/strong><\/p>\n<p>Et bien, moi je dirais que la France est un pays qu\u2019il faut aimer, sinon il faut choisir un autre camp\u2026<\/p>\n<p>Quand j\u2019\u00e9tais jeune, ma m\u00e8re m\u2019emmenait \u00e0 la mairie du 18\u00e8me, et elle me montrait ce qu\u2019il y avait \u00e9crit, ces trois mots magiques : libert\u00e9, \u00e9galit\u00e9, fraternit\u00e9.<br \/>\nMa m\u00e8re a travers\u00e9 toute l\u2019Europe et elle n\u2019a trouv\u00e9 ces trois mots qu\u2019en France.<\/p>\n<p>On me demande parfois si je suis sioniste. Si je l\u2019\u00e9tais, je serais en Isra\u00ebl aujourd\u2019hui\u2026<\/p>\n<p>C\u2019est une faute d\u2019\u00eatre sioniste \u00e0 Paris. Quelqu\u2019un a d\u00e9finit le sioniste en disant que c\u2019\u00e9tait un juif riche, donnait un fusil \u00e0 un juif pauvre et lui disait d\u2019aller se battre en Palestine. Je ne suis pas d\u2019accord avec cette d\u00e9finition, les sionistes sont en Isra\u00ebl.<\/p>\n<p>Quant \u00e0 moi, sans l\u2019\u00eatre, je prie pour qu\u2019Isra\u00ebl existe le plus longtemps possible. <\/p>\n<p>Isra\u00ebl est le garant de ma libert\u00e9 en Europe et dans le monde.<\/p>\n<p>Quand il n\u2019y aura plus d\u2019Etat isra\u00e9lien, ce sera fichu pour les juifs. Si en 1940, cet Etat existait, il n\u2019y aurait pas eu la Shoah&#8230;<\/p>\n<p>Isra\u00ebl est le garant de la libert\u00e9 et de la s\u00e9curit\u00e9 de tous les juifs du monde.<\/p>\n<p>Mon livre \u00ab le partage \u00bb est d\u2019ailleurs relatif \u00e0 ce sujet\u2026<\/p>\n<p><strong> <em><br \/>\nLa naissance de l\u2019Etat d\u2019Isra\u00ebl a donc \u00e9t\u00e9 un soulagement pour vous ?<\/em> <\/strong><\/p>\n<p>A cette \u00e9poque j\u2019avais environ 17 ou 18 ans\u2026<br \/>\nJ\u2019ai trouv\u00e9 cela formidable que les juifs aient enfin un pays \u00e0 eux.<\/p>\n<p>Et oui, le St Louis avait enfin une base\u2026<br \/>\nQuand \u00e0 moi je suis d\u2019abord Fran\u00e7ais et j\u2019ai donc pr\u00e9f\u00e9r\u00e9 rester en France, c\u2019est ma base \u00e0 moi\u2026<\/p>\n<p>Mais attention, j\u2019aimerais que les Palestiniens aient aussi un pays. Quoiqu\u2019il arrive, nous sommes condamn\u00e9s \u00e0 faire la paix. Isra\u00ebl est un pays neuf, il faut leur laisser une chance. La paix se fera avec les Palestiniens, je suis confiant sur ce point. La paix est une chose normale.<br \/>\nEt je peux aussi vous dire que le jour o\u00f9 la paix se fera entre la Palestine et Isra\u00ebl, ils deviendront la plus grande force du Moyen Orient.<\/p>\n<p>J\u2019ai m\u00eame une solution pour la bande de Gaza.<br \/>\n<em> <strong><br \/>\n(Il sourit\u2026)<\/strong> <\/em><\/p>\n<p>Je ferais un Las Vegas pour que tous les princes d\u2019Arabie viennent y flamber leur argent. Ils ne penseraient plus \u00e0 faire la guerre. Je suis d\u2019ailleurs pr\u00eat \u00e0 mettre 3,50 F dans le projet !<\/p>\n<p>Quand les peuples sont heureux, il n\u2019y a pas de guerre. Tout passe par l\u2019\u00e9conomie\u2026<\/p>\n<p>J\u2019aimerais finir par une petite histoire, \u00e0 chacun d\u2019en tirer l\u2019enseignement qu\u2019il veut\u2026<\/p>\n<p>Un matin, des gens sont venus dans mon immeuble et ils ont arr\u00eat\u00e9s deux communistes.<br \/>\nJe n\u2019ai rien fait, je n\u2019\u00e9tais pas communiste\u2026<br \/>\nQuinze jours plus tard, ils ont arr\u00eat\u00e9s deux socialistes.<br \/>\nJe n\u2019ai rien fait, je n\u2019\u00e9tais pas socialiste\u2026<br \/>\nQuinze jours plus tard, c\u2019\u00e9tait deux d\u00e9mocrates.<br \/>\nJe n\u2019ai rien fait, je n\u2019\u00e9tais pas d\u00e9mocrate\u2026<br \/>\nQuinze jours plus tard, deux musulmans.<br \/>\nJe n\u2019ai rien fait, je n\u2019\u00e9tais pas musulman\u2026<br \/>\nQuinze jours plus tard, deux juifs.<br \/>\nJe n\u2019ai rien fait, je n\u2019\u00e9tais pas juif\u2026<br \/>\nQuinze jours plus tard, deux chr\u00e9tiens.<br \/>\nJe n\u2019ai rien fait, je n\u2019\u00e9tais pas chr\u00e9tien\u2026<\/p>\n<p>Et puis, un jour\u2026 ils sont venus m\u2019arr\u00eat\u00e9 moi et ma famille. Evidemment j\u2019ai cri\u00e9, j\u2019ai hurl\u00e9, j\u2019ai demand\u00e9 au secours. Je n\u2019arrivais \u00e0 comprendre pourquoi personne ne m\u2019aidait.<\/p>\n<p>Et puis,  je me suis retourn\u00e9, j\u2019ai regard\u00e9 autour de moi pour me rendre compte qu\u2019il n\u2019y avait plus personne\u2026<\/p>\n<p><strong> <em>Sarah AKEL<\/p>\n<p>Le 7 Avril 2008<\/p>\n<p>sarah.akel@yahoo.fr<br \/>\n<\/em> <\/strong><\/p>\n","protected":false},"excerpt":{"rendered":"<p>\u00ab C\u2019est l\u2019histoire d\u2019un monsieur qui dit \u00e0 un autre : \u00ab Pour que les hommes puissent vivre tranquilles, c\u2019est extr\u00eamement simple, il faut tuer tous les Juifs et tous les cordonniers. \u00bb L\u2019autre Monsieur le regarde d\u2019un air \u00e9tonn\u00e9 et au bout d\u2019un moment de r\u00e9flexion, demande : \u00ab Mais pourquoi les cordonniers ?<\/p>\n","protected":false},"author":1,"featured_media":0,"comment_status":"closed","ping_status":"closed","sticky":false,"template":"","format":"standard","meta":{"_uf_show_specific_survey":0,"_uf_disable_surveys":false,"footnotes":""},"categories":[],"tags":[],"class_list":["post-123057","post","type-post","status-publish","format-standard"],"aioseo_notices":[],"_links":{"self":[{"href":"https:\/\/middleeasttransparent.com\/fr\/wp-json\/wp\/v2\/posts\/123057","targetHints":{"allow":["GET"]}}],"collection":[{"href":"https:\/\/middleeasttransparent.com\/fr\/wp-json\/wp\/v2\/posts"}],"about":[{"href":"https:\/\/middleeasttransparent.com\/fr\/wp-json\/wp\/v2\/types\/post"}],"author":[{"embeddable":true,"href":"https:\/\/middleeasttransparent.com\/fr\/wp-json\/wp\/v2\/users\/1"}],"replies":[{"embeddable":true,"href":"https:\/\/middleeasttransparent.com\/fr\/wp-json\/wp\/v2\/comments?post=123057"}],"version-history":[{"count":0,"href":"https:\/\/middleeasttransparent.com\/fr\/wp-json\/wp\/v2\/posts\/123057\/revisions"}],"wp:attachment":[{"href":"https:\/\/middleeasttransparent.com\/fr\/wp-json\/wp\/v2\/media?parent=123057"}],"wp:term":[{"taxonomy":"category","embeddable":true,"href":"https:\/\/middleeasttransparent.com\/fr\/wp-json\/wp\/v2\/categories?post=123057"},{"taxonomy":"post_tag","embeddable":true,"href":"https:\/\/middleeasttransparent.com\/fr\/wp-json\/wp\/v2\/tags?post=123057"}],"curies":[{"name":"wp","href":"https:\/\/api.w.org\/{rel}","templated":true}]}}