{"id":1226,"date":"2015-05-31T14:49:47","date_gmt":"2015-05-31T13:49:47","guid":{"rendered":"http:\/\/vflw.io\/1\/?p=1226"},"modified":"2015-06-25T16:47:17","modified_gmt":"2015-06-25T15:47:17","slug":"al-qaida-en-syrie-veut-apparaitre-plus-presentable","status":"publish","type":"post","link":"https:\/\/middleeasttransparent.com\/fr\/al-qaida-en-syrie-veut-apparaitre-plus-presentable\/","title":{"rendered":"Al-Qa\u00efda en Syrie veut appara\u00eetre plus \u00ab pr\u00e9sentable \u00bb"},"content":{"rendered":"<p><i>Un combattant du Front Al-Nosra, branche d\u2019Al-Qa\u00efda en Syrie, monte la garde dans un b\u00e2timent d\u00e9truit de Yarmuk en Syrie, le 22 septembre 2014 (Photo Rami al-Sayed. AFP)<\/i><\/p>\n<p>Le chef de la branche syrienne d\u2019Al-Qa\u00efda cherche \u00e0 donner \u00e0 l\u2019Occident une image plus \u00ab\u00a0pr\u00e9sentable\u00a0\u00bb, estiment les analystes, qui doutent toutefois qu\u2019il y r\u00e9ussisse sans rupture avec un mouvement aussi sulfureux.<\/p>\n<p>Le chef d\u2019Al-Nosra, Abou Mohammad al-Jolani, a d\u00e9taill\u00e9 cette strat\u00e9gie dans un rare entretien diffus\u00e9 mercredi soir par la cha\u00eene al-Jazeera, propri\u00e9t\u00e9 du Qatar, fid\u00e8le alli\u00e9 de la r\u00e9bellion syrienne.<\/p>\n<p>Il y assure qu\u2019il n\u2019utilisera pas la Syrie pour s\u2019attaquer \u00e0 l\u2019Occident et qu\u2019il entend d\u00e9fendre les minorit\u00e9s sur le territoire qu\u2019Al-Nosra contr\u00f4le.<\/p>\n<p>Ces propos \u00ab\u00a0s\u2019inscrivent dans un processus de normalisation qu\u2019Al-Qa\u00efda en Syrie m\u00e8ne depuis un certains temps\u00a0\u00bb, note Charlie Winter, un expert du jihadisme \u00e0 la Fondation Quilliam bas\u00e9e \u00e0 Londres.<\/p>\n<p>\u00ab\u00a0Il veut se rendre plus pr\u00e9sentable aupr\u00e8s de l\u2019Occident (&#8230;) Une sorte de publi-info pour pr\u00e9senter le Front Al-Nosra comme des mod\u00e9r\u00e9s\u00a0\u00bb, dit-il.<\/p>\n<p>Al-Nosra est plac\u00e9 depuis 2012, comme son rival plus extr\u00e9miste du groupe Etat islamique (EI), sur la liste noire des organisations terroristes \u00e9tablie par les \u00c9tats-Unis.<\/p>\n<p>Il s\u2019est r\u00e9v\u00e9l\u00e9 depuis plusieurs mois comme l\u2019un des groupes arm\u00e9s les plus puissants dans le nord-ouest de la Syrie apr\u00e8s une s\u00e9rie de victoires dans la province d\u2019Idleb, dont la prise de la capitale provinciale et d\u2019un important camp militaire.<\/p>\n<p>Le groupe veut parall\u00e8lement se faire passer comme une force politique l\u00e9gitime en Syrie, expliquent les analystes.<\/p>\n<p>Il \u00ab\u00a0cherche \u00e0 changer l\u2019opinion occidentale pour appara\u00eetre comme un acteur politique de l\u2019opposition syrienne\u00a0\u00bb, assure Lina Khatib, directrice du Carnegie Middle East Centre. \u00ab\u00a0C\u2019est l\u2019une des principales raisons pour laquelle Jolani envoie un message rassurant\u00a0\u00bb.<\/p>\n<p><strong> \u2019Pragmatisme\u2019 <\/strong><\/p>\n<p>Le visage cach\u00e9 par un ch\u00e2le noir, Jolani a toutefois accus\u00e9 les \u00c9tats-Unis de coordonner avec le r\u00e9gime syrien les raids qu\u2019ils m\u00e8nent contre le territoires contr\u00f4l\u00e9 par les jihadistes.<\/p>\n<p>Mais il a insist\u00e9 sur le fait qu\u2019Al-Nosra avait re\u00e7u l\u2019ordre de concentrer sa strat\u00e9gie sur la chute de Bachar al-Assad et non sur des actions contre l\u2019Occident.<\/p>\n<p>Toujours dans le m\u00eame registre, Jolani a cherch\u00e9 \u00e0 calmer les appr\u00e9hensions des pays occidentaux sur d\u2019\u00e9ventuelles attaques d\u2019Al-Nosra contre des minorit\u00e9s religieuses, dont les chr\u00e9tiens ou les alaouites, un groupe auquel appartient le pr\u00e9sident syrien Bachar al-Assad.<\/p>\n<p>Il tient ainsi \u00e0 se d\u00e9marquer de l\u2019EI qui s\u2019est illustr\u00e9 par une violence extr\u00eame, dont des d\u00e9capitations en public, qui suscite la terreur parmi les minorit\u00e9s communautaires.<\/p>\n<p>Pour Lina Khatib, les messages de Jolani sont \u00ab\u00a0un exemple de pragmatisme\u00a0\u00bb qui d\u00e9montrent qu\u2019Al-Nosra \u00ab\u00a0a des ambitions politiques\u00a0\u00bb et ne veut pas seulement \u00eatre consid\u00e9r\u00e9 \u00ab\u00a0comme une organisation extr\u00e9miste islamiste\u00a0\u00bb.<\/p>\n<p>Ce tournant a \u00e9t\u00e9 initi\u00e9, selon les experts, par l\u2019Arabie Saoudite, la Turquie et le Qatar en \u00e9change d\u2019un appui plus fort aux groupes d\u2019opposition syriens.<\/p>\n<p>Le Qatar, en particulier, \u00ab\u00a0a une influence relativement mod\u00e9ratrice sur Al-Nosra et cela \u00e9tait particuli\u00e8rement clair dans l\u2019interview\u00a0\u00bb, explique Thomas Pierret, expert de l\u2019islam en Syrie \u00e0 l\u2019universit\u00e9 d\u2019Edimbourg.<\/p>\n<p>Num\u00e9ro d\u2019\u00e9quilibriste<\/p>\n<p>Jolani a \u00e9t\u00e9 contraint \u00e0 un num\u00e9ro d\u2019\u00e9quilibriste pour \u00ab\u00a0essayer de dire au monde qu\u2019il n\u2019est pas extr\u00e9miste comme l\u2019EI et, dans le m\u00eame temps, apaiser la communaut\u00e9 jihadiste\u00a0\u00bb, souligne Charlie Winter.<\/p>\n<p>Les experts ne voient cependant pas l\u2019Occident modifier son approche \u00e0 l\u2019\u00e9gard d\u2019Al-Nosra.<\/p>\n<p>\u00ab\u00a0Jolani a effectivement \u2019rassur\u00e9\u2019 l\u2019Occident et les minorit\u00e9s, mais il n\u2019a fait aucun compromis sur la doctrine en termes de liens entre Al-Nosra et Al-Qa\u00efda\u00a0\u00bb, remarque Thomas Pierret.<\/p>\n<p>Avec le drapeau noir du mouvement \u00ab\u00a0Al-Qa\u00efda au Levant\u00a0\u00bb plac\u00e9 bien en \u00e9vidence sur la table durant l\u2019entretien, Jolani a ainsi voulu faire taire les rumeurs sur une \u00e9ventuelle rupture entre son groupe et le centre de commandement d\u2019Al-Qa\u00efda.<\/p>\n<p>\u00ab\u00a0Je ne pense pas que Jolani imagine pouvoir changer l\u2019opinion du pr\u00e9sident am\u00e9ricain, ou penser que les chr\u00e9tiens ou les alouites arrivent \u00e0 le consid\u00e9rer comme un bon gars\u2019, pr\u00e9cise Aron Lund, r\u00e9dacteur en chef du site Syria in Crisis.<\/p>\n<p>En d\u00e9pit d\u2019une apparente ouverture aux minorit\u00e9s, il a d\u2019ailleurs conditionn\u00e9 leur protection \u00ab\u00a0\u00e0 son interpr\u00e9tation salafistes du l\u2019Islam sunnite. Il ne renie pas son id\u00e9ologie\u00a0\u00bb, assure-t-il.<\/p>\n<p>Pour Charlie Winter, \u00ab\u00a0il y a une tendance \u00e0 oublier que Jolani vient de l\u2019Etat islamique d\u2019Irak, l\u2019anc\u00eatre de l\u2019EI\u00a0\u00bb.<\/p>\n<p>Et, selon cet expert, le positionnement actuel d\u2019Al-Nosra doit \u00eatre consid\u00e9r\u00e9 comme \u00ab\u00a0une phase temporaire\u00a0\u00bb dans le d\u00e9bat plus vaste \u00ab\u00a0sur la mani\u00e8re de mettre en oeuvre le jihad\u00a0\u00bb.<\/p>\n<p>AFP<\/p>\n","protected":false},"excerpt":{"rendered":"<p>Un combattant du Front Al-Nosra, branche d\u2019Al-Qa\u00efda en Syrie, monte la garde dans un b\u00e2timent d\u00e9truit de Yarmuk en Syrie, le 22 septembre 2014 (Photo Rami al-Sayed. AFP) Le chef de la branche syrienne d\u2019Al-Qa\u00efda cherche \u00e0 donner \u00e0 l\u2019Occident une image plus \u00ab\u00a0pr\u00e9sentable\u00a0\u00bb, estiment les analystes, qui doutent toutefois qu\u2019il y r\u00e9ussisse sans rupture<\/p>\n","protected":false},"author":97,"featured_media":1228,"comment_status":"open","ping_status":"open","sticky":false,"template":"","format":"standard","meta":{"_uf_show_specific_survey":0,"_uf_disable_surveys":false,"footnotes":""},"categories":[22],"tags":[],"class_list":{"0":"post-1226","1":"post","2":"type-post","3":"status-publish","4":"format-standard","5":"has-post-thumbnail","7":"category-actualites-fr"},"aioseo_notices":[],"_links":{"self":[{"href":"https:\/\/middleeasttransparent.com\/fr\/wp-json\/wp\/v2\/posts\/1226","targetHints":{"allow":["GET"]}}],"collection":[{"href":"https:\/\/middleeasttransparent.com\/fr\/wp-json\/wp\/v2\/posts"}],"about":[{"href":"https:\/\/middleeasttransparent.com\/fr\/wp-json\/wp\/v2\/types\/post"}],"author":[{"embeddable":true,"href":"https:\/\/middleeasttransparent.com\/fr\/wp-json\/wp\/v2\/users\/97"}],"replies":[{"embeddable":true,"href":"https:\/\/middleeasttransparent.com\/fr\/wp-json\/wp\/v2\/comments?post=1226"}],"version-history":[{"count":0,"href":"https:\/\/middleeasttransparent.com\/fr\/wp-json\/wp\/v2\/posts\/1226\/revisions"}],"wp:featuredmedia":[{"embeddable":true,"href":"https:\/\/middleeasttransparent.com\/fr\/wp-json\/wp\/v2\/media\/1228"}],"wp:attachment":[{"href":"https:\/\/middleeasttransparent.com\/fr\/wp-json\/wp\/v2\/media?parent=1226"}],"wp:term":[{"taxonomy":"category","embeddable":true,"href":"https:\/\/middleeasttransparent.com\/fr\/wp-json\/wp\/v2\/categories?post=1226"},{"taxonomy":"post_tag","embeddable":true,"href":"https:\/\/middleeasttransparent.com\/fr\/wp-json\/wp\/v2\/tags?post=1226"}],"curies":[{"name":"wp","href":"https:\/\/api.w.org\/{rel}","templated":true}]}}