{"id":122073,"date":"2007-11-07T10:03:52","date_gmt":"2007-11-07T09:03:52","guid":{"rendered":"https:\/\/middleeasttransparent.com\/le-patriarche-maronite-libanais-refuse-darbitrer-lelection-presidentielle\/"},"modified":"2024-01-23T01:51:23","modified_gmt":"2024-01-23T00:51:23","slug":"le-patriarche-maronite-libanais-refuse-darbitrer-lelection-presidentielle","status":"publish","type":"post","link":"https:\/\/middleeasttransparent.com\/fr\/le-patriarche-maronite-libanais-refuse-darbitrer-lelection-presidentielle\/","title":{"rendered":"Le patriarche maronite libanais refuse d&rsquo;arbitrer l&rsquo;\u00e9lection pr\u00e9sidentielle"},"content":{"rendered":"<p>Le cardinal Nasrallah Sfeir, patriarche de la communaut\u00e9 maronite (catholique) libanaise, n&rsquo;en demandait pas tant. A l&rsquo;approche de la date limite du 23 novembre \u00e0 minuit pour l&rsquo;\u00e9lection par le Parlement d&rsquo;un nouveau pr\u00e9sident de la R\u00e9publique, c&rsquo;est sur lui que convergent toutes les sollicitudes, pour pallier les divisions profondes qui s\u00e9parent les dirigeants politiques, y compris au sein de sa communaut\u00e9.<\/p>\n<p>Le patriarche s&rsquo;entend demander presque de toutes parts de choisir lui-m\u00eame le pr\u00e9sidentiable, que le Parlement ne ferait qu&rsquo;adouber, ou pour le moins de dresser une liste de personnalit\u00e9s dignes \u00e0 ses yeux d&rsquo;acc\u00e9der \u00e0 la fonction. Mani\u00e8re pour les politiques de se d\u00e9fausser de leurs responsabilit\u00e9s nationales, sous le double pr\u00e9texte que c&rsquo;est \u00e0 la communaut\u00e9 maronite que revient de droit la pr\u00e9sidence de la R\u00e9publique et qu&rsquo;il faut, en la mati\u00e8re, redonner \u00e0 cette communaut\u00e9 le statut de primus inter pares longtemps ni\u00e9 par les diktats de l&rsquo;ancien tuteur syrien.<\/p>\n<p>Mgr Sfeir a maintes fois d\u00e9clar\u00e9 qu&rsquo;il n&rsquo;entendait pas se substituer au Parlement et qu&rsquo;il ne d\u00e9signerait personne parmi ou hors de la bonne douzaine de pr\u00e9sidentiables d\u00e9clar\u00e9s ou pr\u00e9sum\u00e9s. Il a r\u00e9affirm\u00e9 cette position, mardi 6 novembre, selon plusieurs de ses visiteurs. Sur un ton d\u00e9pit\u00e9, il s&rsquo;\u00e9tait interrog\u00e9 un jour : \u00ab\u00a0Tiendrait-on compte d&rsquo;une liste (de pr\u00e9sidentiables) si je la dressais ?\u00a0\u00bb<\/p>\n<p>Il faisait implicitement allusion au revers essuy\u00e9 en 1988, lorsque Damas n&rsquo;avait tenu aucun compte d&rsquo;une telle liste, qu&rsquo;il avait pourtant \u00e9t\u00e9 pri\u00e9 de dresser. Il n&rsquo;a pas non plus oubli\u00e9 deux autres \u00e9checs, en 1995 et en 2004. Le r\u00e9gime syrien avait fait fi de son hostilit\u00e9 \u00e0 tout bricolage constitutionnel et avait impos\u00e9 la reconduction pour trois ans dans leurs fonctions d&rsquo;Elias Hraoui puis d&rsquo;Emile Lahoud.<\/p>\n<p>Le patriarche continue aujourd&rsquo;hui d&rsquo;opposer son refus \u00e0 tout amendement constitutionnel, face \u00e0 ceux qui \u00e9voquent \u00e0 nouveau une telle modification pour permettre l&rsquo;accession \u00e0 la pr\u00e9sidence du commandant en chef de l&rsquo;arm\u00e9e, le g\u00e9n\u00e9ral Michel Sleiman. Son refus est \u00e9galement justifi\u00e9 par son aversion, elle aussi traditionnelle, au pouvoir des militaires. Sauf si, a-t-il dit un jour, il s&rsquo;agit de \u00ab\u00a0sauver le pays\u00a0\u00bb du naufrage.<\/p>\n<p>Mgr Sfeir ne s&rsquo;est pas pour autant cantonn\u00e9 dans une attitude de refus syst\u00e9matique. Faute de pouvoir r\u00e9unir autour d&rsquo;une m\u00eame table les principales personnalit\u00e9s politiques maronites de la majorit\u00e9 et de l&rsquo;opposition, il les a rencontr\u00e9es s\u00e9par\u00e9ment. D\u00e8s l&rsquo;\u00e9t\u00e9, il avait bross\u00e9 un profil du futur pr\u00e9sident. En collaboration avec l&rsquo;assembl\u00e9e des \u00e9v\u00eaques de sa communaut\u00e9, il a \u00e9galement \u00e9tabli des r\u00e8gles du jeu en vue de l&rsquo;\u00e9lection pr\u00e9sidentielle.<\/p>\n<p>Le futur pr\u00e9sident, selon le portrait- robot d\u00e9sormais inscrit dans tous les esprits, ne doit \u00ab\u00a0pas avoir \u00e0 rougir de son pass\u00e9\u00a0\u00bb. Il doit avoir \u00ab\u00a0fait ses preuves dans l&rsquo;ar\u00e8ne politique\u00a0\u00bb, \u00eatre arm\u00e9 \u00ab\u00a0de courage et d&rsquo;un sens du sacrifice\u00a0\u00bb. Il doit aussi \u00eatre \u00ab\u00a0capable de dire \u00ab\u00a0non\u00a0\u00bb lorsque l&rsquo;int\u00e9r\u00eat national l&rsquo;exige\u00a0\u00bb, \u00eatre fort d&rsquo;un bagage intellectuel honorable et \u00eatre enfin r\u00e9put\u00e9 avoir \u00ab\u00a0les mains propres\u00a0\u00bb.<\/p>\n<p>A l&rsquo;heure o\u00f9 la majorit\u00e9 et l&rsquo;opposition continuent de pol\u00e9miquer sur le quorum de d\u00e9put\u00e9s requis pour l&rsquo;\u00e9lection pr\u00e9sidentielle (l&rsquo;opposition menace de boycotter le scrutin si aucun accord ne se d\u00e9gage autour d&rsquo;une personnalit\u00e9 consensuelle), le cardinal Sfeir et les \u00e9v\u00eaques ont rappel\u00e9 les parlementaires \u00e0 leur devoir : boycotter le scrutin revient \u00e0 boycotter la patrie, ont-ils pr\u00e9venu. L&rsquo;id\u00e9al, \u00e0 leurs yeux, serait que les d\u00e9put\u00e9s fassent leur choix entre plusieurs candidats, comme cela aurait \u00e9t\u00e9 le cas dans toute r\u00e9publique parlementaire.<\/p>\n<p>Compte tenu de l&rsquo;acuit\u00e9 de la crise, Mgr Sfeir affirme jusqu&rsquo;\u00e0 pr\u00e9sent souhaiter un pr\u00e9sident consensuel. Les chances de voir ce souhait devenir r\u00e9alit\u00e9 semblent tr\u00e8s minces, \u00e0 une vingtaine de jours de la fin du mandat de l&rsquo;actuel chef de l&rsquo;Etat. <\/p>\n<p>http:\/\/www.lemonde.fr\/web\/article\/0,1-0@2-3218,36-975512@51-965845,0.html<\/p>\n","protected":false},"excerpt":{"rendered":"<p>Le cardinal Nasrallah Sfeir, patriarche de la communaut\u00e9 maronite (catholique) libanaise, n&rsquo;en demandait pas tant. A l&rsquo;approche de la date limite du 23 novembre \u00e0 minuit pour l&rsquo;\u00e9lection par le Parlement d&rsquo;un nouveau pr\u00e9sident de la R\u00e9publique, c&rsquo;est sur lui que convergent toutes les sollicitudes, pour pallier les divisions profondes qui s\u00e9parent les dirigeants politiques,<\/p>\n","protected":false},"author":1,"featured_media":0,"comment_status":"closed","ping_status":"closed","sticky":false,"template":"","format":"standard","meta":{"_uf_show_specific_survey":0,"_uf_disable_surveys":false,"footnotes":""},"categories":[],"tags":[],"class_list":["post-122073","post","type-post","status-publish","format-standard"],"aioseo_notices":[],"_links":{"self":[{"href":"https:\/\/middleeasttransparent.com\/fr\/wp-json\/wp\/v2\/posts\/122073","targetHints":{"allow":["GET"]}}],"collection":[{"href":"https:\/\/middleeasttransparent.com\/fr\/wp-json\/wp\/v2\/posts"}],"about":[{"href":"https:\/\/middleeasttransparent.com\/fr\/wp-json\/wp\/v2\/types\/post"}],"author":[{"embeddable":true,"href":"https:\/\/middleeasttransparent.com\/fr\/wp-json\/wp\/v2\/users\/1"}],"replies":[{"embeddable":true,"href":"https:\/\/middleeasttransparent.com\/fr\/wp-json\/wp\/v2\/comments?post=122073"}],"version-history":[{"count":0,"href":"https:\/\/middleeasttransparent.com\/fr\/wp-json\/wp\/v2\/posts\/122073\/revisions"}],"wp:attachment":[{"href":"https:\/\/middleeasttransparent.com\/fr\/wp-json\/wp\/v2\/media?parent=122073"}],"wp:term":[{"taxonomy":"category","embeddable":true,"href":"https:\/\/middleeasttransparent.com\/fr\/wp-json\/wp\/v2\/categories?post=122073"},{"taxonomy":"post_tag","embeddable":true,"href":"https:\/\/middleeasttransparent.com\/fr\/wp-json\/wp\/v2\/tags?post=122073"}],"curies":[{"name":"wp","href":"https:\/\/api.w.org\/{rel}","templated":true}]}}