{"id":122002,"date":"2007-10-29T15:23:25","date_gmt":"2007-10-29T14:23:25","guid":{"rendered":"https:\/\/middleeasttransparent.com\/samir-frangie-la-solution-ideale-serait-que-le-hezbollah\/"},"modified":"2024-01-23T01:51:17","modified_gmt":"2024-01-23T00:51:17","slug":"samir-frangie-la-solution-ideale-serait-que-le-hezbollah","status":"publish","type":"post","link":"https:\/\/middleeasttransparent.com\/fr\/samir-frangie-la-solution-ideale-serait-que-le-hezbollah\/","title":{"rendered":"Samir Frangi\u00e9:  La solution id\u00e9ale serait que le Hezbollah"},"content":{"rendered":"<p>ME Transparent &#8211; Comment se pr\u00e9sente la situation \u00e0 deux semaines de la date butoir fix\u00e9 par le pr\u00e9sident de la Chambre, Nabih Berri, pour l\u2019\u00e9lection d\u2019un nouveau pr\u00e9sident de la R\u00e9publique ?<\/p>\n<p>Samir Frangi\u00e9 &#8211; Le Liban vit dans une situation de transition extr\u00eamement dangereuse.<\/p>\n<p>Les forces du 8 mars ont perdu la bataille. Les faits sont l\u00e0 : La Syrie a \u00e9t\u00e9 forc\u00e9e de se retirer. La carte du Liban-Sud qui justifiait l\u2019existence d\u2019une r\u00e9sistance arm\u00e9e et permettait \u00e0 l\u2019axe syro-iranien de s\u2019imposer comme partie prenante essentielle dans le conflit isra\u00e9lo-arabe a \u00e9t\u00e9 perdue avec la guerre de juillet et la r\u00e9solution 1701. Les diff\u00e9rentes tentatives de compenser la perte du Sud en s\u2019emparant du pouvoir central \u00e0 Beyrouth ont, toutes, \u00e9chou\u00e9.<\/p>\n<p>Mais cette bataille, perdue par les forces du 8 mars n\u2019a pas encore \u00e9t\u00e9 gagn\u00e9 par celles du 14 mars. Car l\u2019Etat et ses institutions demeurent, en grande partie, sous le contr\u00f4le de la Syrie, qui tente de revenir sur la sc\u00e8ne libanaise, par tous les moyens, y compris les assassinats politiques.<\/p>\n<p>Cette situation de transition est appel\u00e9e \u00e0 se terminer, dans un sens ou dans l\u2019autre, avec l\u2019\u00e9lection d\u2019un nouveau pr\u00e9sident. D\u2019o\u00f9 la tension tr\u00e8s forte qui en r\u00e9sulte. <\/p>\n<p>MET &#8211; Dans cette perspective, la proposition du pr\u00e9sident Berri d\u2019un dialogue pour parvenir \u00e0 un candidat de compromis n\u2019est-elle pas une solution pour \u00e9viter la confrontation ?<\/p>\n<p>SF &#8211; Cette initiative s\u2019inscrit en fait dans le cadre d\u2019une strat\u00e9gie en deux \u00e9tapes.<\/p>\n<p>La premi\u00e8re \u00e9tape  a \u00e9t\u00e9 de bloquer l\u2019\u00e9lection pr\u00e9sidentielle pour forcer la communaut\u00e9 arabe et internationale qui craint une situation de chaos au Liban \u00e0 une n\u00e9gociation sur les deux dossiers importants qui concernent la Syrie et l\u2019Iran : le dossier nucl\u00e9aire et celui du tribunal international. Ce blocage a pris deux formes :<\/p>\n<p>\uf0a7\tUne forme \u00ab constitutionnelle \u00bb : l\u2019\u00e9lection pr\u00e9sidentielle n\u00e9cessite, selon l\u2019opposition, un quorum des deux tiers des d\u00e9put\u00e9s et ne peut donc se faire qu\u2019avec l\u2019accord des d\u00e9put\u00e9s du \u00ab 8 mars \u00bb.<\/p>\n<p>\uf0a7\tUne forme \u00ab muscl\u00e9e \u00bb : l\u2019occupation des abords du Parlement o\u00f9 le \u00ab sit in \u00bb organis\u00e9 par le Hezbollah depuis le 1er d\u00e9cembre 2006 se poursuit, et la menace \u00ab apocalyptique \u00bb de contre-mesures en cas d\u2019\u00e9lection \u00e0 la majorit\u00e9 absolue.<\/p>\n<p>La deuxi\u00e8me \u00e9tape a \u00e9t\u00e9 de prendre l\u2019initiative de proposer une \u00ab solution \u00bb au probl\u00e8me cr\u00e9\u00e9 par ce blocage en lan\u00e7ant l\u2019id\u00e9e d\u2019un candidat de \u00ab compromis \u00bb.  Cette initiative a, en r\u00e9alit\u00e9,  pour objectif de :<\/p>\n<p>\uf0a7\tBloquer toute discussion sur les probl\u00e8mes de fond, le \u00ab compromis \u00bb \u00e0 trouver ne porte pas sur les questions politiques, mais uniquement sur la personne du candidat.<\/p>\n<p>\uf0a7\t\u00ab Neutraliser \u00bb la position de l\u2019Europe fortement concern\u00e9e, du fait notamment de la pr\u00e9sence de ses contingents dans les forces de la FINUL au Sud, par une solution politique au Liban.<\/p>\n<p>\uf0a7\tPorter \u00e0 la pr\u00e9sidence de la R\u00e9publique un candidat qui, en raison m\u00eame de l\u2019absence d\u2019accord politique, maintiendrait le statu quo actuel et permettrait ainsi \u00e0 l\u2019axe irano-syrien de gagner le temps n\u00e9cessaire dans l\u2019attente des changements qui pourraient intervenir tant au niveau arabe qu\u2019international.<\/p>\n<p>Dans cette perspective, l\u2019initiative du pr\u00e9sident Berri ne repr\u00e9sente pas une solution au probl\u00e8me que pose l\u2019\u00e9lection pr\u00e9sidentielle. Son m\u00e9rite, toutefois, a \u00e9t\u00e9 de calmer le jeu et de permettre une reprise des contacts apr\u00e8s la rupture survenue \u00e0 la suite de la guerre de juillet 2006.<\/p>\n<p>MET &#8211; Vous estimez donc que l\u2019initiative du pr\u00e9sident de la Chambre est vou\u00e9e \u00e0 l\u2019\u00e9chec. Comment, dans ce cas, pensez-vous que la situation pourrait \u00e9voluer et quoi faire pour \u00e9viter que la crise ne d\u00e9g\u00e9n\u00e8re en affrontements civils comme cela a \u00e9t\u00e9 le cas en janvier dernier ?<\/p>\n<p>SF &#8211; L\u2019initiative du pr\u00e9sident Berri n\u2019est pas n\u00e9cessairement vou\u00e9e \u00e0 l\u2019\u00e9chec. Elle a besoin, pour \u00eatre fonctionnelle, d\u2019\u00eatre \u00ab politis\u00e9e \u00bb, c\u2019est-\u00e0-dire de ne plus \u00eatre confin\u00e9e \u00e0 la seule recherche d\u2019un nom, mais d\u2019aborder les probl\u00e8mes politiques sur lesquels nous sommes en conflit, de d\u00e9finir si le compromis \u00e0 trouver est un compromis entre Libanais, ou alors un compromis libano-syrien, la partie syrienne \u00e9tant implicitement repr\u00e9sent\u00e9e dans la n\u00e9gociation par les forces du \u00ab 8  mars \u00bb, de d\u00e9finir les garanties n\u00e9cessaires \u00e0 tout accord qui pourrait intervenir \u2026 Bref, de renverser l\u2019ordre des priorit\u00e9s.<\/p>\n<p>MET \u2013 En quoi consiste ce volet politique dont vous parlez ? Que r\u00e9clamez-vous \u00e0 l\u2019opposition ?<\/p>\n<p>SF \u2013 Rien d\u2019autre qu\u2019une reconnaissance des droits les plus \u00e9l\u00e9mentaires :<\/p>\n<p>\uf0a7\tLe droit de vivre en paix dans un pays ind\u00e9pendant, un pays qui ne soit ni une \u00ab province \u00bb syrienne, ni une \u00ab carte \u00bb aux mains de puissances r\u00e9gionales ou internationales, ni encore moins un \u00ab champ de bataille \u00bb ouvert aux uns et aux autres. <\/p>\n<p>\uf0a7\tLe droit de vivre dans un pays g\u00e9r\u00e9 par un Etat souverain, seul habilit\u00e9 \u00e0 prendre les d\u00e9cisions qui engagent l\u2019ensemble des citoyens, un Etat qui a le  monopole de la force. Aucun pays au monde ne poss\u00e8de deux arm\u00e9es relevant chacune d\u2019une autorit\u00e9 diff\u00e9rente, et disposant chacune de sources d\u2019approvisionnement et de financement propres \u00e0 elle.<\/p>\n<p>\uf0a7\tLe droit de vivre dans un Etat de droit qui respecte les lois que ses citoyens \u00e9dictent \u00e0 travers leurs repr\u00e9sentants d\u00e9mocratiquement \u00e9lus, un Etat o\u00f9 les gouvernants ne sont pas affranchis du devoir de subordination \u00e0 la l\u00e9galit\u00e9.<\/p>\n<p>\uf0a7\tLe droit de vivre dans un Etat qui n\u2019est plus soumis, en permanence, aux luttes incessantes que se livrent les chefs des diff\u00e9rentes communaut\u00e9s, un Etat qui doit exercer sa souverainet\u00e9 sur les communaut\u00e9s et les lib\u00e9rer de \u00ab responsabilit\u00e9s \u00bb qu\u2019elles n\u2019ont jamais \u00e9t\u00e9 en mesure d\u2019assumer en leur \u00f4tant le statut d\u2019 \u00ab Etats en puissance \u00bb appel\u00e9s \u00e0 coexister dans le cadre d\u2019une \u00ab f\u00e9d\u00e9ration \u00bb libanaise, en r\u00e9habilitant leur dimension culturelle et en leur donnant ainsi un r\u00f4le capital, celui d\u2019assurer l\u2019ouverture de la soci\u00e9t\u00e9 sur des mondes diff\u00e9rents.<\/p>\n<p>\uf0a7\tLe droit de vivre dans un pays o\u00f9 la d\u00e9mocratie ne se limite pas \u00e0 d\u00e9poser dans les urnes, une fois chaque quatre ans, un bulletin de vote, mais ouvre la voie \u00e0 une participation permanente des citoyens \u00e0 travers les structures pr\u00e9vues par la constitution .<\/p>\n<p>\uf0a7\tLe droit de vivre dans une soci\u00e9t\u00e9 o\u00f9 la religion n\u2019est plus rabaiss\u00e9e au niveau d\u2019int\u00e9r\u00eats politiques ou partisans, Dieu, dans sa toute puissance, n\u2019ayant pas besoin de sectes, de partis, de milices ou d\u2019organisations terroristes,  chr\u00e9tiennes ou musulmanes, pour le d\u00e9fendre.<\/p>\n<p>MET \u2013 Pensez-vous que ces \u00ab droits \u00e9l\u00e9mentaires \u00bb dont vous parlez posent probl\u00e8me ? <\/p>\n<p>SF \u2013 Oui, certainement. Jamais dans l\u2019histoire moderne du Liban, le pays n\u2019a \u00e9t\u00e9 aussi radicalement divis\u00e9 qu\u2019il ne l\u2019est aujourd\u2019hui. Et cette division n\u2019est pas de nature communautaire. Dans les deux camps qui s\u2019affrontent se trouvent des Chr\u00e9tiens et des Musulmans, des Sunnites, des Chiites et des Druzes. Elle n\u2019est pas non plus politique dans le sens strict du terme, car elle ne porte pas sur la gestion de l\u2019Etat, mais sur sa nature et son r\u00f4le.<\/p>\n<p>Cette division est d\u2019un tout autre ordre. Elle rel\u00e8ve de la culture et met face \u00e0 face deux visions du monde diam\u00e9tralement oppos\u00e9es :<\/p>\n<p>\uf0a7\tune vision fond\u00e9e sur une culture de la paix qui estime que l\u2019\u00e9panouissement de l\u2019individu est li\u00e9 \u00e0 son ouverture sur l\u2019autre et qui donne la priorit\u00e9 \u00e0 la notion de vie en commun.<\/p>\n<p>\uf0a7\tet une autre bas\u00e9e sur une culture de la violence  qui consid\u00e8re que l\u2019affirmation de l\u2019individu ne peut se faire que dans le rejet de l\u2019autre et ne peut \u00eatre pr\u00e9serv\u00e9e que dans le repliement sur soi.<\/p>\n<p>MET \u2013 Croyez-vous qu\u2019apr\u00e8s 15 ans de guerre et 15 autres ann\u00e9es d\u2019h\u00e9g\u00e9monie syrienne sur leur pays, les Libanais sont toujours sensibles \u00e0 cette culture de la violence dont vous parlez ? N\u2019ont-ils pas tir\u00e9 les le\u00e7ons de la dure exp\u00e9rience qu\u2019ils ont v\u00e9cue ?<\/p>\n<p>SF- Cette culture de la violence, les Libanais l\u2019ont en pratique rejet\u00e9e, le 14 mars 2005, quand ils ont surmont\u00e9 leur pass\u00e9 de guerres, de souffrances, d\u2019humiliations, de d\u00e9sespoir pour reprendre en main leur destin national. La force de ce mouvement et son extraordinaire pouvoir d\u2019attraction tant sur ceux qui y ont directement particip\u00e9 que sur ceux qui, ici et ailleurs, l\u2019ont suivi, r\u00e9sident dans le fait qu\u2019il a r\u00e9v\u00e9l\u00e9, d\u2019une mani\u00e8re soudaine et inattendue, la volont\u00e9 et le d\u00e9sir des Libanais de \u00ab revivre ensemble \u00bb, dans le cadre d\u2019un p\u00e9rim\u00e8tre national clairement d\u00e9limit\u00e9, \u00e0 l\u2019int\u00e9rieur duquel ils seraient seuls ma\u00eetres de leurs d\u00e9cisions.<br \/>\nMais les Libanais qui ont fait la d\u00e9couverte d\u2019une autre culture, d\u2019une culture de la paix, n\u2019ont eu ni le temps, ni les moyens de l\u2019ancrer dans leur vie politique, car dans la semaine qui a suivi le 14 mars 2005 a commenc\u00e9 la campagne syrienne visant \u00e0 ramener le Liban \u00e0 ce qu\u2019il \u00e9tait avant \u00ab l\u2019intifada \u00bb de l\u2019ind\u00e9pendance.<\/p>\n<p>MET \u2013 L\u2019\u00e9lection pr\u00e9sidentielle permettra-t-elle de renouer avec l\u2019esprit du 14 mars ?<\/p>\n<p>SF &#8211; Cette \u00e9ch\u00e9ance est d\u2019une importance capitale :<\/p>\n<p>\uf0a7\tElle peut  marquer la fin du \u00ab printemps de Beyrouth \u00bb et le retour du Liban \u00e0 ce qu\u2019il \u00e9tait au cours des trente derni\u00e8res ann\u00e9es, le lieu o\u00f9 la violence des uns et des autres peut s\u2019exprimer \u00e0 peu de frais sans remettre en cause les \u00e9quilibres r\u00e9gionaux,  violence assum\u00e9e par des Libanais persuad\u00e9s que leur avenir n\u00e9cessite encore plus de sang, plus de souffrances et plus de destructions, violence dont la concr\u00e9tisation la plus  extr\u00eame nous a \u00e9t\u00e9 donn\u00e9e par Gaza, d\u00e9sormais g\u00e9r\u00e9e, au nom des imp\u00e9ratifs de la r\u00e9sistance, par des tribunaux d\u2019inquisition.<\/p>\n<p>\uf0a7\tElle peut aussi, en renouant avec les aspirations profondes du \u00ab printemps de Beyrouth \u00bb, contribuer \u00e0 cr\u00e9er un pays o\u00f9 il fasse bon vivre dot\u00e9 d\u2019un Etat capable d\u2019assumer ses responsabilit\u00e9s.<\/p>\n<p>MET \u2013 Que faut-il faire pour passer ce cap dangereux ?<\/p>\n<p>SF \u2013 La solution id\u00e9ale serait que le Hezbollah prenne conscience du fait que son projet de ramener le Liban dans l\u2019axe irano-syrien est vou\u00e9 \u00e0 l\u2019\u00e9chec, et cela pour la raison toute simple que la majorit\u00e9 \u00e9crasante des Libanais ne le veut pas. Peut-il le faire et \u00e9viter au Liban de nouvelles secousses ? Je ne sais pas, car les pressions exerc\u00e9es sur lui par le r\u00e9gime syrien sont consid\u00e9rables.<br \/>\nUn changement dans la position du Hezbollah aurait des effets positifs au Liban, mais \u00e9galement dans le monde arabo-musulman, car il permettrait de faire l\u2019\u00e9conomie d\u2019une guerre civile entre Sunnites et Chiites \u00e0 l\u2019\u00e9chelle de toute la r\u00e9gion et d\u2019ouvrir la voie \u00e0 un travail de r\u00e9flexion sur la participation de l\u2019Islam \u00e0 la recherche d\u2019une mondialisation \u00e0 visage humain.<\/p>\n<p>MET \u2013 Et si le Hezbollah ne saisit pas l\u2019occasion ?<\/p>\n<p>SF \u2013 Il ne nous reste plus qu\u2019\u00e0 faire notre devoir qui est d\u2019assurer  la continuit\u00e9 des institutions \u00e0 travers l\u2019\u00e9lection, dans les d\u00e9lais pr\u00e9vus par la Constitution, d\u2019un nouveau pr\u00e9sident de la R\u00e9publique, un pr\u00e9sident capable de comprendre la volont\u00e9 de changement exprim\u00e9e par les Libanais en mars 2005, et de r\u00e9habiliter la notion de l\u2019Etat apr\u00e8s plus de trente ans de r\u00e9gime milicien et mafieux.<\/p>\n","protected":false},"excerpt":{"rendered":"<p>ME Transparent &#8211; Comment se pr\u00e9sente la situation \u00e0 deux semaines de la date butoir fix\u00e9 par le pr\u00e9sident de la Chambre, Nabih Berri, pour l\u2019\u00e9lection d\u2019un nouveau pr\u00e9sident de la R\u00e9publique ? Samir Frangi\u00e9 &#8211; Le Liban vit dans une situation de transition extr\u00eamement dangereuse. Les forces du 8 mars ont perdu la bataille.<\/p>\n","protected":false},"author":1,"featured_media":0,"comment_status":"closed","ping_status":"closed","sticky":false,"template":"","format":"standard","meta":{"_uf_show_specific_survey":0,"_uf_disable_surveys":false,"footnotes":""},"categories":[],"tags":[],"class_list":["post-122002","post","type-post","status-publish","format-standard"],"aioseo_notices":[],"_links":{"self":[{"href":"https:\/\/middleeasttransparent.com\/fr\/wp-json\/wp\/v2\/posts\/122002","targetHints":{"allow":["GET"]}}],"collection":[{"href":"https:\/\/middleeasttransparent.com\/fr\/wp-json\/wp\/v2\/posts"}],"about":[{"href":"https:\/\/middleeasttransparent.com\/fr\/wp-json\/wp\/v2\/types\/post"}],"author":[{"embeddable":true,"href":"https:\/\/middleeasttransparent.com\/fr\/wp-json\/wp\/v2\/users\/1"}],"replies":[{"embeddable":true,"href":"https:\/\/middleeasttransparent.com\/fr\/wp-json\/wp\/v2\/comments?post=122002"}],"version-history":[{"count":0,"href":"https:\/\/middleeasttransparent.com\/fr\/wp-json\/wp\/v2\/posts\/122002\/revisions"}],"wp:attachment":[{"href":"https:\/\/middleeasttransparent.com\/fr\/wp-json\/wp\/v2\/media?parent=122002"}],"wp:term":[{"taxonomy":"category","embeddable":true,"href":"https:\/\/middleeasttransparent.com\/fr\/wp-json\/wp\/v2\/categories?post=122002"},{"taxonomy":"post_tag","embeddable":true,"href":"https:\/\/middleeasttransparent.com\/fr\/wp-json\/wp\/v2\/tags?post=122002"}],"curies":[{"name":"wp","href":"https:\/\/api.w.org\/{rel}","templated":true}]}}