{"id":12009,"date":"2016-05-09T18:32:31","date_gmt":"2016-05-09T17:32:31","guid":{"rendered":"http:\/\/middleeasttransparent.com\/?p=12009"},"modified":"2016-05-09T19:22:37","modified_gmt":"2016-05-09T18:22:37","slug":"fifa-fin-de-partie-pour-michel-platini","status":"publish","type":"post","link":"https:\/\/middleeasttransparent.com\/fr\/fifa-fin-de-partie-pour-michel-platini\/","title":{"rendered":"FIFA\u00a0: fin de partie pour Michel Platini"},"content":{"rendered":"<h3 class=\"tt2\">\u00a0<span class=\"signature_article\">Par <span class=\"auteur txt2_120\"><a class=\"auteur\" href=\"http:\/\/www.lemonde.fr\/journaliste\/remi-dupre\/\" target=\"_blank\">R\u00e9mi Dupr\u00e9<\/a><\/span><\/span><\/h3>\n<div id=\"articleBody\" class=\"contenu_article js_article_body\">\n<h3 class=\"taille_courante\">Michel Platini jouait \u00e0 quitte \u00e0 double sa survie <a class=\"lien_interne rub\" title=\"Toute l\u2019actualit\u00e9 politique\" href=\"http:\/\/www.lemonde.fr\/politique\/\">politique<\/a>. Las. Radi\u00e9 six ans par le comit\u00e9 d\u2019\u00e9thique de la F\u00e9d\u00e9ration internationale de <a class=\"lien_interne rub\" title=\"Toute l\u2019actualit\u00e9 football\" href=\"http:\/\/www.lemonde.fr\/football\/\">football<\/a> (<a class=\"lien_interne rub\" title=\"Toute l\u2019actualit\u00e9 FIFA\" href=\"http:\/\/www.lemonde.fr\/corruption-a-la-fifa\/\">FIFA<\/a>), le pr\u00e9sident de l\u2019Union des associations europ\u00e9ennes de football (UEFA) a vu sa suspension confirm\u00e9e mais all\u00e9g\u00e9e de deux ans, lundi 9\u00a0mai, par le Tribunal arbitral du <a class=\"lien_interne rub\" title=\"Toute l\u2019actualit\u00e9 sport\" href=\"http:\/\/www.lemonde.fr\/sport\/\">sport<\/a> (TAS) de Lausanne\u00a0: ce qui \u00e9quivaut \u00e0 un bannissement de quatre ans.<\/h3>\n<p>Cette d\u00e9cision scelle la chute de l\u2019ex-num\u00e9ro\u00a010 des Bleus, qui ne retrouvera donc pas son poste avant l\u2019ouverture de l\u2019<a class=\"lien_interne rub\" title=\"Toute l\u2019actualit\u00e9 Euro 2016\" href=\"http:\/\/www.lemonde.fr\/euro-2016\/\">Euro 2016<\/a>, organis\u00e9 du 10\u00a0juin au 10\u00a0juillet en <a class=\"lien_interne rub\" title=\"Toute l\u2019actualit\u00e9 France\" href=\"http:\/\/www.lemonde.fr\/europeennes-france\/\">France<\/a>. \u00ab\u00a0<em>Sa carri\u00e8re est termin\u00e9e<\/em>. <em>C\u2019est le sc\u00e9nario catastrophe<\/em>\u00a0\u00bb, assure l\u2019un des proches de l\u2019ic\u00f4ne de 60\u00a0ans, qui dirigeait l\u2019UEFA depuis 2007. Selon ses avocats, Michel Platini remettra sa d\u00e9mission de pr\u00e9sident de l\u2019UEFA au prochain Congr\u00e8s.<\/p>\n<p class=\"citation\">\u00ab <em>Je prends acte de la d\u00e9cision de ce jour du TAS mais je la vis comme une profonde injustice<\/em>, a r\u00e9agi l\u2019ex-joueur dans un communiqu\u00e9. C<em>ette d\u00e9cision m\u2019inflige une suspension m\u2019emp\u00eachera de facto et, comme par hasard, de me <a class=\"lien_interne conjug\" title=\"Conjugaison du verbe pr\u00e9senter\" href=\"http:\/\/conjugaison.lemonde.fr\/conjugaison\/premier-groupe\/pr%C3%A9senter\/\" target=\"_blank\">pr\u00e9senter<\/a> \u00e0 la prochaine \u00e9lection du pr\u00e9sident de la FIFA <\/em>(en mai 2019). \u00bb<\/p>\n<p>La d\u00e9cision du TAS, prise \u00e0 l\u2019unanimit\u00e9 par les trois arbitres d\u00e9sign\u00e9s, met un point final \u00e0 une bataille politico-judiciaire qui durait depuis huit mois. Celle de ladite affaire du paiement de 2\u00a0millions de francs suisses (1,8\u00a0million d\u2019euros), fait en f\u00e9vrier\u00a02011, par le <a class=\"lien_interne rub\" title=\"Toute l\u2019actualit\u00e9 Suisse\" href=\"http:\/\/www.lemonde.fr\/suisse\/\">Suisse<\/a> Joseph Blatter, alors pr\u00e9sident de la FIFA, \u00e0 son ancien prot\u00e9g\u00e9 Michel Platini.<\/p>\n<p class=\"video_player\"><iframe id=\"ul-lfmrkq_0_1462814827\" src=\"http:\/\/www.digiteka.net\/deliver\/generic\/iframe\/mdtk\/01637594\/src\/lfmrkq\/zone\/1\/showtitle\/1\" width=\"534\" height=\"320\" frameborder=\"0\" marginwidth=\"0\" marginheight=\"0\" scrolling=\"no\" allowfullscreen=\"allowfullscreen\"><\/iframe><\/p>\n<p class=\"intertitre\">Versement \u00ab\u00a0d\u00e9loyal\u00a0\u00bb<\/p>\n<p>Le 24\u00a0septembre 2015, le parquet suisse avait ouvert une proc\u00e9dure p\u00e9nale \u00e0 l\u2019encontre du dirigeant du foot mondial pour ce versement <em>\u00ab\u00a0d\u00e9loyal\u00a0\u00bb<\/em> effectu\u00e9 <em>\u00ab\u00a0pr\u00e9tendument\u00a0\u00bb<\/em> pour des travaux r\u00e9alis\u00e9s par Michel Platini lorsqu\u2019il officiait comme <a class=\"lien_interne conjug\" title=\"Conjugaison du verbe conseiller\" href=\"http:\/\/conjugaison.lemonde.fr\/conjugaison\/premier-groupe\/conseiller\/\" target=\"_blank\">conseiller<\/a> de Blatter entre janvier\u00a01999 et juin\u00a02002. L\u2019ex-num\u00e9ro\u00a010 avait, lui, \u00e9t\u00e9 entendu comme \u00ab\u00a0<em>personne appel\u00e9e \u00e0 <a class=\"lien_interne conjug\" title=\"Conjugaison du verbe donner\" href=\"http:\/\/conjugaison.lemonde.fr\/conjugaison\/premier-groupe\/donner\/\" target=\"_blank\">donner<\/a> des renseignements\u00a0<\/em>\u00bb, un statut \u00e9quivalent \u00e0 celui de t\u00e9moin assist\u00e9 dans le droit fran\u00e7ais.<\/p>\n<p class=\"lire\">Lire aussi : \u00a0 <a href=\"http:\/\/www.lemonde.fr\/football\/article\/2016\/04\/29\/fifa-michel-platini-abat-sa-derniere-carte-devant-le-tribunal-arbitral-du-sport_4910759_1616938.html\">FIFA\u00a0: Michel Platini abat sa derni\u00e8re carte<\/a><\/p>\n<p>A l\u2019instar de Blatter, Platini avait \u00e9t\u00e9 banni, le 21\u00a0d\u00e9cembre, pour huit ans pour <em>\u00ab\u00a0abus de position\u00a0\u00bb<\/em>, <em>\u00ab\u00a0gestion d\u00e9loyale\u00a0\u00bb<\/em> et<em> \u00ab\u00a0conflit d\u2019int\u00e9r\u00eats\u00a0\u00bb<\/em> par le comit\u00e9 d\u2019\u00e9thique de la FIFA en vertu de ce fameux versement de 2011 <em>\u00ab\u00a0sans base l\u00e9gale dans le contrat sign\u00e9 par les deux parties le 25\u00a0ao\u00fbt 1999\u00a0\u00bb. <\/em>Candidat \u00e0 la succession du patriarche suisse, l\u2019ex-joueur a \u00e9t\u00e9 contraint de <a class=\"lien_interne conjug\" title=\"Conjugaison du verbe d\u00e9clarer\" href=\"http:\/\/conjugaison.lemonde.fr\/conjugaison\/premier-groupe\/d%C3%A9clarer\/\" target=\"_blank\">d\u00e9clarer<\/a>forfait, le 7\u00a0janvier, laissant son secr\u00e9taire g\u00e9n\u00e9ral Gianni Infantino se <a class=\"lien_interne conjug\" title=\"Conjugaison du verbe faire\" href=\"http:\/\/conjugaison.lemonde.fr\/conjugaison\/troisieme-groupe\/faire\/\" target=\"_blank\">faire<\/a> <a class=\"lien_interne conjug\" title=\"Conjugaison du verbe couronner\" href=\"http:\/\/conjugaison.lemonde.fr\/conjugaison\/premier-groupe\/couronner\/\" target=\"_blank\">couronner<\/a> \u00e0 la t\u00eate de l\u2019institution. Le 24\u00a0f\u00e9vrier, la commission des recours de la FIFA a all\u00e9g\u00e9 de deux ans la sanction inflig\u00e9e au duo au regard<em> \u00ab\u00a0des services\u00a0\u00bb<\/em> rendus au ballon rond.<\/p>\n<p>Saisi pour <a class=\"lien_interne conjug\" title=\"Conjugaison du verbe examiner\" href=\"http:\/\/conjugaison.lemonde.fr\/conjugaison\/premier-groupe\/examiner\/\" target=\"_blank\">examiner<\/a> le dossier sur la forme, le TAS avait confirm\u00e9, le 11\u00a0d\u00e9cembre, la suspension provisoire de quatre-vingt-dix jours de Platini. Le 29\u00a0avril, les juges de Lausanne ont auditionn\u00e9 l\u2019ex-capitaine des Bleus pour se <a class=\"lien_interne conjug\" title=\"Conjugaison du verbe d\u00e9terminer\" href=\"http:\/\/conjugaison.lemonde.fr\/conjugaison\/premier-groupe\/d%C3%A9terminer\/\" target=\"_blank\">d\u00e9terminer<\/a> sur le fond de l\u2019affaire. Pour cette audience d\u00e9cisive, Platini avait choisi comme t\u00e9moins son ami Jacques Lambert, patron de la soci\u00e9t\u00e9 d\u2019organisation de l\u2019Euro 2016, et l\u2019Espagnol Angel Maria Villar, premier vice-pr\u00e9sident de l\u2019UEFA. Pour sa part, le comit\u00e9 d\u2019\u00e9thique de la FIFA avait convi\u00e9 Sepp Blatter \u00e0 la barre.<\/p>\n<p class=\"intertitre\">Mauvais augure pour Blatter<\/p>\n<p>\u00ab\u00a0<em>L\u2019audience ne pouvait pas mieux se passer\u00a0\u00bb,<\/em> s\u2019enthousiasmait pourtant un proche de Platini, qui accuse \u00ab\u00a0<em>certains \u00e0 la FIFA\u00a0\u00bb <\/em>de l\u2019avoir<em> \u00ab\u00a0emp\u00each\u00e9 de <a class=\"lien_interne conjug\" title=\"Conjugaison du verbe devenir\" href=\"http:\/\/conjugaison.lemonde.fr\/conjugaison\/troisieme-groupe\/devenir\/\" target=\"_blank\">devenir<\/a> pr\u00e9sident de la FIFA<\/em>\u00a0\u00bb. \u00ab\u00a0<em>Il y a eu une convergence de t\u00e9moignages. Blatter a \u00e9t\u00e9 parfait, \u00e9voquant l\u2019arri\u00e9r\u00e9 de salaire qu\u2019il devait \u00e0 Platini. On ne doute plus de la nature de la prestation de ce dernier \u00e0 la FIFA. Les arbitres connaissaient le dossier et les \u00e9critures par c\u0153ur. La <a class=\"lien_interne rub\" title=\"Toute l\u2019actualit\u00e9 d\u00e9fense\" href=\"http:\/\/www.lemonde.fr\/defense\/\">d\u00e9fense<\/a> de la partie adverse \u00e9tait, elle, en demi-teinte.<\/em> <em>Pour le comit\u00e9 d\u2019\u00e9thique de la FIFA, Platini a \u00e9t\u00e9 pay\u00e9 en\u00a02011 pour <a class=\"lien_interne conjug\" title=\"Conjugaison du verbe soutenir\" href=\"http:\/\/conjugaison.lemonde.fr\/conjugaison\/troisieme-groupe\/soutenir\/\" target=\"_blank\">soutenir<\/a> Blatter lors de son \u00e9lection pour un quatri\u00e8me mandat.<\/em>\u00a0\u00bb<\/p>\n<p>Les d\u00e9fenseurs du triple Ballon d\u2019or avaient notamment insist\u00e9 sur le \u00ab\u00a0<em>contrat oral<\/em>\u00a0\u00bb pass\u00e9 entre Platini et Blatter pour ce \u00ab\u00a0<em>solde de salaires<\/em>\u00a0\u00bb. Ils avaient produit une facture en lien avec le fameux versement de 2011, paraph\u00e9 \u00e0 l\u2019\u00e9poque par Markus Kattner, actuel secr\u00e9taire g\u00e9n\u00e9ral par int\u00e9rim de la FIFA. Le 20\u00a0octobre 2015, Domenico Scala, patron du comit\u00e9 d\u2019audit et de conformit\u00e9 de la F\u00e9d\u00e9ration internationale, avait accus\u00e9 Blatter et Platini d\u2019avoir falsifi\u00e9 les comptes de l\u2019instance internationale.<\/p>\n<p><em>\u00ab\u00a0La somme des deux millions n\u2019est jamais apparue dans les comptes de la FIFA avant le paiement effectif<\/em>, <em>en f\u00e9vrier\u00a02011<\/em>, avait alors confi\u00e9 le dirigeant. <em>Les deux parties \u00e9taient membres du comit\u00e9 ex\u00e9cutif de la FIFA et approuvaient en connaissance de cause chaque ann\u00e9e les bilans financiers qui \u00e9taient donc faux.<\/em>\u00a0\u00bb<\/p>\n<p>Le TAS n\u2019a pas \u00e9t\u00e9 \u00ab\u00a0<em>convaincu de la l\u00e9gitimit\u00e9 de ce versement de deux millions de francs suisses reconnu par les seuls Messieurs Platini et Blatter, intervenu plus de 8 ans apr\u00e8s la cessation des rapports de <a class=\"lien_interne rub\" title=\"Toute l\u2019actualit\u00e9 travail\" href=\"http:\/\/www.lemonde.fr\/travail\/\">travail<\/a>, ne reposant sur aucun document \u00e9tabli \u00e0 l\u2019\u00e9poque des relations contractuelles et ne correspondant pas \u00e0 la part du salaire pr\u00e9tendument impay\u00e9e. La <a class=\"lien_interne rub\" title=\"Toute l\u2019actualit\u00e9 Formation\" href=\"http:\/\/www.lemonde.fr\/formation\/\">Formation<\/a> a aussi constat\u00e9 que M.Platini a b\u00e9n\u00e9fici\u00e9 r\u00e9troactivement de l\u2019extension d\u2019unplan de pr\u00e9voyance auquel il n\u2019avait pas droit.<\/em>\u00a0\u00bb<\/p>\n<p>Contact\u00e9s par Le<em> Monde<\/em>, les avocats du comit\u00e9 d\u2019\u00e9thique de la FIFA affichent leur satisfaction. \u00ab\u00a0<em>Ma\u00eetre Antonio Rigozzi et moi-m\u00eame, ainsi que le reste de l\u2019\u00e9quipe <\/em>(Me Robert-Tissot et Me McAuliffe),<em> sommes tr\u00e8s satisfaits par la d\u00e9cision et par les arguments de la d\u00e9cision tels qu\u2019ils ont \u00e9t\u00e9 r\u00e9sum\u00e9s dans le communiqu\u00e9 de presse du TAS<\/em>, confie l\u2019avocat genevois S\u00e9bastien Besson. <em>Le Tribunal arbitral a suivi l\u2019argumentation de la FIFA sur les \u00e9l\u00e9ments les plus importants de l\u2019affaire. Nous sommes \u00e9galement tr\u00e8s satisfaits que la d\u00e9cision ait \u00e9t\u00e9 rendue par un Tribunal arbitral unanime, ce qui renforce encore sa l\u00e9gitimit\u00e9. Une analyse plus approfondie ne pourra <a class=\"lien_interne conjug\" title=\"Conjugaison du verbe \u00eatre\" href=\"http:\/\/conjugaison.lemonde.fr\/conjugaison\/auxiliaire\/%C3%AAtre\/\" target=\"_blank\">\u00eatre<\/a> effectu\u00e9e qu\u2019apr\u00e8s r\u00e9ception de la d\u00e9cision motiv\u00e9e.<\/em>\u00a0\u00bb<\/p>\n<p>La confirmation de la sanction de Platini par le TAS n\u2019est gu\u00e8re de bon augure pour son ex-mentor Blatter qui a, lui aussi, saisi la plus haute juridiction sportive. L\u2019ex-patron du foot mondial, 80 ans, attend la date de son audience. L\u2019Helv\u00e8te n\u2019a pas souhait\u00e9 <a class=\"lien_interne conjug\" title=\"Conjugaison du verbe commenter\" href=\"http:\/\/conjugaison.lemonde.fr\/conjugaison\/premier-groupe\/commenter\/\" target=\"_blank\">commenter<\/a> la d\u00e9cision du TAS sur le cas Platini. Quant \u00e0 son ancien prot\u00e9g\u00e9, il entend <a class=\"lien_interne conjug\" title=\"Conjugaison du verbe saisir\" href=\"http:\/\/conjugaison.lemonde.fr\/conjugaison\/deuxieme-groupe\/saisir\/\" target=\"_blank\">saisir<\/a> la <a class=\"lien_interne rub\" title=\"Toute l\u2019actualit\u00e9 justice\" href=\"http:\/\/www.lemonde.fr\/justice\/\">justice<\/a> suisse et ne s\u2019accrochera gu\u00e8re \u00e0 son tr\u00f4ne \u00e0 l\u2019UEFA \u00ab <em>comme convenu avec les associations nationales\u00a0<\/em>\u00bb. Le 18 mai, \u00e0 B\u00e2le, le comit\u00e9 ex\u00e9cutif de l\u2019instance europ\u00e9enne doit <a class=\"lien_interne conjug\" title=\"Conjugaison du verbe statuer\" href=\"http:\/\/conjugaison.lemonde.fr\/conjugaison\/premier-groupe\/statuer\/\" target=\"_blank\">statuer<\/a> sur le cas de son dirigeant suspendu.<\/p>\n<p>Le gouvernement de l\u2019UEFA pourrait ainsi <a class=\"lien_interne conjug\" title=\"Conjugaison du verbe organiser\" href=\"http:\/\/conjugaison.lemonde.fr\/conjugaison\/premier-groupe\/organiser\/\" target=\"_blank\">organiser<\/a> en urgence l\u2019\u00e9lection du successeur de \u00ab Platoche \u00bb, en faisant fi du d\u00e9lai de trois mois de campagne \u00e9lectorale pr\u00e9vu par ses statuts. Le Hollandais Michael Van Praag et le Portugais Fernando Gomes figurent parmi les pr\u00e9tendants putatifs. Si les dignitaires de l\u2019organisation d\u00e9cidaient de se <a class=\"lien_interne conjug\" title=\"Conjugaison du verbe laisser\" href=\"http:\/\/conjugaison.lemonde.fr\/conjugaison\/premier-groupe\/laisser\/\" target=\"_blank\">laisser<\/a> du temps, c\u2019est l\u2019Espagnol Angel Maria Villar qui remplacerait, sur le plan protocolaire, l\u2019ex-num\u00e9ro 10 des Bleus durant l\u2019Euro 2016.<\/p>\n<p>De son c\u00f4t\u00e9, la F\u00e9d\u00e9ration fran\u00e7aise de football<em> \u00ab\u00a0respecte la d\u00e9cision du Tribunal Arbitral du <a class=\"lien_interne rub\" title=\"Toute l\u2019actualit\u00e9 Sport\" href=\"http:\/\/www.lemonde.fr\/afrique-sport\/\">Sport<\/a> concernant Michel Platini.<\/em> L\u2019institution tient <em>\u00ab <\/em>\u00a0<em>n\u00e9anmoins \u00e0 <a class=\"lien_interne conjug\" title=\"Conjugaison du verbe saluer\" href=\"http:\/\/conjugaison.lemonde.fr\/conjugaison\/premier-groupe\/saluer\/\" target=\"_blank\">saluer<\/a> le travail accompli par Michel Platini et la qualit\u00e9 d\u2019un homme qui a toujours \u0153uvr\u00e9 dans l\u2019int\u00e9r\u00eat du football notamment comme pr\u00e9sident de l\u2019UEFA <\/em>.\u00a0\u00bb En d\u00e9pit de la suspension de Platini, la France ne sera pas d\u00e9pourvue de repr\u00e9sentant au sein du comit\u00e9 ex\u00e9cutif de l\u2019UEFA suite \u00e0 l\u2019\u00e9lection le 3 mai de Florence Hardouin, num\u00e9ro 2 de la FFF, au gouvernement de l\u2019instance.<\/p>\n<\/div>\n<ul class=\"liste_bordure\">\n<li class=\"clearfix\"><span class=\"identite\"><a class=\"gras\" href=\"http:\/\/www.lemonde.fr\/journaliste\/remi-dupre\/\" target=\"_blank\">R\u00e9mi Dupr\u00e9<\/a><br \/>\n<span class=\"txt_gris_clair\">Journaliste au Monde<\/span><\/span><\/li>\n<\/ul>\n<p><a href=\"http:\/\/www.lemonde.fr\/football\/article\/2016\/05\/09\/fifa-michel-platini-suspendu-quatre-ans-par-le-tas_4915846_1616938.html#kpu5XBuhWat4dtzE.99\">LE MONDE\u00a0<\/a><\/p>\n","protected":false},"excerpt":{"rendered":"<p>\u00a0Par R\u00e9mi Dupr\u00e9 Michel Platini jouait \u00e0 quitte \u00e0 double sa survie politique. Las. Radi\u00e9 six ans par le comit\u00e9 d\u2019\u00e9thique de la F\u00e9d\u00e9ration internationale de football (FIFA), le pr\u00e9sident de l\u2019Union des associations europ\u00e9ennes de football (UEFA) a vu sa suspension confirm\u00e9e mais all\u00e9g\u00e9e de deux ans, lundi 9\u00a0mai, par le Tribunal arbitral du<\/p>\n","protected":false},"author":134,"featured_media":12011,"comment_status":"open","ping_status":"open","sticky":false,"template":"","format":"standard","meta":{"_uf_show_specific_survey":0,"_uf_disable_surveys":false,"footnotes":""},"categories":[361],"tags":[],"class_list":{"0":"post-12009","1":"post","2":"type-post","3":"status-publish","4":"format-standard","5":"has-post-thumbnail","7":"category-sport-international"},"aioseo_notices":[],"_links":{"self":[{"href":"https:\/\/middleeasttransparent.com\/fr\/wp-json\/wp\/v2\/posts\/12009","targetHints":{"allow":["GET"]}}],"collection":[{"href":"https:\/\/middleeasttransparent.com\/fr\/wp-json\/wp\/v2\/posts"}],"about":[{"href":"https:\/\/middleeasttransparent.com\/fr\/wp-json\/wp\/v2\/types\/post"}],"author":[{"embeddable":true,"href":"https:\/\/middleeasttransparent.com\/fr\/wp-json\/wp\/v2\/users\/134"}],"replies":[{"embeddable":true,"href":"https:\/\/middleeasttransparent.com\/fr\/wp-json\/wp\/v2\/comments?post=12009"}],"version-history":[{"count":0,"href":"https:\/\/middleeasttransparent.com\/fr\/wp-json\/wp\/v2\/posts\/12009\/revisions"}],"wp:featuredmedia":[{"embeddable":true,"href":"https:\/\/middleeasttransparent.com\/fr\/wp-json\/wp\/v2\/media\/12011"}],"wp:attachment":[{"href":"https:\/\/middleeasttransparent.com\/fr\/wp-json\/wp\/v2\/media?parent=12009"}],"wp:term":[{"taxonomy":"category","embeddable":true,"href":"https:\/\/middleeasttransparent.com\/fr\/wp-json\/wp\/v2\/categories?post=12009"},{"taxonomy":"post_tag","embeddable":true,"href":"https:\/\/middleeasttransparent.com\/fr\/wp-json\/wp\/v2\/tags?post=12009"}],"curies":[{"name":"wp","href":"https:\/\/api.w.org\/{rel}","templated":true}]}}