{"id":119867,"date":"2007-02-04T10:00:14","date_gmt":"2007-02-04T09:00:14","guid":{"rendered":"https:\/\/middleeasttransparent.com\/lexception-libanaise-est-une-utopie\/"},"modified":"2024-01-27T21:12:56","modified_gmt":"2024-01-27T20:12:56","slug":"lexception-libanaise-est-une-utopie","status":"publish","type":"post","link":"https:\/\/middleeasttransparent.com\/fr\/lexception-libanaise-est-une-utopie\/","title":{"rendered":"L\u2019exception libanaise est une utopie !"},"content":{"rendered":"<p>N\u2019en d\u00e9plaise \u00e0 ceux qui brandissent encore ce mot pour d\u00e9fendre l\u2019ind\u00e9fendable, il est temps de cesser de nous leurrer et- avec nous- de leurrer le monde entier avec une chim\u00e8re. L\u2019exception libanaise n\u2019existe tout simplement pas ; pas plus que rien d\u2019exceptionnel provenant d\u2019un Liban pluriel n\u2019a jamais forc\u00e9 l\u2019admiration de quiconque depuis l\u2019existence de ce pays dont la structure a \u00e9t\u00e9 soud\u00e9e dans une coexistence forc\u00e9e. Forc\u00e9e, subie et maintes fois rejet\u00e9e comme le t\u00e9moignent les incessants conflits internes qui ont jalonn\u00e9 son histoire.<\/p>\n<p>Retirons au Liban ce vernis reluisant qui ne lui sied qu\u2019au regard des autres. Il ne bluffe plus personne. Avant tout lui-m\u00eame. L\u2019image que lui renvoie le reflet de son miroir sans tain est celui d\u2019un pays livr\u00e9 \u00e0 la mauvaise foi de ses leaders qui pr\u00e9tendent vouloir lui \u00e9viter la guerre civile tout en faisant par ailleurs tout ce qu\u2019il faut pour qu\u2019elle devienne in\u00e9vitable. Voire n\u00e9cessaire. Que tous ces pseudos patriotes, soudainement amoureux fous de leur pays aillent d\u00e9compter leur arsenal qui arrive \u00e0 grand coup de renforts et cessent de nous faire avaler leurs trop grosses couleuvres. Dans leur tentative vaine et d\u00e9sesp\u00e9r\u00e9e de redorer leur blason au nom d\u2019un patriotisme \u00e9dulcor\u00e9, ils devraient n\u00e9anmoins tenir compte de la m\u00e9moire du peuple ; ce peuple qui n\u2019a rien oubli\u00e9, et qui n\u2019oubliera jamais ce qu\u2019on lui a fait subir et que l\u2019on s\u2019appr\u00eate \u00e0 lui servir de nouveau !? Que ces agitateurs qui ont la m\u00e9moire courte lorsqu\u2019il s\u2019agit de recourir \u00e0 la violence ou de mener des guerres dont ils ne seront pas victimes eux-m\u00eames puisque tapis dans leurs \u00e9tats majors, forteresses blind\u00e9es et inviolables, fustigeant leurs ordres \u00e0 ceux qui se feront tuer ou blesser au nom de pi\u00e8tres et sordides \u00ab causes \u00bb se mettent bien en t\u00eate que le peuple, lui, ne veut rien de tout cela, n\u2019a jamais rien voulu de tout cela. Ce peuple longtemps traumatis\u00e9 dans son esprit, dans sa chair et dans ses biens n\u2019a pas oubli\u00e9. N\u2019oubliera jamais. Alors, honte \u00e0 tous ceux qui entra\u00eenent le Liban contre le gr\u00e9 de ses habitants vers l\u2019ab\u00eeme. Il doit quand m\u00eame bien y avoir des compromis possibles entre l\u2019amour et la haine ; entre la coexistence id\u00e9ale et le rejet de l\u2019autre. (J\u2019oubliais que ce genre de d\u00e9cisions n\u2019appartenait pas aux libanais mais au bon vouloir de la Syrie de l\u2019Iran, des USA et de toutes les bonnes ou mauvaises conjonctures internationales\u2026)<\/p>\n<p>Quant \u00e0 ceux qui \u00e9voquent le Liban comme une entit\u00e9 indissociable, un mod\u00e8le de convivialit\u00e9, une r\u00e9f\u00e9rence multiconfessionnelle, ils se plantent. Les libanais n\u2019ont jamais \u00e9t\u00e9 unis. Ils ne le seront jamais. Au mieux, ils se tol\u00e8rent comme de bons vieux ennemis intimes. Ce qu\u2019ils sont d\u2019ailleurs. Et il serait grand temps de l\u2019admettre.<\/p>\n<p>belinda@dm.net.lb<\/p>\n<p>* Beyrouth<\/p>\n","protected":false},"excerpt":{"rendered":"<p>N\u2019en d\u00e9plaise \u00e0 ceux qui brandissent encore ce mot pour d\u00e9fendre l\u2019ind\u00e9fendable, il est temps de cesser de nous leurrer et- avec nous- de leurrer le monde entier avec une chim\u00e8re. L\u2019exception libanaise n\u2019existe tout simplement pas ; pas plus que rien d\u2019exceptionnel provenant d\u2019un Liban pluriel n\u2019a jamais forc\u00e9 l\u2019admiration de quiconque depuis l\u2019existence<\/p>\n","protected":false},"author":1127,"featured_media":0,"comment_status":"closed","ping_status":"closed","sticky":false,"template":"","format":"standard","meta":{"_uf_show_specific_survey":0,"_uf_disable_surveys":false,"footnotes":""},"categories":[],"tags":[700],"class_list":{"0":"post-119867","1":"post","2":"type-post","3":"status-publish","4":"format-standard","6":"tag-archives-fr"},"aioseo_notices":[],"_links":{"self":[{"href":"https:\/\/middleeasttransparent.com\/fr\/wp-json\/wp\/v2\/posts\/119867","targetHints":{"allow":["GET"]}}],"collection":[{"href":"https:\/\/middleeasttransparent.com\/fr\/wp-json\/wp\/v2\/posts"}],"about":[{"href":"https:\/\/middleeasttransparent.com\/fr\/wp-json\/wp\/v2\/types\/post"}],"author":[{"embeddable":true,"href":"https:\/\/middleeasttransparent.com\/fr\/wp-json\/wp\/v2\/users\/1127"}],"replies":[{"embeddable":true,"href":"https:\/\/middleeasttransparent.com\/fr\/wp-json\/wp\/v2\/comments?post=119867"}],"version-history":[{"count":0,"href":"https:\/\/middleeasttransparent.com\/fr\/wp-json\/wp\/v2\/posts\/119867\/revisions"}],"wp:attachment":[{"href":"https:\/\/middleeasttransparent.com\/fr\/wp-json\/wp\/v2\/media?parent=119867"}],"wp:term":[{"taxonomy":"category","embeddable":true,"href":"https:\/\/middleeasttransparent.com\/fr\/wp-json\/wp\/v2\/categories?post=119867"},{"taxonomy":"post_tag","embeddable":true,"href":"https:\/\/middleeasttransparent.com\/fr\/wp-json\/wp\/v2\/tags?post=119867"}],"curies":[{"name":"wp","href":"https:\/\/api.w.org\/{rel}","templated":true}]}}