{"id":119844,"date":"2007-01-21T22:16:22","date_gmt":"2007-01-21T21:16:22","guid":{"rendered":"https:\/\/middleeasttransparent.com\/linitiative-francaise-sur-liran-suscite-des-reactions-mitigees-en-europe\/"},"modified":"2024-01-27T21:12:41","modified_gmt":"2024-01-27T20:12:41","slug":"linitiative-francaise-sur-liran-suscite-des-reactions-mitigees-en-europe","status":"publish","type":"post","link":"https:\/\/middleeasttransparent.com\/fr\/linitiative-francaise-sur-liran-suscite-des-reactions-mitigees-en-europe\/","title":{"rendered":"L\u2019initiative fran\u00e7aise sur l\u2019Iran suscite des r\u00e9actions mitig\u00e9es en Europe"},"content":{"rendered":"<p>En pr\u00e9parant une initiative diplomatique unilat\u00e9rale en direction de l\u2019Iran, pour discuter avec les autorit\u00e9s de T\u00e9h\u00e9ran de \u00ab\u00a0questions r\u00e9gionales\u00a0\u00bb, surtout du Liban, la France a pris de court ses partenaires europ\u00e9ens. Le Quai d\u2019Orsay a r\u00e9p\u00e9t\u00e9, jeudi 18 janvier, que l\u2019envoi \u00a0\u00bb \u00e9ventuel\u00a0\u00bb d\u2019un \u00e9missaire fran\u00e7ais \u00e9tait \u00e0 l\u2019\u00e9tude, mais qu\u2019aucune d\u00e9cision d\u00e9finitive n\u2019avait \u00e9t\u00e9 prise \u00e0 ce sujet.<\/p>\n<p>Le Monde avait r\u00e9v\u00e9l\u00e9 mardi le projet fran\u00e7ais, qui devait prendre, \u00e0 l\u2019origine, la forme d\u2019un voyage du ministre des affaires \u00e9trang\u00e8res, Philippe Douste-Blazy, \u00e0 T\u00e9h\u00e9ran, avant que cette id\u00e9e ne soit abandonn\u00e9e au profit de l\u2019envoi d\u2019un \u00e9missaire de haut rang.<\/p>\n<p>Le fait que cette initiative, pr\u00e9par\u00e9e dans le secret, ait \u00e9t\u00e9 d\u00e9voil\u00e9e, a plong\u00e9 les responsables fran\u00e7ais dans un certain d\u00e9sarroi. On indique dans l\u2019entourage de Jacques Chirac que la d\u00e9marche de d\u00e9p\u00eacher un \u00e9missaire en Iran appara\u00eet, dans ces conditions, plut\u00f4t compromise.<\/p>\n<p>Aucun pays europ\u00e9en, que ce soit l\u2019Allemagne ou le Royaume-Uni, partenaires de la France au sein du groupe dit \u00ab\u00a0UE-3\u00a0\u00bb, qui traite depuis 2003 le dossier du nucl\u00e9aire iranien sur le plan diplomatique, ou que ce soit l\u2019Italie, premier contributeur de la Force int\u00e9rimaire des Nations unies au Liban (Finul), et qui doit en prendre prochainement le commandement, n\u2019a apport\u00e9 un soutien public \u00e0 la d\u00e9marche fran\u00e7aise.<\/p>\n<p>APPLICATION DE LA R\u00c9SOLUTION 1737<\/p>\n<p>De source europ\u00e9enne, on faisait part, jeudi, d\u2019une certaine perplexit\u00e9 face au geste de Paris. Celui-ci a \u00e9t\u00e9 pr\u00e9par\u00e9, souligne-t-on, de fa\u00e7on \u00ab\u00a0tr\u00e8s interne\u00a0\u00bb, sans que les autres pays europ\u00e9ens aient \u00e9t\u00e9 consult\u00e9s. La d\u00e9marche fran\u00e7aise intervient au moment o\u00f9, au niveau de l\u2019Union europ\u00e9enne, des discussions sont en cours sur la mise en oeuvre de la r\u00e9solution 1737, vot\u00e9e le 23 d\u00e9cembre par le Conseil de s\u00e9curit\u00e9 de l\u2019ONU, et qui a frapp\u00e9 l\u2019Iran de sanctions en raison de la poursuite de ses activit\u00e9s nucl\u00e9aires.<\/p>\n<p>\u00ab\u00a0Le geste fran\u00e7ais a \u00e9t\u00e9 une surprise pour tout le monde, commente une source bas\u00e9e \u00e0 Bruxelles. Notamment par la forme qu\u2019il a prise.\u00a0\u00bb Alors que la majorit\u00e9 des Europ\u00e9ens p\u00e8se pour une application stricto sensu de la r\u00e9solution, le paradoxe est, constate cette source, que \u00ab\u00a0les diplomates fran\u00e7ais engag\u00e9s dans les discussions au niveau europ\u00e9en sont, eux, plut\u00f4t favorables \u00e0 une mise en oeuvre large de la r\u00e9solution\u00a0\u00bb. L\u2019initiative de l\u2019Elys\u00e9e en direction de l\u2019Iran pourrait avoir pour cons\u00e9quence de conforter ceux qui, en Europe, souhaitent une mise en oeuvre a minima des sanctions.<\/p>\n<p>L\u2019envoi d\u2019un \u00e9missaire fran\u00e7ais en Iran ne viserait pas \u00e0 \u00e9voquer la question nucl\u00e9aire, r\u00e9p\u00e8te-t-on de source officielle \u00e0 Paris. Mais les partenaires europ\u00e9ens en \u00e9taient encore, jeudi, \u00e0 chercher des \u00e9claircissements sur la teneur exacte de l\u2019initiative fran\u00e7aise. Le sentiment g\u00e9n\u00e9ral est que Paris \u00ab\u00a0devrait faire preuve d\u2019une plus grande transparence\u00a0\u00bb, dit une source europ\u00e9enne, qui fait observer que \u00ab\u00a0s\u2019il s\u2019agit de parler avec les responsables iraniens de la situation au Liban, avec comme pr\u00e9occupation notamment la s\u00e9curit\u00e9 des troupes de la Finul, les Italiens, qui sont concern\u00e9s au premier chef, auraient pu \u00eatre consult\u00e9s\u00a0\u00bb.<\/p>\n<p>En visite jeudi \u00e0 Paris, o\u00f9 il s\u2019est entretenu avec M. Douste-Blazy, le directeur g\u00e9n\u00e9ral de l\u2019Agence internationale de l\u2019\u00e9nergie atomique (AIEA), Mohamed ElBaradei, n\u2019a pas fait de commentaire sp\u00e9cifique sur l\u2019initiative diplomatique fran\u00e7aise. Mais il a d\u00e9clar\u00e9 accueillir favorablement \u00a0\u00bb tout effort, qu\u2019il vienne des Europ\u00e9ens, ou en particulier des Am\u00e9ricains, pour obtenir que l\u2019Iran coop\u00e8re\u00a0\u00bb.<\/p>\n<p>M. ElBaradei a aussi exprim\u00e9 des doutes sur la politique de sanctions contre l\u2019Iran, craignant qu\u2019elle ne m\u00e8ne \u00e0 une \u00ab\u00a0confrontation\u00a0\u00bb. Il a par ailleurs mis en garde contre tout sc\u00e9nario d\u2019action militaire. \u00ab\u00a0On ne peut pas bombarder la connaissance\u00a0\u00bb, a-t-il dit, en allusion \u00e0 la volont\u00e9 des Iraniens de ma\u00eetriser la technologie nucl\u00e9aire.<\/p>\n<p>Natalie Nougayr\u00e8de<\/p>\n<p>Le Monde<\/p>\n","protected":false},"excerpt":{"rendered":"<p>En pr\u00e9parant une initiative diplomatique unilat\u00e9rale en direction de l\u2019Iran, pour discuter avec les autorit\u00e9s de T\u00e9h\u00e9ran de \u00ab\u00a0questions r\u00e9gionales\u00a0\u00bb, surtout du Liban, la France a pris de court ses partenaires europ\u00e9ens. Le Quai d\u2019Orsay a r\u00e9p\u00e9t\u00e9, jeudi 18 janvier, que l\u2019envoi \u00a0\u00bb \u00e9ventuel\u00a0\u00bb d\u2019un \u00e9missaire fran\u00e7ais \u00e9tait \u00e0 l\u2019\u00e9tude, mais qu\u2019aucune d\u00e9cision d\u00e9finitive n\u2019avait<\/p>\n","protected":false},"author":1,"featured_media":0,"comment_status":"closed","ping_status":"closed","sticky":false,"template":"","format":"standard","meta":{"_uf_show_specific_survey":0,"_uf_disable_surveys":false,"footnotes":""},"categories":[],"tags":[700],"class_list":{"0":"post-119844","1":"post","2":"type-post","3":"status-publish","4":"format-standard","6":"tag-archives-fr"},"aioseo_notices":[],"_links":{"self":[{"href":"https:\/\/middleeasttransparent.com\/fr\/wp-json\/wp\/v2\/posts\/119844","targetHints":{"allow":["GET"]}}],"collection":[{"href":"https:\/\/middleeasttransparent.com\/fr\/wp-json\/wp\/v2\/posts"}],"about":[{"href":"https:\/\/middleeasttransparent.com\/fr\/wp-json\/wp\/v2\/types\/post"}],"author":[{"embeddable":true,"href":"https:\/\/middleeasttransparent.com\/fr\/wp-json\/wp\/v2\/users\/1"}],"replies":[{"embeddable":true,"href":"https:\/\/middleeasttransparent.com\/fr\/wp-json\/wp\/v2\/comments?post=119844"}],"version-history":[{"count":0,"href":"https:\/\/middleeasttransparent.com\/fr\/wp-json\/wp\/v2\/posts\/119844\/revisions"}],"wp:attachment":[{"href":"https:\/\/middleeasttransparent.com\/fr\/wp-json\/wp\/v2\/media?parent=119844"}],"wp:term":[{"taxonomy":"category","embeddable":true,"href":"https:\/\/middleeasttransparent.com\/fr\/wp-json\/wp\/v2\/categories?post=119844"},{"taxonomy":"post_tag","embeddable":true,"href":"https:\/\/middleeasttransparent.com\/fr\/wp-json\/wp\/v2\/tags?post=119844"}],"curies":[{"name":"wp","href":"https:\/\/api.w.org\/{rel}","templated":true}]}}