{"id":119367,"date":"2024-01-09T19:13:27","date_gmt":"2024-01-09T18:13:27","guid":{"rendered":"https:\/\/middleeasttransparent.com\/?p=119367"},"modified":"2024-03-30T20:02:50","modified_gmt":"2024-03-30T19:02:50","slug":"jean-miguel-garrigues-theologien-une-doctrine-de-leglise-primitive-a-genere-des-siecles-de-souffrances-pour-les-juifs-dans-le-monde-chretien","status":"publish","type":"post","link":"https:\/\/middleeasttransparent.com\/fr\/jean-miguel-garrigues-theologien-une-doctrine-de-leglise-primitive-a-genere-des-siecles-de-souffrances-pour-les-juifs-dans-le-monde-chretien\/","title":{"rendered":"Jean-Miguel Garrigues, th\u00e9ologien\u00a0: \u00ab\u00a0Une doctrine de l\u2019Eglise primitive a g\u00e9n\u00e9r\u00e9 des si\u00e8cles de souffrances pour les juifs dans le monde chr\u00e9tien\u00a0\u00bb"},"content":{"rendered":"<h2><strong>Dans un entretien au \u00ab Monde \u00bb, le th\u00e9ologien Jean-Miguel Garrigues analyse la scission progressive entre le mouvement lanc\u00e9 par les disciples de J\u00e9sus et le juda\u00efsme. Il passe au crible une th\u00e9orie qui a nourri l\u2019hostilit\u00e9 des chr\u00e9tiens \u00e0 l\u2019\u00e9gard des juifs au moins jusqu\u2019au XX\u1d49 si\u00e8cle : la \u00ab doctrine de la substitution \u00bb, selon laquelle Dieu a envoy\u00e9 le Messie \u00e0 Isra\u00ebl, qui ne l\u2019a pas reconnu.<\/strong><\/h2>\n<p>&nbsp;<\/p>\n<p>&nbsp;<\/p>\n<header class=\"article__header \">\n<div class=\"article__header-wrap\">\n<p id=\"js-authors-trigger\" class=\"meta meta__publisher meta__publisher--header\"><span id=\"js-authors-list\" class=\"meta__author meta__author--header\"><span style=\"color: #0000ff;\"> Propos recueillis par\u00a0<a class=\"article__author-link\" style=\"color: #0000ff;\" href=\"\/signataires\/cyprien-mycinski\/\">Cyprien Mycinski<\/a>\u00a0<\/span> <\/span><\/p>\n<section class=\"meta__date-reading\"><\/section>\n<\/div>\n<\/header>\n<section class=\"article__wrapper article__wrapper--premium \">\n<article class=\"article__content old__article-content-single\">\n<p class=\"article__paragraph \">En\u00a02000, au nom de l\u2019Eglise catholique, <a href=\"https:\/\/www.lemonde.fr\/archives\/article\/2000\/03\/28\/et-jean-paul-ii-glissa-son-message-de-pardon-dans-le-mur-des-lamentations_3615903_1819218.html\">Jean Paul\u00a0II d\u00e9posa entre les pierres du mur des Lamentations<\/a>, \u00e0 J\u00e9rusalem, un acte de repentance, demandant pardon pour des si\u00e8cles d\u2019antijuda\u00efsme chr\u00e9tien. Pr\u00eatre et th\u00e9ologien dominicain, Jean-Miguel Garrigues avait contribu\u00e9 \u00e0 la pr\u00e9paration de ce texte. Dans son ouvrage <em>L\u2019Impossible substitution. Juifs et chr\u00e9tiens (I<sup>er<\/sup>-III<sup>e<\/sup>\u00a0si\u00e8cles) <\/em>(Les Belles Lettres, 2023), il s\u2019int\u00e9resse \u00e0 la scission progressive entre l\u2019Eglise primitive et le juda\u00efsme, et se penche en particulier sur la \u00ab\u00a0doctrine de la substitution\u00a0\u00bb.<\/p>\n<h3 class=\"article__question\">J\u00e9sus est juif et \u00ab\u00a0n\u2019a pas fond\u00e9 une nouvelle religion\u00a0\u00bb, rappelez-vous dans votre ouvrage. Comment son enseignement est-il alors re\u00e7u par ses coreligionnaires\u00a0?<\/h3>\n<p class=\"article__paragraph \"><a href=\"https:\/\/www.lemonde.fr\/le-monde-des-religions\/article\/2021\/12\/25\/jesus-a-t-il-vraiment-existe-les-arguments-des-historiens-face-a-la-these-mythiste_6107263_6038514.html\">J\u00e9sus de Nazareth se situe pleinement au sein du juda\u00efsme<\/a>, mais sa parole tranche avec le juda\u00efsme de son temps. J\u00e9sus, en effet, r\u00e9active le proph\u00e9tisme, c\u2019est-\u00e0-dire qu\u2019il parle au nom de Dieu et atteste de cela en r\u00e9alisant des \u00ab\u00a0signes\u00a0\u00bb. Or, les derniers proph\u00e8tes reconnus du juda\u00efsme \u2013 Agg\u00e9e, Zacharie, Malachie \u2013 avaient v\u00e9cu presque cinq cents ans avant lui.<\/p>\n<div id=\"inread_top\" class=\"dfp-slot dfp__slot dfp__inread dfp-unloaded\" data-format=\"inread_top\" aria-hidden=\"true\"><\/div>\n<p class=\"article__paragraph \">Au I<sup>er<\/sup>\u00a0si\u00e8cle, le proph\u00e9tisme de J\u00e9sus appara\u00eet en rupture avec le juda\u00efsme \u00e9tabli. Cela a\u00a0surpris et a emport\u00e9 l\u2019adh\u00e9sion d\u2019une partie des juifs de son \u00e9poque, mais a aussi suscit\u00e9 l\u2019hostilit\u00e9 chez d\u2019autres. Au d\u00e9part, J\u00e9sus et ses disciples constituent donc un nouveau courant au sein d\u2019un juda\u00efsme qui est alors pluriel et en comprend plusieurs autres. Ce courant, qui conduira plus tard \u00e0 l\u2019apparition du christianisme, est alors d\u00e9sign\u00e9 comme \u00ab\u00a0nazar\u00e9en\u00a0\u00bb, puisque le terme de \u00ab\u00a0chr\u00e9tien\u00a0\u00bb n\u2019existe pas encore.<\/p>\n<h3 class=\"article__question\">Quels sont les autres courants du juda\u00efsme du I<sup>er<\/sup>\u00a0si\u00e8cle\u00a0? Et quelles relations entretiennent-ils avec les \u00ab\u00a0nazar\u00e9ens\u00a0\u00bb\u00a0?<\/h3>\n<p class=\"article__paragraph \">Il y a d\u2019abord le groupe des sadduc\u00e9ens, qui r\u00e9unit les pr\u00eatres du Temple de J\u00e9rusalem. Il s\u2019agit d\u2019une \u00e9lite sociale d\u00e9test\u00e9e par la population en raison de sa richesse, de sa corruption et de sa collusion avec les autorit\u00e9s romaines. Ce sont eux qui livrent J\u00e9sus aux Romains. Les ess\u00e9niens, quant \u00e0 eux, se sont retir\u00e9s dans le d\u00e9sert, sans doute \u00e0 Qumran, o\u00f9 ils vivent dans une forme d\u2019isolement monastique. Les z\u00e9lotes, pour leur part, entendent avant tout lib\u00e9rer la terre d\u2019Isra\u00ebl de l\u2019occupation \u00e9trang\u00e8re par la lutte arm\u00e9e.<\/p>\n<div class=\"multimedia-embed snippet\">\n<div class=\"BeOpVSlot\"><\/div>\n<\/div>\n<p class=\"article__paragraph \">Le dernier courant, celui des pharisiens, est le plus important, car il va jouer un r\u00f4le d\u00e9cisif \u00e0\u00a0la fois dans l\u2019\u00e9volution de la religion juive et dans sa relation avec le christianisme naissant. Les pharisiens consid\u00e8rent que l\u2019essentiel de la vie religieuse tient dans la m\u00e9ditation et l\u2019observance scrupuleuse de la Loi. Ils ont ind\u00e9niablement \u00e9chang\u00e9 avec J\u00e9sus et ses disciples\u00a0: les Evangiles \u00e9voquent le repas de J\u00e9sus chez le pharisien Simon (Lc 7, 36-49) ou bien son entrevue avec Nicod\u00e8me, pharisien lui aussi (Jn 3, 1-21).<\/p>\n<section class=\"inread inread--NL js-services-inread\">\n<div class=\"inread__cta\"><\/div>\n<\/section>\n<p class=\"article__paragraph \">Reste que pharisiens et nazar\u00e9ens s\u2019opposent radicalement sur la distinction du juste et de l\u2019injuste. J\u00e9sus, en effet, consid\u00e8re que l\u2019on peut dans certains cas s\u2019\u00e9carter d\u2019un strict respect de prescriptions de la Loi, comme le repos du sabbat (Mc 2, 23-28).<\/p>\n<p class=\"article__paragraph \">Plus encore, il se rend chez des hommes de mauvaise vie \u2013 Zach\u00e9e le collecteur d\u2019imp\u00f4t, par exemple (Lc 19, 1-10) \u2013 et accepte de nouer des contacts avec des pa\u00efens, comme le centurion dont il gu\u00e9rit le serviteur (Lc 7, 1-10), la Samaritaine \u00e0 qui il r\u00e9v\u00e8le qu\u2019il est le Messie (Jn 4, 4-29) ou bien la Canan\u00e9enne dont il loue la foi (Mt 15, 21-28).<\/p>\n<section class=\"catcher catcher--favoris\">\n<div class=\"catcher__content\"><span class=\"catcher__title catcher__title--hide\">Lire aussi :<\/span><span class=\"catcher__desc\"> <span class=\"icon__premium\"><span class=\"sr-only\">Article r\u00e9serv\u00e9 \u00e0 nos abonn\u00e9s<\/span><\/span> <a class=\"js-article-read-also catcher--favoris__link\" href=\"https:\/\/www.lemonde.fr\/idees\/article\/2021\/04\/14\/les-pharisiens-ou-l-histoire-d-un-prejuge_6076701_3232.html\" data-premium=\"1\">Les pharisiens ou l\u2019histoire d\u2019un pr\u00e9jug\u00e9<\/a> <\/span><\/div>\n<div class=\"meta__icon meta__icon--favorite lmd-dropdown-favorite\" data-position=\"lire aussi\" data-url=\"https:\/\/www.lemonde.fr\/idees\/article\/2021\/04\/14\/les-pharisiens-ou-l-histoire-d-un-prejuge_6076701_3232.html\" data-loaded=\"loaded\"><\/div>\n<\/section>\n<p class=\"article__paragraph \">Pour les pharisiens, c\u2019est tr\u00e8s probl\u00e9matique, car cela brouille, voire efface, les fronti\u00e8res \u00e9tablies par la Loi \u00e0 la fois entre le pur et l\u2019impur, et entre les juifs et les \u00ab\u00a0gentils\u00a0\u00bb, les non-juifs. Plus tard, <a href=\"https:\/\/www.lemonde.fr\/le-monde-des-religions\/article\/2023\/05\/18\/l-apotre-paul-un-conservateur-misogyne-et-antisemite-ce-proces-est-totalement-injuste_6173824_6038514.html\">saint Paul<\/a> imposera l\u2019id\u00e9e que les pa\u00efens qui adh\u00e8rent au message de J\u00e9sus n\u2019ont pas \u00e0 se circoncire, ce qui signifie qu\u2019ils n\u2019ont pas \u00e0 devenir juifs. Ainsi, alors que les pharisiens \u00e9vitent de frayer avec les non-juifs, l\u2019ouverture des nazar\u00e9ens aux \u00ab\u00a0gentils\u00a0\u00bb va croissant. C\u2019est de cette divergence qu\u2019est n\u00e9e la s\u00e9paration entre juda\u00efsme et christianisme.<\/p>\n<h3 class=\"article__question\">Comment cette s\u00e9paration entre les deux religions s\u2019op\u00e8re-t-elle\u00a0?<\/h3>\n<p class=\"article__paragraph \">Ce sont les deux r\u00e9voltes juives de 66-73 et 132-135 qui entra\u00eenent une division progressive et de plus en plus nette entre l\u2019Eglise et le juda\u00efsme, jusqu\u2019\u00e0 la scission. Ces deux guerres, d\u00e9clench\u00e9es par des z\u00e9lotes pour chasser les Romains de la terre d\u2019Isra\u00ebl, s\u2019ach\u00e8vent par des d\u00e9faites juives. Elles ont de lourdes cons\u00e9quences \u00e0 la fois sur le juda\u00efsme, sur le christianisme et sur les relations entre les deux religions.<\/p>\n<section class=\"catcher catcher--favoris\">\n<div class=\"catcher__content\"><span class=\"catcher__title catcher__title--hide\">Lire aussi :<\/span><span class=\"catcher__desc\"> <span class=\"icon__premium\"><span class=\"sr-only\">Article r\u00e9serv\u00e9 \u00e0 nos abonn\u00e9s<\/span><\/span> <a class=\"js-article-read-also catcher--favoris__link\" href=\"https:\/\/www.lemonde.fr\/le-monde-des-religions\/article\/2022\/08\/07\/ces-juifs-qui-ont-fait-la-guerre-a-rome_6137396_6038514.html\" data-premium=\"1\">Ces juifs qui ont fait la guerre \u00e0 Rome<\/a> <\/span><\/div>\n<div class=\"meta__icon meta__icon--favorite lmd-dropdown-favorite\" data-position=\"lire aussi\" data-url=\"https:\/\/www.lemonde.fr\/le-monde-des-religions\/article\/2022\/08\/07\/ces-juifs-qui-ont-fait-la-guerre-a-rome_6137396_6038514.html\" data-loaded=\"loaded\"><\/div>\n<\/section>\n<p class=\"article__paragraph \">Elles d\u00e9bouchent premi\u00e8rement sur une nette \u00e9volution du juda\u00efsme. En effet, les courants sadduc\u00e9en et z\u00e9lote disparaissent, le premier car le Temple de J\u00e9rusalem est d\u00e9truit en\u00a070, le second car la lutte arm\u00e9e contre Rome \u00e9choue.<\/p>\n<figure class=\"article__media\"><picture class=\"article__media\"><source srcset=\" https:\/\/img.lemde.fr\/2024\/01\/05\/0\/0\/2493\/3051\/556\/0\/75\/0\/5f11974_1704450181459-jean-miguel-garrigues-print.jpg 556w, https:\/\/img.lemde.fr\/2024\/01\/05\/0\/0\/2493\/3051\/600\/0\/75\/0\/5f11974_1704450181459-jean-miguel-garrigues-print.jpg 600w, https:\/\/img.lemde.fr\/2024\/01\/05\/0\/0\/2493\/3051\/664\/0\/75\/0\/5f11974_1704450181459-jean-miguel-garrigues-print.jpg 664w, https:\/\/img.lemde.fr\/2024\/01\/05\/0\/0\/2493\/3051\/700\/0\/75\/0\/5f11974_1704450181459-jean-miguel-garrigues-print.jpg 700w, https:\/\/img.lemde.fr\/2024\/01\/05\/0\/0\/2493\/3051\/800\/0\/75\/0\/5f11974_1704450181459-jean-miguel-garrigues-print.jpg 800w\" sizes=\"(min-width: 1024px) 664px, 100vw\" \/><img fetchpriority=\"high\" decoding=\"async\" class=\"lzld--loading\" src=\"https:\/\/img.lemde.fr\/2024\/01\/05\/0\/0\/2493\/3051\/664\/0\/75\/0\/5f11974_1704450181459-jean-miguel-garrigues-print.jpg\" sizes=\"(min-width: 1024px) 664px, 100vw\" alt=\"Jean-Miguel Garrigues, th\u00e9ologien \" width=\"664\" height=\"443\" data-was-processed=\"true\" \/> <\/picture><noscript> <img decoding=\"async\" src=\"https:\/\/img.lemde.fr\/2024\/01\/05\/0\/0\/2493\/3051\/664\/0\/75\/0\/5f11974_1704450181459-jean-miguel-garrigues-print.jpg\" alt=\"Jean-Miguel Garrigues, th\u00e9ologien \"> <\/noscript><figcaption class=\"article__legend\" aria-hidden=\"true\">Jean-Miguel Garrigues, th\u00e9ologien <span class=\"article__credit\" aria-hidden=\"true\"><span class=\"article__credit\" aria-hidden=\"true\">YANN LEGENDRE<\/span><\/span>\u00a0<\/figcaption><\/figure>\n<p class=\"article__paragraph \">Tout cela renforce m\u00e9caniquement l\u2019influence du courant pharisien sur le juda\u00efsme. Sous ses auspices, la religion juive se r\u00e9organise fortement. Elle ne se centre plus sur le culte divin c\u00e9l\u00e9br\u00e9 par les pr\u00eatres dans le Temple, mais sur l\u2019interpr\u00e9tation de la Loi men\u00e9e par les rabbins dans les synagogues. C\u2019est en fait le juda\u00efsme que nous connaissons jusqu\u2019\u00e0 aujourd\u2019hui qui na\u00eet alors.<\/p>\n<p class=\"article__paragraph \">Or, ce juda\u00efsme d\u2019inspiration pharisienne regarde les nazar\u00e9ens comme des d\u00e9viants et les exclut des synagogues. En outre, \u00e0 l\u2019issue de la deuxi\u00e8me insurrection, celle de Bar-Kokhba <em>[132-135]<\/em>, Rome d\u00e9cide d\u2019expulser les juifs de la terre d\u2019Isra\u00ebl. Parmi eux se trouvent des juifs qui respectent la Loi mosa\u00efque, tout en proclamant la messianit\u00e9 de J\u00e9sus de Nazareth. Ces \u00ab\u00a0jud\u00e9o-chr\u00e9tiens\u00a0\u00bb, qui jusque-l\u00e0 faisaient encore le lien entre le juda\u00efsme et le christianisme naissant, sont alors rejet\u00e9s vers la Transjordanie, o\u00f9 ils deviennent un groupe marginal.<\/p>\n<section class=\"catcher catcher--favoris\">\n<div class=\"catcher__content\"><span class=\"catcher__title catcher__title--hide\">Lire aussi :<\/span><span class=\"catcher__desc\"> <span class=\"icon__premium\"><span class=\"sr-only\">Article r\u00e9serv\u00e9 \u00e0 nos abonn\u00e9s<\/span><\/span> <a class=\"js-article-read-also catcher--favoris__link\" href=\"https:\/\/www.lemonde.fr\/le-monde-des-religions\/article\/2023\/12\/24\/a-travers-les-legendes-sur-jesus-nous-arrivons-a-discerner-en-filigrane-des-elements-sur-sa-veritable-existence_6207523_6038514.html\" data-premium=\"1\">\u00ab\u00a0A travers les l\u00e9gendes sur J\u00e9sus, nous arrivons \u00e0 discerner en filigrane des \u00e9l\u00e9ments sur sa v\u00e9ritable existence\u00a0\u00bb<\/a> <\/span><\/div>\n<div class=\"meta__icon meta__icon--favorite lmd-dropdown-favorite\" data-position=\"lire aussi\" data-url=\"https:\/\/www.lemonde.fr\/le-monde-des-religions\/article\/2023\/12\/24\/a-travers-les-legendes-sur-jesus-nous-arrivons-a-discerner-en-filigrane-des-elements-sur-sa-veritable-existence_6207523_6038514.html\" data-loaded=\"loaded\"><\/div>\n<\/section>\n<p class=\"article__paragraph \">L\u2019Eglise en formation voit ainsi son lien avec J\u00e9rusalem et avec le juda\u00efsme s\u2019estomper. Elle est d\u00e9sormais constitu\u00e9e essentiellement de gentils, et sa t\u00eate se fixe \u00e0 Rome. Au milieu du II<sup>e<\/sup>\u00a0si\u00e8cle, on peut donc consid\u00e9rer que le christianisme s\u2019est s\u00e9par\u00e9 du juda\u00efsme.<\/p>\n<h3 class=\"article__question\">Et, du c\u00f4t\u00e9 des premiers chr\u00e9tiens eux-m\u00eames, y avait-il une volont\u00e9 de se couper radicalement de l\u2019origine juive du christianisme\u00a0?<\/h3>\n<p class=\"article__paragraph \">Ce fut la tentation du marcionisme. Cette mouvance est apparue vers\u00a0140 dans le sillage d\u2019un certain Marcion, qui consid\u00e9rait que le Dieu de la Loi r\u00e9v\u00e9l\u00e9 dans la Bible h\u00e9bra\u00efque \u00e9tait absolument diff\u00e9rent du Dieu de mis\u00e9ricorde de l\u2019Evangile. Il estimait donc que l\u2019Eglise devait rejeter l\u2019Ancien Testament. Marcion fut excommuni\u00e9 \u00e0 Rome, et le marcionisme condamn\u00e9 comme h\u00e9r\u00e9sie.<\/p>\n<section class=\"catcher catcher--favoris\">\n<div class=\"catcher__content\"><span class=\"catcher__title catcher__title--hide\">Lire aussi :<\/span><span class=\"catcher__desc\"> <span class=\"icon__premium\"><span class=\"sr-only\">Article r\u00e9serv\u00e9 \u00e0 nos abonn\u00e9s<\/span><\/span> <a class=\"js-article-read-also catcher--favoris__link\" href=\"https:\/\/www.lemonde.fr\/le-monde-des-religions\/article\/2023\/05\/28\/pentecote-ce-que-l-on-sait-sur-les-tout-premiers-chretiens_6175176_6038514.html\" data-premium=\"1\">Ce que l\u2019on sait sur les tout premiers chr\u00e9tiens<\/a> <\/span><\/div>\n<div class=\"meta__icon meta__icon--favorite lmd-dropdown-favorite\" data-position=\"lire aussi\" data-url=\"https:\/\/www.lemonde.fr\/le-monde-des-religions\/article\/2023\/05\/28\/pentecote-ce-que-l-on-sait-sur-les-tout-premiers-chretiens_6175176_6038514.html\" data-loaded=\"loaded\"><\/div>\n<\/section>\n<p class=\"article__paragraph \">Toutefois, cette opinion a connu de malheureux retours dans l\u2019histoire du christianisme \u2013 pensons aux militants Deutschen Christen, ces chr\u00e9tiens qui pactis\u00e8rent avec le nazisme, cherchant \u00e0 \u00ab\u00a0d\u00e9juda\u00efser\u00a0\u00bb le christianisme et le Christ lui-m\u00eame. Il me semble aussi qu\u2019il n\u2019est pas rare d\u2019entendre des chr\u00e9tiens faire du marcionisme sans le savoir, notamment quand ils opposent radicalement un pr\u00e9tendu Dieu vengeur de l\u2019Ancien Testament \u00e0 un Dieu qui ne serait qu\u2019Amour dans le Nouveau.<\/p>\n<h3 class=\"article__question\">Au-del\u00e0 du marcionisme, comment le christianisme primitif pense-t-il son rapport au juda\u00efsme dont il est issu\u00a0?<\/h3>\n<p class=\"article__paragraph \">Dans l\u2019Eglise primitive, apr\u00e8s la marginalisation du jud\u00e9o-christianisme, se structure un rapport d\u2019hostilit\u00e9 au juda\u00efsme, fond\u00e9 sur l\u2019id\u00e9e que les juifs se sont dress\u00e9s contre J\u00e9sus et les ap\u00f4tres. De cette opposition est n\u00e9e, vers les II<sup>e<\/sup>-III<sup>e<\/sup>\u00a0si\u00e8cles, la \u00ab\u00a0doctrine de la substitution\u00a0\u00bb. Selon cette th\u00e9orie, Dieu a envoy\u00e9 le Messie \u00e0 Isra\u00ebl, mais celui-ci ne l\u2019a pas reconnu, l\u2019a rejet\u00e9 et l\u2019a mis \u00e0 mort.<\/p>\n<p class=\"article__paragraph \">D\u00e9icide, Isra\u00ebl est donc d\u00e9sormais rejet\u00e9 par Dieu. Selon les partisans de cette th\u00e9orie, la destruction du Temple puis la dispersion du peuple confirment cette condamnation divine. Dieu avait donn\u00e9 la \u00ab\u00a0Terre de la Promesse\u00a0\u00bb \u00e0 Isra\u00ebl, mais Il la lui a retir\u00e9e. A l\u2019ancien peuple \u00e9lu \u2013 Isra\u00ebl \u2013 s\u2019en est donc substitu\u00e9 un nouveau\u00a0: l\u2019Eglise. Cette \u00ab\u00a0doctrine de la substitution\u00a0\u00bb conduit finalement \u00e0 regarder les juifs comme le peuple qui a apport\u00e9 les Ecritures, mais sans les comprendre.<\/p>\n<section class=\"catcher catcher--favoris\">\n<div class=\"catcher__content\"><span class=\"catcher__title catcher__title--hide\">Lire aussi :<\/span><span class=\"catcher__desc\"> <span class=\"icon__premium\"><span class=\"sr-only\">Article r\u00e9serv\u00e9 \u00e0 nos abonn\u00e9s<\/span><\/span> <a class=\"js-article-read-also catcher--favoris__link\" href=\"https:\/\/www.lemonde.fr\/le-monde-des-religions\/article\/2022\/07\/03\/en-l-an-70-la-start-up-jesus-aurait-pu-disparaitre_6133122_6038514.html\" data-premium=\"1\">\u00ab\u00a0En l\u2019an 70, la start-up J\u00e9sus aurait pu dispara\u00eetre\u00a0\u00bb<\/a> <\/span><\/div>\n<div class=\"meta__icon meta__icon--favorite lmd-dropdown-favorite\" data-position=\"lire aussi\" data-url=\"https:\/\/www.lemonde.fr\/le-monde-des-religions\/article\/2022\/07\/03\/en-l-an-70-la-start-up-jesus-aurait-pu-disparaitre_6133122_6038514.html\" data-loaded=\"loaded\"><\/div>\n<\/section>\n<p class=\"article__paragraph \">Plusieurs passages de la Bible sont convoqu\u00e9s pour justifier th\u00e9ologiquement cette doctrine. C\u2019est le cas, par exemple, de l\u2019\u00e9vocation des deux fils d\u2019Isaac que sont Esa\u00fc et Jacob (Gn 25-27). Esa\u00fc est l\u2019a\u00een\u00e9, mais c\u2019est pourtant Jacob qui re\u00e7oit l\u2019h\u00e9ritage et la b\u00e9n\u00e9diction de son p\u00e8re. L\u2019Eglise interpr\u00e8te le passage en consid\u00e9rant qu\u2019Esa\u00fc repr\u00e9sente Isra\u00ebl, tandis que Jacob repr\u00e9sente l\u2019Eglise. Le peuple a\u00een\u00e9, Isra\u00ebl, a donc \u00e9t\u00e9 priv\u00e9 de la b\u00e9n\u00e9diction de Dieu, qui est pass\u00e9e au peuple cadet, l\u2019Eglise.<\/p>\n<h3 class=\"article__question\">Cette \u00ab\u00a0doctrine de la substitution\u00a0\u00bb peut-elle \u00eatre regard\u00e9e comme un fondement de l\u2019antijuda\u00efsme chr\u00e9tien\u00a0?<\/h3>\n<p class=\"article__paragraph \">Oui, puisqu\u2019elle a \u00e9t\u00e9 au c\u0153ur de \u00ab\u00a0l\u2019enseignement du m\u00e9pris\u00a0\u00bb <em>[expression popularis\u00e9e par l\u2019historien fran\u00e7ais Jules Isaac (1877-1963), auteur, en\u00a01962,\u00a0de l\u2019ouvrage <\/em>L\u2019Enseignement du m\u00e9pris. V\u00e9rit\u00e9 historique et mythes th\u00e9ologiques<em>]<\/em>, qui a g\u00e9n\u00e9r\u00e9 des si\u00e8cles de souffrances pour les juifs dans le monde chr\u00e9tien. Et cela a perdur\u00e9 tr\u00e8s longtemps.<\/p>\n<p class=\"article__paragraph \">Il faut se souvenir de ce qu\u2019\u00e9tait la liturgie catholique du Vendredi saint jusqu\u2019au milieu du XX<sup>e<\/sup>\u00a0si\u00e8cle. On a peine \u00e0 l\u2019imaginer, mais les catholiques priaient <em>pro perfidis Judaeis<\/em>, \u00ab\u00a0pour les juifs incr\u00e9dules, afin que Dieu enl\u00e8ve le voile qui couvre leur c\u0153ur et qu\u2019eux aussi reconnaissent J\u00e9sus, le Christ, Notre Seigneur\u00a0\u00bb\u2026<\/p>\n<h3 class=\"article__question\">La \u00ab\u00a0doctrine de la substitution\u00a0\u00bb a-t-elle encore cours dans l\u2019Eglise d\u2019aujourd\u2019hui\u00a0?<\/h3>\n<p class=\"article__paragraph \">Non, fort heureusement. Au cours des derni\u00e8res d\u00e9cennies, l\u2019Eglise catholique, comme d\u2019autres confessions chr\u00e9tiennes, a profond\u00e9ment r\u00e9examin\u00e9 sa relation au juda\u00efsme. Apr\u00e8s la Shoah, qui a suscit\u00e9 parmi les chr\u00e9tiens des appels au repentir, <a href=\"https:\/\/www.lemonde.fr\/le-monde-des-religions\/article\/2022\/10\/09\/60-ans-de-vatican-ii-cinq-questions-sur-le-concile-qui-a-ouvert-l-eglise-a-la-modernite_6145037_6038514.html\">le concile Vatican\u00a0II <em>[1962-1965<\/em><\/a><em>]<\/em> a profond\u00e9ment renouvel\u00e9 l\u2019enseignement de l\u2019Eglise sur le juda\u00efsme. La d\u00e9claration <em>Nostra aetate<\/em> <em>[1965] <\/em>a en effet condamn\u00e9 sans ambigu\u00eft\u00e9 l\u2019antijuda\u00efsme chr\u00e9tien traditionnel.<\/p>\n<section class=\"catcher catcher--favoris\">\n<div class=\"catcher__content\"><\/div>\n<\/section>\n<p class=\"article__paragraph \">La liturgie du Vendredi saint a alors \u00e9t\u00e9 profond\u00e9ment remani\u00e9e puisque les catholiques prient d\u00e9sormais \u00ab\u00a0pour les juifs \u00e0 qui Dieu a parl\u00e9 en premier\u00a0\u00bb. Jean Paul\u00a0II<em> [1920-2005] <\/em>\u2013 second\u00e9 en cela par <a href=\"https:\/\/www.lemonde.fr\/disparitions\/article\/2007\/08\/06\/jean-marie-lustiger_942292_3382.html\">le cardinal Lustiger <em>[1926-2007]<\/em>, un juif devenu catholique<\/a> \u2013 est ensuite all\u00e9 plus loin. A Rome, puis \u00e0 J\u00e9rusalem, il a fait acte de repentance pour l\u2019antijuda\u00efsme des chr\u00e9tiens au cours des si\u00e8cles. Il a \u00e9galement reconnu une forme de primog\u00e9niture g\u00e9n\u00e9alogique du juda\u00efsme par rapport au christianisme. Les juifs, a-t-il dit, sont <a href=\"https:\/\/www.lemonde.fr\/archives\/article\/1987\/08\/25\/apres-sa-rencontre-avec-m-kurt-waldheim-le-pape-tente-de-rassurer-la-communaute-juive-americaine_4043649_1819218.html\">\u00ab\u00a0nos\u00a0fr\u00e8res a\u00een\u00e9s dans la foi\u00a0\u00bb<\/a>.<\/p>\n<p class=\"article__paragraph \">L\u2019Eglise consid\u00e8re d\u00e9sormais que la Nouvelle Alliance que Dieu a conclue avec elle n\u2019est pas venue se substituer, mais s\u2019ajouter \u00e0 l\u2019Ancienne Alliance jadis nou\u00e9e avec Isra\u00ebl, laquelle n\u2019est nullement devenue caduque. Cette \u00e9volution th\u00e9ologique permet aujourd\u2019hui des \u00e9changes et des rapprochements fraternels entre savants et responsables des deux religions, totalement inimaginables il y a seulement quelques d\u00e9cennies. Je suis donc assez optimiste\u00a0: juifs et chr\u00e9tiens, dans le respect de leurs diff\u00e9rences, sont en train de red\u00e9couvrir la relation familiale qui les lie.<\/p>\n<section class=\"catcher catcher--reference js-catcher\">\n<p class=\"catcher__desc\"><span class=\"catcher__label\">\u00ab\u00a0L\u2019Impossible substitution. Juifs et chr\u00e9tiens (Ier-IIIe\u200asi\u00e8cles)\u00a0\u00bb, Jean-Miguel Garrigues, Les Belles Lettres, 2023.<\/span><\/p>\n<\/section>\n<section class=\"author\">\n<p class=\"article__author-container\"><span class=\"author__detail\"><a class=\"article__author-link\" href=\"\/signataires\/cyprien-mycinski\/\"> <span class=\"author__name\">Cyprien Mycinski<\/span><\/a><\/span><\/p>\n<\/section>\n<section class=\"article__reactions\">\n<section id=\"js-paywall-comments\" class=\"paywall__comments\">\n<header class=\"paywall__comments-header\"><\/header>\n<section class=\"paywall__comments-btn\">\n<section class=\"paywall__comments-subscribe\"><a href=\"https:\/\/www.lemonde.fr\/le-monde-des-religions\/article\/2024\/01\/07\/jean-miguel-garrigues-theologien-dans-l-eglise-primitive-est-nee-une-doctrine-qui-a-genere-des-siecles-de-souffrances-pour-les-juifs-dans-le-monde-chretien_6209496_6038514.html\">LE MONDE<\/a><\/section>\n<\/section>\n<section><\/section>\n<h2><a title=\"\u0627\u0644\u0644\u0627\u0647\u0648\u062a\u064a \u062c\u0627\u0646 \u0645\u064a\u063a\u064a\u0644 \u063a\u0627\u0631\u064a\u063a: \u201c\u0639\u0642\u0627\u0626\u062f \u0627\u0644\u0643\u0646\u064a\u0633\u0629 \u0627\u0644\u0623\u0648\u0644\u0649 \u0648\u0644\u0651\u062f\u062a \u0642\u0631\u0648\u0646\u064b\u0627 \u0645\u0646 \u0627\u0644\u0645\u0639\u0627\u0646\u0627\u0629 \u0644\u0644\u064a\u0647\u0648\u062f \u0641\u064a \u0627\u0644\u0639\u0627\u0644\u0645 \u0627\u0644\u0645\u0633\u064a\u062d\u064a\u201d\" href=\"https:\/\/middleeasttransparent.com\/ar\/%d8%a7%d9%84%d9%84%d8%a7%d9%87%d9%88%d8%aa%d9%8a-%d8%ac%d8%a7%d9%86-%d9%85%d9%8a%d8%ba%d9%8a%d9%84-%d8%ba%d8%a7%d8%b1%d9%8a%d8%ba-%d8%b9%d9%82%d8%a7%d8%a6%d8%af-%d8%a7%d9%84%d9%83%d9%86%d9%8a%d8%b3\/\">\u0628\u064a\u064a\u0627\u0631 \u0639\u0642\u0644: \u0627\u0644\u0644\u0627\u0647\u0648\u062a\u064a \u062c\u0627\u0646 \u0645\u064a\u063a\u064a\u0644 \u063a\u0627\u0631\u064a\u063a: \u201c\u0639\u0642\u0627\u0626\u062f \u0627\u0644\u0643\u0646\u064a\u0633\u0629 \u0627\u0644\u0623\u0648\u0644\u0649 \u0648\u0644\u0651\u062f\u062a \u0642\u0631\u0648\u0646\u064b\u0627 \u0645\u0646 \u0627\u0644\u0645\u0639\u0627\u0646\u0627\u0629 \u0644\u0644\u064a\u0647\u0648\u062f \u0641\u064a \u0627\u0644\u0639\u0627\u0644\u0645 \u0627\u0644\u0645\u0633\u064a\u062d\u064a\u201d<\/a>\u00a0<span class=\"author-posts\"> \u00a0<\/span><\/h2>\n<section class=\"paywall__comments-close\"><\/section>\n<\/section>\n<\/section>\n<\/article>\n<\/section>\n","protected":false},"excerpt":{"rendered":"<p>Dans un entretien au \u00ab Monde \u00bb, le th\u00e9ologien Jean-Miguel Garrigues analyse la scission progressive entre le mouvement lanc\u00e9 par les disciples de J\u00e9sus et le juda\u00efsme. Il passe au crible une th\u00e9orie qui a nourri l\u2019hostilit\u00e9 des chr\u00e9tiens \u00e0 l\u2019\u00e9gard des juifs au moins jusqu\u2019au XX\u1d49 si\u00e8cle : la \u00ab doctrine de la substitution<\/p>\n","protected":false},"author":134,"featured_media":119459,"comment_status":"open","ping_status":"open","sticky":false,"template":"","format":"standard","meta":{"_uf_show_specific_survey":0,"_uf_disable_surveys":false,"footnotes":""},"categories":[22],"tags":[],"class_list":{"0":"post-119367","1":"post","2":"type-post","3":"status-publish","4":"format-standard","5":"has-post-thumbnail","7":"category-actualites-fr"},"aioseo_notices":[],"_links":{"self":[{"href":"https:\/\/middleeasttransparent.com\/fr\/wp-json\/wp\/v2\/posts\/119367","targetHints":{"allow":["GET"]}}],"collection":[{"href":"https:\/\/middleeasttransparent.com\/fr\/wp-json\/wp\/v2\/posts"}],"about":[{"href":"https:\/\/middleeasttransparent.com\/fr\/wp-json\/wp\/v2\/types\/post"}],"author":[{"embeddable":true,"href":"https:\/\/middleeasttransparent.com\/fr\/wp-json\/wp\/v2\/users\/134"}],"replies":[{"embeddable":true,"href":"https:\/\/middleeasttransparent.com\/fr\/wp-json\/wp\/v2\/comments?post=119367"}],"version-history":[{"count":0,"href":"https:\/\/middleeasttransparent.com\/fr\/wp-json\/wp\/v2\/posts\/119367\/revisions"}],"wp:featuredmedia":[{"embeddable":true,"href":"https:\/\/middleeasttransparent.com\/fr\/wp-json\/wp\/v2\/media\/119459"}],"wp:attachment":[{"href":"https:\/\/middleeasttransparent.com\/fr\/wp-json\/wp\/v2\/media?parent=119367"}],"wp:term":[{"taxonomy":"category","embeddable":true,"href":"https:\/\/middleeasttransparent.com\/fr\/wp-json\/wp\/v2\/categories?post=119367"},{"taxonomy":"post_tag","embeddable":true,"href":"https:\/\/middleeasttransparent.com\/fr\/wp-json\/wp\/v2\/tags?post=119367"}],"curies":[{"name":"wp","href":"https:\/\/api.w.org\/{rel}","templated":true}]}}