{"id":11767,"date":"2016-05-04T16:24:25","date_gmt":"2016-05-04T15:24:25","guid":{"rendered":"http:\/\/middleeasttransparent.com\/?p=11767"},"modified":"2016-05-04T16:24:25","modified_gmt":"2016-05-04T15:24:25","slug":"il-y-a-80-ans-le-front-populaire-inventait-le-sport-populaire","status":"publish","type":"post","link":"https:\/\/middleeasttransparent.com\/fr\/il-y-a-80-ans-le-front-populaire-inventait-le-sport-populaire\/","title":{"rendered":"Il y a 80 ans, le Front populaire inventait le sport&#8230;\u00a0populaire"},"content":{"rendered":"<h1 class=\"tt2\"><span class=\"signature_article\">\u00a0<span class=\"auteur txt2_120\"><a class=\"auteur\" href=\"http:\/\/www.lemonde.fr\/journaliste\/adrien-pecout\/\" target=\"_blank\">Adrien P\u00e9cout<\/a><\/span><\/span><\/h1>\n<div id=\"articleBody\" class=\"contenu_article js_article_body\">\n<h2 class=\"taille_courante\">Des lendemains qui chantent et des ministres qui parlent \u00e0 la radio\u200a: 1936, ann\u00e9e du Front \u00adpopulaire. Entre deux refrains de Tino Rossi ou de Ray Ventura, le socialiste L\u00e9o Lagrange prend le micro\u200a: <em>\u00ab\u200aDans les sports, nous devons<a class=\"lien_interne conjug\" title=\"Conjugaison du verbe choisir\" href=\"http:\/\/conjugaison.lemonde.fr\/conjugaison\/deuxieme-groupe\/choisir\/\" target=\"_blank\">choisir<\/a> entre deux conceptions diff\u00e9rentes.\u200a\u00bb<\/em><\/h2>\n<p>Pour le nouveau sous-secr\u00e9taire d\u2019Etat, pas question de <a class=\"lien_interne conjug\" title=\"Conjugaison du verbe favoriser\" href=\"http:\/\/conjugaison.lemonde.fr\/conjugaison\/premier-groupe\/favoriser\/\" target=\"_blank\">favoriser<\/a> le \u00ab\u200a<a class=\"lien_interne rub\" title=\"Toute l\u2019actualit\u00e9 sport\" href=\"http:\/\/www.lemonde.fr\/sport\/\">sport<\/a>-spectacle\u200a\u00bb, <em>\u00ab\u200ala pratique de sports restreints \u00e0 un nombre relativement petit de privil\u00e9gi\u00e9s\u200a\u00bb.<\/em> Bien au contraire, clame-t-il aux auditeurs de \u00ab\u200aLa Voix de <a class=\"lien_interne rub\" title=\"Toute l\u2019actualit\u00e9 Paris\" href=\"http:\/\/www.lemonde.fr\/paris\/\">Paris<\/a>\u200a\u00bb, le 10 \u200ajuin de cette ann\u00e9e-l\u00e0\u200a: <em>\u00ab\u200ac\u2019est du c\u00f4t\u00e9 des masses qu\u2019il faut <a class=\"lien_interne conjug\" title=\"Conjugaison du verbe porter\" href=\"http:\/\/conjugaison.lemonde.fr\/conjugaison\/premier-groupe\/porter\/\" target=\"_blank\">porter<\/a> le plus grand effort\u200a\u00bb.<\/em><\/p>\n<div id=\"ayl_lemonde_ayl_6e6a53094b76de698794c2cdf89da566\" class=\"ayl_v_ckr_b\">\n<div>\u00a0Il y a quatre-vingts ans presque jour pour jour, le 3\u200amai 1936, le Front populaire remporte les \u00e9lections l\u00e9gislatives. De cette alliance in\u00e9dite entre socialistes, communistes et radicaux na\u00eet, entre autres innovations, le sous-secr\u00e9tariat d\u2019Etat aux sports et \u00e0 l\u2019organisation des <a class=\"lien_interne rub\" title=\"Toute l\u2019actualit\u00e9 loisirs\" href=\"http:\/\/www.lemonde.fr\/loisirs\/\">loisirs<\/a>.<\/div>\n<\/div>\n<p>Son responsable, L\u00e9o Lagrange, d\u00e9put\u00e9 du Nord dont le nom orne encore le fronton de nombreux stades en <a class=\"lien_interne rub\" title=\"Toute l\u2019actualit\u00e9 France\" href=\"http:\/\/www.lemonde.fr\/europeennes-france\/\">France<\/a>, plaide pour le <a class=\"lien_interne rub\" title=\"Toute l\u2019actualit\u00e9 d\u00e9veloppement\" href=\"http:\/\/www.lemonde.fr\/developpement\/\">d\u00e9veloppement<\/a> d\u2019une <a class=\"lien_interne rub\" title=\"Toute l\u2019actualit\u00e9 politique\" href=\"http:\/\/www.lemonde.fr\/politique\/\">politique<\/a> publique du <a class=\"lien_interne rub\" title=\"Toute l\u2019actualit\u00e9 sport\" href=\"http:\/\/www.lemonde.fr\/afrique-sport\/\">sport<\/a>. Dit autrement, pour des <em>\u00ab\u200aloisirs sportifs, loisirs touristiques, loisirs culturels o\u00f9 doivent s\u2019associer et se <a class=\"lien_interne conjug\" title=\"Conjugaison du verbe compl\u00e9ter\" href=\"http:\/\/conjugaison.lemonde.fr\/conjugaison\/premier-groupe\/compl%C3%A9ter\/\" target=\"_blank\">compl\u00e9ter<\/a> les joies du stade, les joies de la promenade, du camping, du <a class=\"lien_interne rub\" title=\"Toute l\u2019actualit\u00e9 voyage\" href=\"http:\/\/www.lemonde.fr\/m-voyage\/\">voyage<\/a>, les joies des spectacles et des f\u00eates\u200a\u00bb<\/em>.<\/p>\n<h2 class=\"intertitre\">\u00ab\u00a0L\u2019ouvrier, le paysan et le ch\u00f4meur\u00a0\u00bb<\/h2>\n<p>Trilogie r\u00eav\u00e9e, selon cet avocat de <a class=\"lien_interne rub\" title=\"Toute l\u2019actualit\u00e9 formation\" href=\"http:\/\/www.lemonde.fr\/formation\/\">formation<\/a>, pour<em> \u00ab\u200aque l\u2019ouvrier, le paysan et le ch\u00f4meur trouvent dans le loisir la joie de <a class=\"lien_interne conjug\" title=\"Conjugaison du verbe vivre\" href=\"http:\/\/conjugaison.lemonde.fr\/conjugaison\/troisieme-groupe\/vivre\/\" target=\"_blank\">vivre<\/a> et le sens de leur \u00addignit\u00e9\u200a\u00bb.<\/em> Et, avec eux, toute cette jeunesse qui s\u2019ankylose par <em>\u00ab\u200amanque de terrains et de stades, manque d\u2019instructeurs et d\u2019entra\u00eeneurs, manque de temps<\/em> (\u2026),<em> frais trop \u00e9lev\u00e9s\u200a\u00bb<\/em>\u2026<\/p>\n<p>De belles paroles, et voil\u00e0 tout\u200a? En deux ans d\u2019exercice, le Front populaire aura tout de m\u00eame eu le temps d\u2019en <a class=\"lien_interne conjug\" title=\"Conjugaison du verbe mettre\" href=\"http:\/\/conjugaison.lemonde.fr\/conjugaison\/troisieme-groupe\/mettre\/\" target=\"_blank\">mettre<\/a> certaines en application. Rattach\u00e9e au minist\u00e8re de la sant\u00e9 publique, \u00adl\u2019administration Lagrange se livre d\u2019embl\u00e9e \u00e0 un \u00adinventaire national pour <a class=\"lien_interne conjug\" title=\"Conjugaison du verbe prendre\" href=\"http:\/\/conjugaison.lemonde.fr\/conjugaison\/troisieme-groupe\/prendre\/\" target=\"_blank\">prendre<\/a> la mesure des \u00e9quipements sportifs d\u00e9j\u00e0 existants \u2013 et des in\u00e9galit\u00e9s territoriales qui pourraient en <a class=\"lien_interne conjug\" title=\"Conjugaison du verbe r\u00e9sulter\" href=\"http:\/\/conjugaison.lemonde.fr\/conjugaison\/premier-groupe\/r%C3%A9sulter\/\" target=\"_blank\">r\u00e9sulter<\/a>.<\/p>\n<p>Le point de d\u00e9part pour le financement de 21 \u00ab\u200aparcs des sports\u200a\u00bb, 33 \u00ab\u200abassins de <a class=\"lien_interne rub\" title=\"Toute l\u2019actualit\u00e9 natation\" href=\"http:\/\/www.lemonde.fr\/natation\/\">natation<\/a> couverts\u200a\u00bb, 186 \u00ab\u200aterrains de jeux am\u00e9nag\u00e9s\u200a\u00bb et 892 \u00ab\u200aterrains de <a class=\"lien_interne rub\" title=\"Toute l\u2019actualit\u00e9 jeux\" href=\"http:\/\/www.lemonde.fr\/jeux\/\">jeux<\/a> simples\u200a\u00bb, d\u2019apr\u00e8s les d\u00e9comptes de l\u2019historien Pascal Ory (<em>La Belle Illusion<\/em>, CNRS, 1 040 p., 17\u200aeuros).<\/p>\n<p>A l\u2019heure o\u00f9 le <a class=\"lien_interne rub\" title=\"Toute l\u2019actualit\u00e9 football\" href=\"http:\/\/www.lemonde.fr\/football\/\">football<\/a> professionnel est balbutiant (1932) et o\u00f9 la France s\u2019appr\u00eate \u00e0 <a class=\"lien_interne conjug\" title=\"Conjugaison du verbe organiser\" href=\"http:\/\/conjugaison.lemonde.fr\/conjugaison\/premier-groupe\/organiser\/\" target=\"_blank\">organiser<\/a> la Coupe du <a class=\"lien_interne rub\" title=\"Toute l\u2019actualit\u00e9 monde\" href=\"http:\/\/www.lemonde.fr\/afrique-monde\/\">monde<\/a> (1938), toujours le m\u00eame leitmotiv\u200a: ne pas <a class=\"lien_interne conjug\" title=\"Conjugaison du verbe accorder\" href=\"http:\/\/conjugaison.lemonde.fr\/conjugaison\/premier-groupe\/accorder\/\" target=\"_blank\">accorder<\/a> de <em>\u00ab\u200acr\u00e9dit\u200a\u00bb<\/em>gouvernemental<em> \u00ab\u200apour les stades o\u00f9 50\u200a000\u00a0spectateurs contemplent 20 ou 30 acteurs\u200a\u00bb<\/em>, mais plut\u00f4t favoriser la pratique du plus grand nombre gr\u00e2ce \u00e0 des infrastructures mieux r\u00e9parties et de moindres dimensions.<\/p>\n<h2 class=\"intertitre\">24 millions d\u2019anciens francs pour les \u00e9quipements<\/h2>\n<p>Les subventions de l\u2019Etat pour le financement des \u00e9quipements sportifs passent ainsi de 4\u00a0millions d\u2019anciens francs en\u00a01935 (l\u2019\u00e9quivalent de 3\u200amillions d\u2019euros) \u00e0 24\u00a0millions lors de l\u2019\u00e9lection du Front populaire, rel\u00e8vent les historiens Patrick Clastres et Paul Dietschy dans <em>Sport, soci\u00e9t\u00e9 et <a class=\"lien_interne rub\" title=\"Toute l\u2019actualit\u00e9 culture\" href=\"http:\/\/www.lemonde.fr\/culture\/\">culture<\/a> en France du XIX<sup>e<\/sup>\u200asi\u00e8cle \u00e0 nos jours <\/em>(Hachette, 2006)<em>.<\/em><\/p>\n<p>Le programme s\u2019inspire de celui qui avait \u00e9t\u00e9 dress\u00e9 avant les l\u00e9gislatives par la F\u00e9d\u00e9ration sportive et gymnique du <a class=\"lien_interne rub\" title=\"Toute l\u2019actualit\u00e9 travail\" href=\"http:\/\/www.lemonde.fr\/travail\/\">travail<\/a> (FSGT). Dans un esprit d\u2019unit\u00e9 qui pr\u00e9figure le Front populaire, cette organisation rassemble sportifs communistes et socialistes depuis d\u00e9cembre\u00a01934. Et se propose de <a class=\"lien_interne conjug\" title=\"Conjugaison du verbe travailler\" href=\"http:\/\/conjugaison.lemonde.fr\/conjugaison\/premier-groupe\/travailler\/\" target=\"_blank\">travailler<\/a> \u00e0 <em>\u00ab\u200al\u2019introduction<\/em> (\u2026)<em> de m\u00e9thodes et de moyens qui ne serviront que l\u2019int\u00e9r\u00eat g\u00e9n\u00e9ral du pays et la cause sportive\u200a\u00bb<\/em>.<\/p>\n<p>Le gouvernement de L\u00e9on Blum dispose aussi d\u2019autres outils que la truelle des chantiers. D\u00e8s juin\u00a01936, une premi\u00e8re s\u00e9rie de lois contribue \u00e0 la conqu\u00eate du temps libre. R\u00e9duction du temps de travail \u00e0 40\u00a0heures hebdomadaires, \u00e9tablissement des cong\u00e9s pay\u00e9s, puis nationalisation des chemins de fer avec tarifs r\u00e9duits\u200a: les casquettes des ouvriers peuvent enfin <a class=\"lien_interne conjug\" title=\"Conjugaison du verbe voir\" href=\"http:\/\/conjugaison.lemonde.fr\/conjugaison\/troisieme-groupe\/voir\/\" target=\"_blank\">voir<\/a> du pays, <a class=\"lien_interne conjug\" title=\"Conjugaison du verbe partir\" href=\"http:\/\/conjugaison.lemonde.fr\/conjugaison\/troisieme-groupe\/partir\/\" target=\"_blank\">partir<\/a><em>\u00ab\u200ade bon matin <\/em>(\u2026)<em> \u00e0 bicyclette\u200a\u00bb,<\/em> ainsi que le chantera Montand, ou <a class=\"lien_interne conjug\" title=\"Conjugaison du verbe danser\" href=\"http:\/\/conjugaison.lemonde.fr\/conjugaison\/premier-groupe\/danser\/\" target=\"_blank\">danser<\/a> dans les guinguettes.<\/p>\n<p>Ce souci de d\u00e9mocratisation entra\u00eene aussi la cr\u00e9ation du Brevet sportif populaire. Ouvert aux jeunes gens, l\u2019examen se compose d\u2019<em>\u00ab\u200a\u00e9preuves simples et accessibles aux filles et aux gar\u00e7ons (course, saut, <a class=\"lien_interne conjug\" title=\"Conjugaison du verbe grimper\" href=\"http:\/\/conjugaison.lemonde.fr\/conjugaison\/premier-groupe\/grimper\/\" target=\"_blank\">grimper<\/a>)\u200a\u00bb<\/em>, d\u00e9crivent Clastres et Dietschy. En\u00a01937, 400\u200a000\u00a0candidats se pr\u00eatent d\u00e9j\u00e0 \u00e0 l\u2019exercice. Leur r\u00e9compense\u200a: un dipl\u00f4me et une m\u00e9daille qui consacrent leurs aptitudes aux activit\u00e9s physiques et sportives.<\/p>\n<h2 class=\"intertitre\">Abstention communiste<\/h2>\n<p>Dans cette France sous la menace d\u2019un second conflit mondial, L\u00e9o Lagrange pr\u00e9cise son propos. Toute la nuance \u00e9tant dans l\u2019adjectif\u200a: <em>\u00ab\u200aNous ne voulons pas que notre action ait pour seul objet de mettre dans les mains de nos jeunes un fusil. C\u2019est en messager de la vie et non pas de la mort que nous voulons nous <a class=\"lien_interne conjug\" title=\"Conjugaison du verbe pr\u00e9senter\" href=\"http:\/\/conjugaison.lemonde.fr\/conjugaison\/premier-groupe\/pr%C3%A9senter\/\" target=\"_blank\">pr\u00e9senter<\/a>.\u200a\u00bb<\/em><\/p>\n<p>M\u00eame sur les terrains de sport, l\u2019imminence de la seconde guerre mondiale rattrape la dynamique du Front populaire. En\u00a01936, la FSGT m\u00e8ne campagne contre la tenue des <a class=\"lien_interne rub\" title=\"Toute l\u2019actualit\u00e9 Jeux olympiques\" href=\"http:\/\/www.lemonde.fr\/jeux-olympiques\/\">Jeux olympiques<\/a>d\u2019\u00e9t\u00e9 \u00e0 Berlin. Le 9\u00a0juillet, le Parlement \u00adfinit par <a class=\"lien_interne conjug\" title=\"Conjugaison du verbe voter\" href=\"http:\/\/conjugaison.lemonde.fr\/conjugaison\/premier-groupe\/voter\/\" target=\"_blank\">voter<\/a> en faveur d\u2019une subvention aux sportifs en partance, le mois suivant, pour l\u2019<a class=\"lien_interne rub\" title=\"Toute l\u2019actualit\u00e9 Allemagne\" href=\"http:\/\/www.lemonde.fr\/allemagne\/\">Allemagne<\/a> nazie\u2026 Dans l\u2019h\u00e9micycle, 528\u00a0voix \u00ab\u200apour\u200a\u00bb, dont celles des socialistes. Les \u00e9lus \u00adcommunistes pr\u00e9f\u00e8rent s\u2019abstenir. Et seul un d\u00e9put\u00e9 vote \u00ab\u200acontre\u200a\u00bb\u200a: le radical Pierre Mend\u00e8s France, futur r\u00e9sistant puis pr\u00e9sident du conseil sous la IV<sup>e\u00a0<\/sup>R\u00e9publique.<\/p>\n<p>Le m\u00eame \u00e9t\u00e9, le contre-<a class=\"lien_interne rub\" title=\"Toute l\u2019actualit\u00e9 projet\" href=\"http:\/\/www.lemonde.fr\/projet\/\">projet<\/a> de l\u2019Olimpiada popular de Barcelone \u00e9choue au dernier moment. Impuls\u00e9e par l\u2019Internationale rouge sportive (communiste), cette alternative aux Jeux officiels se heurte au d\u00e9but du putsch militaire de Franco. Avec huit d\u00e9cennies de recul, d\u2019aucuns verront aujourd\u2019hui dans ce dessein une all\u00e9gorie du Front populaire. Voire un reflet de ses propres limites.<\/p>\n<p><em>\u00ab\u200aLe r\u00e9gime liberticide de Vichy a ensuite donn\u00e9 du plomb dans l\u2019aile aux politiques du Front \u00adpopulaire\u200a\u00bb<\/em>, euph\u00e9mise le sociologue Jean-Paul Call\u00e8de, charg\u00e9 de recherche au CNRS. On n\u2019en observe pas moins de nos jours une revendication de l\u2019h\u00e9ritage de L\u00e9o Lagrange, <em>\u00ab\u200a\u00e0 gauche comme \u00e0 droite\u200a\u00bb<\/em>, rel\u00e8ve Marianne Lassus, membre du Comit\u00e9 d\u2019<a class=\"lien_interne rub\" title=\"Toute l\u2019actualit\u00e9 histoire\" href=\"http:\/\/www.lemonde.fr\/histoire\/\">histoire<\/a> des minist\u00e8res charg\u00e9s de la jeunesse et des sports.<\/p>\n<h2 class=\"intertitre\">\u00ab\u00a0Vecteur d\u2019\u00e9mancipation\u00a0\u00bb<\/h2>\n<p><em>\u00ab\u200aNous nous inscrivons compl\u00e8tement dans l\u2019id\u00e9e qu\u2019il faut prendre le sport comme un vecteur d\u2019\u00e9mancipation et de lien <a class=\"lien_interne rub\" title=\"Toute l\u2019actualit\u00e9 social\" href=\"http:\/\/www.lemonde.fr\/social\/\">social<\/a>\u200a\u00bb,<\/em> assure ainsi au <em>Monde <\/em>Thierry Braillard, membre du Parti radical de gauche, et secr\u00e9taire d\u2019Etat aux sports depuis 2014. Celui-ci cite notamment la perspective, pour les m\u00e9decins, de <a class=\"lien_interne conjug\" title=\"Conjugaison du verbe prescrire\" href=\"http:\/\/conjugaison.lemonde.fr\/conjugaison\/troisieme-groupe\/prescrire\/\" target=\"_blank\">prescrire<\/a> du sport sur ordonnance \u00e0 leurs patients.<\/p>\n<p><em>\u00ab\u200aDire qu\u2019une licence sportive remplace une bonne liste de m\u00e9dicaments correspond clairement aux fondamentaux du Front populaire<em>\u200a<\/em>\u00bb<\/em>, appuie Yann Lasnier, secr\u00e9taire g\u00e9n\u00e9ral de la F\u00e9d\u00e9ration L\u00e9o-Lagrange, cr\u00e9\u00e9e en\u00a01950 et d\u00e9sormais dirig\u00e9e par le pr\u00e9sident du groupe socialiste \u00e0 l\u2019Assembl\u00e9e, Bruno Le Roux.<\/p>\n<p>Comme s\u2019il s\u2019agissait d\u2019une entreprise, le sport professionnel a pourtant acquis une importance croissante au gr\u00e9 des d\u00e9cennies\u2026 et au d\u00e9triment du sport pour tous. <em>\u00ab\u200aIl faut s\u2019adapter \u00e0 la soci\u00e9t\u00e9\u200a\u00bb, <\/em>justifie Thierry Braillard lorsqu\u2019il d\u00e9fend son rapport destin\u00e9 \u00e0 accro\u00eetre<em> \u00ab\u200ala comp\u00e9titivit\u00e9\u200a\u00bb <\/em>de ce secteur.<\/p>\n<p>Si la F\u00e9d\u00e9ration sportive et gymnique du travail appr\u00e9cie \u00e0 pr\u00e9sent une <em>\u00ab\u200ar\u00e9elle d\u00e9mocratisation des activit\u00e9s physiques et sportives en France\u200a\u00bb<\/em>, elle regrette aussi les menaces qui p\u00e8sent sur le sport pour tous. Sa copr\u00e9sidente, Lydia Martins Viana, d\u00e9nonce l\u2019id\u00e9e d\u2019un sport r\u00e9duit<em> \u00ab\u200aaux questions de sant\u00e9\u200a\u00bb <\/em>et d\u00e9pourvu de r\u00e9flexion sur sa dimension culturelle. Ou bien pens\u00e9 comme<em>\u00ab\u200aun divertissement pour ceux qui en auront les moyens\u200a\u00bb<\/em>, dans un <a class=\"lien_interne rub\" title=\"Toute l\u2019actualit\u00e9 contexte\" href=\"http:\/\/www.lemonde.fr\/contexte\/\">contexte<\/a> o\u00f9 se<em> \u00ab\u200arar\u00e9fient\u200a\u00bb<\/em> les dotations de l\u2019Etat aux collectivit\u00e9s territoriales.<\/p>\n<p><em>\u00ab\u200aTel que le sport professionnel existe aujour\u00add\u2019hui<\/em>, poursuit la dirigeante,<em> l\u2019argent semble <a class=\"lien_interne conjug\" title=\"Conjugaison du verbe \u00eatre\" href=\"http:\/\/conjugaison.lemonde.fr\/conjugaison\/auxiliaire\/%C3%AAtre\/\" target=\"_blank\">\u00eatre<\/a> devenu une fin au lieu d\u2019\u00eatre un moyen, ce qui explique une vraie rupture entre les pratiques quotidiennes de la <a class=\"lien_interne rub\" title=\"Toute l\u2019actualit\u00e9 population\" href=\"http:\/\/www.lemonde.fr\/demographie\/\">population<\/a> et le sport-spectacle.\u200a\u00bb <\/em>\u00adCelui-l\u00e0 m\u00eame dont L\u00e9o Lagrange, d\u00e9cid\u00e9ment visionnaire, parlait d\u00e9j\u00e0 un jour de juin\u00a01936.<\/p>\n<p class=\"reference\"><em>A <a class=\"lien_interne conjug\" title=\"Conjugaison du verbe lire\" href=\"http:\/\/conjugaison.lemonde.fr\/conjugaison\/troisieme-groupe\/lire\/\" target=\"_blank\">lire<\/a> \u00ab\u200a1936\u200a\u00bb, un hors-s\u00e9rie du \u00ab\u200aMonde\u200a\u00bb consacr\u00e9 au Front populaire, 98\u00a0pages, 8,5\u00a0euros. En kiosques.<\/em><\/p>\n<\/div>\n<p><a href=\"http:\/\/www.lemonde.fr\/sport\/article\/2016\/04\/28\/le-sport-sous-le-front-populaire_4910593_3242.html\">LE MONDE\u00a0\u00a0<\/a><\/p>\n","protected":false},"excerpt":{"rendered":"<p>\u00a0Adrien P\u00e9cout Des lendemains qui chantent et des ministres qui parlent \u00e0 la radio\u200a: 1936, ann\u00e9e du Front \u00adpopulaire. Entre deux refrains de Tino Rossi ou de Ray Ventura, le socialiste L\u00e9o Lagrange prend le micro\u200a: \u00ab\u200aDans les sports, nous devonschoisir entre deux conceptions diff\u00e9rentes.\u200a\u00bb Pour le nouveau sous-secr\u00e9taire d\u2019Etat, pas question de favoriser le<\/p>\n","protected":false},"author":134,"featured_media":11768,"comment_status":"open","ping_status":"open","sticky":false,"template":"","format":"standard","meta":{"_uf_show_specific_survey":0,"_uf_disable_surveys":false,"footnotes":""},"categories":[361],"tags":[],"class_list":{"0":"post-11767","1":"post","2":"type-post","3":"status-publish","4":"format-standard","5":"has-post-thumbnail","7":"category-sport-international"},"aioseo_notices":[],"_links":{"self":[{"href":"https:\/\/middleeasttransparent.com\/fr\/wp-json\/wp\/v2\/posts\/11767","targetHints":{"allow":["GET"]}}],"collection":[{"href":"https:\/\/middleeasttransparent.com\/fr\/wp-json\/wp\/v2\/posts"}],"about":[{"href":"https:\/\/middleeasttransparent.com\/fr\/wp-json\/wp\/v2\/types\/post"}],"author":[{"embeddable":true,"href":"https:\/\/middleeasttransparent.com\/fr\/wp-json\/wp\/v2\/users\/134"}],"replies":[{"embeddable":true,"href":"https:\/\/middleeasttransparent.com\/fr\/wp-json\/wp\/v2\/comments?post=11767"}],"version-history":[{"count":0,"href":"https:\/\/middleeasttransparent.com\/fr\/wp-json\/wp\/v2\/posts\/11767\/revisions"}],"wp:featuredmedia":[{"embeddable":true,"href":"https:\/\/middleeasttransparent.com\/fr\/wp-json\/wp\/v2\/media\/11768"}],"wp:attachment":[{"href":"https:\/\/middleeasttransparent.com\/fr\/wp-json\/wp\/v2\/media?parent=11767"}],"wp:term":[{"taxonomy":"category","embeddable":true,"href":"https:\/\/middleeasttransparent.com\/fr\/wp-json\/wp\/v2\/categories?post=11767"},{"taxonomy":"post_tag","embeddable":true,"href":"https:\/\/middleeasttransparent.com\/fr\/wp-json\/wp\/v2\/tags?post=11767"}],"curies":[{"name":"wp","href":"https:\/\/api.w.org\/{rel}","templated":true}]}}