{"id":11760,"date":"2016-05-04T16:10:59","date_gmt":"2016-05-04T15:10:59","guid":{"rendered":"http:\/\/middleeasttransparent.com\/?p=11760"},"modified":"2016-05-04T16:10:59","modified_gmt":"2016-05-04T15:10:59","slug":"les-locaux-de-la-federation-francaise-de-tennis-perquisitionnes","status":"publish","type":"post","link":"https:\/\/middleeasttransparent.com\/fr\/les-locaux-de-la-federation-francaise-de-tennis-perquisitionnes\/","title":{"rendered":"Les locaux de la F\u00e9d\u00e9ration fran\u00e7aise de tennis perquisitionn\u00e9s"},"content":{"rendered":"<div id=\"articleBody\" class=\"contenu_article js_article_body\">\n<h2 class=\"illustration_haut \">A quelques semaines du d\u00e9but de <a class=\"lien_interne rub\" title=\"Toute l\u2019actualit\u00e9 Roland-Garros\" href=\"http:\/\/www.lemonde.fr\/roland-garros\/\">Roland-Garros<\/a>, qui se d\u00e9roulera du 16\u00a0mai au 5\u00a0juin, la F\u00e9d\u00e9ration fran\u00e7aise de<a class=\"lien_interne rub\" title=\"Toute l\u2019actualit\u00e9 tennis\" href=\"http:\/\/www.lemonde.fr\/tennis\/\">tennis<\/a> (FFT) se serait bien pass\u00e9e de ce nouvel \u00e9pisode judiciaire. Alors que la direction du tournoi avait convoqu\u00e9 les<a class=\"lien_interne rub\" title=\"Toute l\u2019actualit\u00e9 m\u00e9dias\" href=\"http:\/\/www.lemonde.fr\/actualite-medias\/\">m\u00e9dias<\/a> mardi\u00a03\u00a0mai au matin pour la pr\u00e9sentation officielle de l\u2019\u00e9dition\u00a02016, on apprenait en fin d\u2019apr\u00e8s-midi que les locaux de la FFT, situ\u00e9s dans l\u2019enceinte du stade, avaient \u00e9t\u00e9 perquisitionn\u00e9s le m\u00eame jour.<\/h2>\n<p class=\"illustration_haut \"><em>\u00ab\u00a0Cette <a class=\"lien_interne rub\" title=\"Toute l\u2019actualit\u00e9 enqu\u00eate\" href=\"http:\/\/www.lemonde.fr\/enquetes\/\">enqu\u00eate<\/a> pr\u00e9liminaire, diligent\u00e9e par le procureur de la R\u00e9publique, ferait suite aux travaux de l\u2019inspection g\u00e9n\u00e9rale du minist\u00e8re de la ville, de la jeunesse et des sports qui ont \u00e9t\u00e9 largement \u00e9voqu\u00e9s dans la presse\u00a0\u00bb<\/em>, r\u00e9agit de fa\u00e7on succincte la FFT dans un communiqu\u00e9.<\/p>\n<p>Plus pr\u00e9cis\u00e9ment, cette perquisition s\u2019inscrit dans le cadre de l\u2019enqu\u00eate ouverte le 19\u00a0mars par le parquet national financier, portant sur des faits de d\u00e9tournement de biens et trafic d\u2019influence au sein de la FFT. Le signalement de l\u2019inspection g\u00e9n\u00e9rale de la jeunesse et des sports, rappelle le parquet, est relatif <em>\u00ab\u00a0\u00e0 l\u2019existence d\u2019un syst\u00e8me de revente occulte de billets \u00e0 l\u2019occasion du tournoi des Internationaux de <a class=\"lien_interne rub\" title=\"Toute l\u2019actualit\u00e9 France\" href=\"http:\/\/www.lemonde.fr\/europeennes-france\/\">France<\/a> et aux conditions d\u2019attribution du march\u00e9 de la r\u00e9novation et de l\u2019agrandissement du stade Roland-Garros\u00a0\u00bb<\/em>.<\/p>\n<figure class=\"illustration_haut \"><figcaption class=\"legende\" data-caption=\"Jean Gachassin, le pr\u00e9sident de la F\u00e9d\u00e9ration fran\u00e7aise de tennis, en avril\u00a02013.\"><img decoding=\"async\" class=\"lazy-retina\" title=\"PATRICK KOVARIK \/ AFP\" src=\"http:\/\/s1.lemde.fr\/image2x\/2016\/05\/03\/534x0\/4913106_6_2e7f_jean-gachassin-le-president-de-la_ced0a239cf062d9f6a3e596e3a8d9b6b.jpg\" alt=\"Jean Gachassin, le pr\u00e9sident de la F\u00e9d\u00e9ration fran\u00e7aise de tennis, en avril\u00a02013.\" width=\"534\" data-lazyload=\"false\" data-no-hd-src=\"http:\/\/s1.lemde.fr\/image\/2016\/05\/03\/534x0\/4913106_6_2e7f_jean-gachassin-le-president-de-la_ced0a239cf062d9f6a3e596e3a8d9b6b.jpg\" data-hd-src=\"http:\/\/s1.lemde.fr\/image2x\/2016\/05\/03\/534x0\/4913106_6_2e7f_jean-gachassin-le-president-de-la_ced0a239cf062d9f6a3e596e3a8d9b6b.jpg\" \/><\/figcaption><\/figure>\n<h2 class=\"intertitre\"><\/h2>\n<h2 class=\"intertitre\">Lettre de d\u00e9nonciation<\/h2>\n<p>L\u2019investigation avait \u00e9t\u00e9 lanc\u00e9e apr\u00e8s r\u00e9ception en\u00a02015 d\u2019une lettre de d\u00e9nonciation. Alert\u00e9, le minist\u00e8re des sports avait d\u00e9cid\u00e9, en septembre, d\u2019envoyer deux de ses inspecteurs g\u00e9n\u00e9raux<a class=\"lien_interne conjug\" title=\"Conjugaison du verbe interroger\" href=\"http:\/\/conjugaison.lemonde.fr\/conjugaison\/premier-groupe\/interroger\/\" target=\"_blank\">interroger<\/a> \u00e9lus et salari\u00e9s de la FFT. Au fil des mois et des entretiens, le duo a mis le doigt sur les frais de bouche exorbitants du pr\u00e9sident de la FFT, Jean Gachassin, et les deux <a class=\"lien_interne rub\" title=\"Toute l\u2019actualit\u00e9 voitures\" href=\"http:\/\/www.lemonde.fr\/voitures\/\">voitures<\/a> de fonction \u2013\u00a0une \u00e0 <a class=\"lien_interne rub\" title=\"Toute l\u2019actualit\u00e9 Paris\" href=\"http:\/\/www.lemonde.fr\/paris\/\">Paris<\/a> avec chauffeur, une \u00e0 son domicile de Bagn\u00e8res-de-Bigorre (Hautes-Pyr\u00e9n\u00e9es)\u00a0\u2013, dont sa femme profitait all\u00e9grement.<\/p>\n<p class=\"lire\">Lire aussi : \u00a0 <a href=\"http:\/\/www.lemonde.fr\/tennis\/article\/2016\/02\/18\/double-faute-a-la-federation-francaise-de-tennis_4867822_1616659.html\">Tennis : la F\u00e9d\u00e9ration fran\u00e7aise au bord de l\u2019implosion<\/a><\/p>\n<p>Les deux inspecteurs se sont aussi rendu compte que M.\u00a0Gachassin avait, pendant plusieurs ann\u00e9es, \u00e0 la t\u00eate de la ligue de <a class=\"lien_interne rub\" title=\"Toute l\u2019actualit\u00e9 Midi-Pyr\u00e9n\u00e9es\" href=\"http:\/\/www.lemonde.fr\/midi-pyrenees\/\">Midi-Pyr\u00e9n\u00e9es<\/a> puis de la f\u00e9d\u00e9ration, vendu par centaines, \u00e0 une agence de voyages de son Sud-Ouest natal tenue par un ami, les places pour Roland-Garros dont il b\u00e9n\u00e9ficiait. Agence qui en faisait ensuite un commerce lucratif, et emmenait par ailleurs r\u00e9guli\u00e8rement M.\u00a0Gachassin, ancien rugbyman, <a class=\"lien_interne conjug\" title=\"Conjugaison du verbe assister\" href=\"http:\/\/conjugaison.lemonde.fr\/conjugaison\/premier-groupe\/assister\/\" target=\"_blank\">assister<\/a> aux matchs du <a class=\"lien_interne rub\" title=\"Toute l\u2019actualit\u00e9 Tournoi des six nations\" href=\"http:\/\/www.lemonde.fr\/tournoi-des-6-nations\/\">Tournoi des six nations<\/a>, tous frais pay\u00e9s. Enfin, les inspecteurs ont appris que, en plein appel d\u2019offres pour les travaux de modernisation de Roland-Garros, M.\u00a0Gachassin partageait l\u2019ap\u00e9ritif avec un collaborateur de Vinci, l\u2019un des trois groupes en lice, qui sera finalement d\u00e9sign\u00e9.<\/p>\n<h2 class=\"intertitre\">\u00ab\u00a0Il faut <a class=\"lien_interne conjug\" title=\"Conjugaison du verbe arr\u00eater\" href=\"http:\/\/conjugaison.lemonde.fr\/conjugaison\/premier-groupe\/arr%C3%AAter\/\" target=\"_blank\">arr\u00eater<\/a> le fantasme\u00a0\u00bb<\/h2>\n<p><em>\u00ab\u00a0Il faut arr\u00eater le fantasme\u00a0\u00bb<\/em>, <a href=\"http:\/\/www.franceinfo.fr\/fil-info\/article\/trafic-de-billets-roland-garros-il-faut-arreter-le-fantasme-dit-l-avocat-de-jean-gachassin-787045\">a r\u00e9agi<\/a> <a href=\"http:\/\/www.franceinfo.fr\/fil-info\/article\/trafic-de-billets-roland-garros-il-faut-arreter-le-fantasme-dit-l-avocat-de-jean-gachassin-787045\">M<sup>e<\/sup>\u00a0Xavier Autain, l\u2019avocat de M.\u00a0Gachassin, aupr\u00e8s de France Info\u00a0<\/a>:<\/p>\n<blockquote class=\"citation\"><p><em>\u00ab\u00a0Jean Gachassin, comme tout dirigeant de f\u00e9d\u00e9ration, a droit \u00e0 un certain nombre de billets. Il ne les a pas utilis\u00e9s et a permis \u00e0 des tiers de les <a class=\"lien_interne conjug\" title=\"Conjugaison du verbe acheter\" href=\"http:\/\/conjugaison.lemonde.fr\/conjugaison\/premier-groupe\/acheter\/\" target=\"_blank\">acheter<\/a>, mais de les acheter directement\u00a0(\u2026). Les sommes ont \u00e9t\u00e9 directement encaiss\u00e9es par la f\u00e9d\u00e9ration.\u00a0\u00bb<\/em><\/p><\/blockquote>\n<p>L\u2019avocat a par ailleurs r\u00e9clam\u00e9 d\u2019avoir acc\u00e8s aux pi\u00e8ces du dossier.<\/p>\n<p><em>\u00ab\u00a0Le parquet national financier, assist\u00e9 de l\u2019Office central de lutte contre la corruption et les infractions financi\u00e8res et fiscales, a conduit ce jour plusieurs perquisitions au si\u00e8ge de la F\u00e9d\u00e9ration fran\u00e7aise de tennis, dans les bureaux de la soci\u00e9t\u00e9 Havas Voyages La D\u00e9p\u00eache \u00e0 Tarbes ainsi qu\u2019au domicile personnel du pr\u00e9sident de la FFT\u00a0\u00bb<\/em>, pr\u00e9cise le parquet, qui ajoute que <em>\u00ab\u00a0les op\u00e9rations men\u00e9es ont permis de <a class=\"lien_interne conjug\" title=\"Conjugaison du verbe saisir\" href=\"http:\/\/conjugaison.lemonde.fr\/conjugaison\/deuxieme-groupe\/saisir\/\" target=\"_blank\">saisir<\/a> des documents utiles \u00e0 l\u2019enqu\u00eate\u00a0\u00bb<\/em>.<\/p>\n<p>De son c\u00f4t\u00e9, la FFT fait <a class=\"lien_interne conjug\" title=\"Conjugaison du verbe savoir\" href=\"http:\/\/conjugaison.lemonde.fr\/conjugaison\/troisieme-groupe\/savoir\/\" target=\"_blank\">savoir<\/a> que<em> \u00ab\u00a0les \u00e9quipes de la F\u00e9d\u00e9ration, \u00e9lus et salari\u00e9s, collaborent pleinement avec les enqu\u00eateurs.<\/em> <em>La F\u00e9d\u00e9ration fran\u00e7aise de tennis n\u2019a pas de commentaire \u00e0<a class=\"lien_interne conjug\" title=\"Conjugaison du verbe faire\" href=\"http:\/\/conjugaison.lemonde.fr\/conjugaison\/troisieme-groupe\/faire\/\" target=\"_blank\">faire<\/a> \u00e0 ce stade de la proc\u00e9dure. Elle se r\u00e9serve de se <a class=\"lien_interne conjug\" title=\"Conjugaison du verbe constituer\" href=\"http:\/\/conjugaison.lemonde.fr\/conjugaison\/premier-groupe\/constituer\/\" target=\"_blank\">constituer<\/a> partie civile si des faits d\u00e9lictueux devaient <a class=\"lien_interne conjug\" title=\"Conjugaison du verbe \u00eatre\" href=\"http:\/\/conjugaison.lemonde.fr\/conjugaison\/auxiliaire\/%C3%AAtre\/\" target=\"_blank\">\u00eatre<\/a> r\u00e9v\u00e9l\u00e9s par l\u2019enqu\u00eate\u00a0\u00bb.<\/em><\/p>\n<\/div>\n<p><a href=\"http:\/\/www.lemonde.fr\/tennis\/article\/2016\/05\/03\/les-locaux-de-la-federation-francaise-de-tennis-perquisitionnes_4913108_1616659.html\">LE MONDE\u00a0<\/a><\/p>\n","protected":false},"excerpt":{"rendered":"<p>A quelques semaines du d\u00e9but de Roland-Garros, qui se d\u00e9roulera du 16\u00a0mai au 5\u00a0juin, la F\u00e9d\u00e9ration fran\u00e7aise detennis (FFT) se serait bien pass\u00e9e de ce nouvel \u00e9pisode judiciaire. Alors que la direction du tournoi avait convoqu\u00e9 lesm\u00e9dias mardi\u00a03\u00a0mai au matin pour la pr\u00e9sentation officielle de l\u2019\u00e9dition\u00a02016, on apprenait en fin d\u2019apr\u00e8s-midi que les locaux de<\/p>\n","protected":false},"author":134,"featured_media":11762,"comment_status":"open","ping_status":"open","sticky":false,"template":"","format":"standard","meta":{"_uf_show_specific_survey":0,"_uf_disable_surveys":false,"footnotes":""},"categories":[361],"tags":[],"class_list":{"0":"post-11760","1":"post","2":"type-post","3":"status-publish","4":"format-standard","5":"has-post-thumbnail","7":"category-sport-international"},"aioseo_notices":[],"_links":{"self":[{"href":"https:\/\/middleeasttransparent.com\/fr\/wp-json\/wp\/v2\/posts\/11760","targetHints":{"allow":["GET"]}}],"collection":[{"href":"https:\/\/middleeasttransparent.com\/fr\/wp-json\/wp\/v2\/posts"}],"about":[{"href":"https:\/\/middleeasttransparent.com\/fr\/wp-json\/wp\/v2\/types\/post"}],"author":[{"embeddable":true,"href":"https:\/\/middleeasttransparent.com\/fr\/wp-json\/wp\/v2\/users\/134"}],"replies":[{"embeddable":true,"href":"https:\/\/middleeasttransparent.com\/fr\/wp-json\/wp\/v2\/comments?post=11760"}],"version-history":[{"count":0,"href":"https:\/\/middleeasttransparent.com\/fr\/wp-json\/wp\/v2\/posts\/11760\/revisions"}],"wp:featuredmedia":[{"embeddable":true,"href":"https:\/\/middleeasttransparent.com\/fr\/wp-json\/wp\/v2\/media\/11762"}],"wp:attachment":[{"href":"https:\/\/middleeasttransparent.com\/fr\/wp-json\/wp\/v2\/media?parent=11760"}],"wp:term":[{"taxonomy":"category","embeddable":true,"href":"https:\/\/middleeasttransparent.com\/fr\/wp-json\/wp\/v2\/categories?post=11760"},{"taxonomy":"post_tag","embeddable":true,"href":"https:\/\/middleeasttransparent.com\/fr\/wp-json\/wp\/v2\/tags?post=11760"}],"curies":[{"name":"wp","href":"https:\/\/api.w.org\/{rel}","templated":true}]}}